{"id":461667,"date":"2025-10-14T06:01:13","date_gmt":"2025-10-14T06:01:13","guid":{"rendered":"https:\/\/www.europesays.com\/fr\/461667\/"},"modified":"2025-10-14T06:01:13","modified_gmt":"2025-10-14T06:01:13","slug":"un-avion-secrase-sur-une-autoroute-du-massachusetts-faisant-deux-morts-et-un-blesse","status":"publish","type":"post","link":"https:\/\/www.europesays.com\/fr\/461667\/","title":{"rendered":"Un avion s\u2019\u00e9crase sur une autoroute du Massachusetts, faisant deux morts et un bless\u00e9"},"content":{"rendered":"<p>Aux <a href=\"https:\/\/www.20minutes.fr\/monde\/etats-unis\/\" target=\"_blank\" class=\"c-link c-link--is-underlined\" rel=\"nofollow noopener\">Etats-Unis<\/a>, un nouveau drame a\u00e9rien s\u2019est produit lundi matin sur l\u2019Interstate 195 \u00e0 Dartmouth dans le Massachusetts, o\u00f9 un <a href=\"https:\/\/www.20minutes.fr\/dossier\/avion\" target=\"_blank\" class=\"c-link c-link--is-underlined\" rel=\"nofollow noopener\">avion<\/a> de tourisme s\u2019est \u00e9cras\u00e9 et a pris feu, tuant ses deux occupants et blessant un automobiliste. Ce grave accident a boulevers\u00e9 la circulation sur l\u2019autoroute.<\/p>\n<p>Selon les informations du <a href=\"https:\/\/www.nytimes.com\/2025\/10\/13\/us\/highway-plane-crash-massachusetts.html\" rel=\"nofollow noopener\" target=\"_blank\" class=\"c-link c-link--is-underlined\">The New York Times<\/a>, ce petit avion s\u2019est \u00e9cras\u00e9 sur la bande d\u2019herbe s\u00e9parant les deux sens de circulation, provoquant la mort de ses deux passagers. Une personne au sol, touch\u00e9e dans sa voiture, a \u00e9t\u00e9 bless\u00e9e et transport\u00e9e \u00e0 l\u2019h\u00f4pital.<\/p>\n<p>Un choc d\u2019une extr\u00eame violence<\/p>\n<p>L\u2019accident s\u2019est produit vers 8h15, \u00e0 une trentaine de kilom\u00e8tres au sud-est de Providence (Rhode Island). L\u2019appareil, un Socata TBM-700, un monomoteur \u00e0 turbopropulseur, venait de d\u00e9coller de l\u2019a\u00e9roport r\u00e9gional de New Bedford. D\u2019apr\u00e8s les premi\u00e8res constatations de la Massachusetts State Police, le <a href=\"https:\/\/www.20minutes.fr\/dossier\/pilote\" target=\"_blank\" class=\"c-link c-link--is-underlined\" rel=\"nofollow noopener\">pilote<\/a> aurait tent\u00e9 de faire demi-tour pour rejoindre l\u2019<a href=\"https:\/\/www.20minutes.fr\/dossier\/aeroport\" target=\"_blank\" class=\"c-link c-link--is-underlined\" rel=\"nofollow noopener\">a\u00e9roport<\/a> apr\u00e8s avoir rencontr\u00e9 des difficult\u00e9s. L\u2019avion s\u2019est alors abattu sur le terre-plein central avant de s\u2019embraser.<\/p>\n<\/p>\n<p>Des t\u00e9moins ont film\u00e9 la sc\u00e8ne depuis leurs v\u00e9hicules\u00a0: d\u2019\u00e9paisses fum\u00e9es s\u2019\u00e9levaient au-dessus des voies tandis qu\u2019une voiture blanche, percut\u00e9e sur le c\u00f4t\u00e9 passager, apparaissait gravement endommag\u00e9e. Les images relay\u00e9es par la cha\u00eene locale WCVB montrent un v\u00e9hicule immobilis\u00e9 dans la pelouse m\u00e9diane, ses vitres pulv\u00e9ris\u00e9es et son flanc d\u00e9form\u00e9 par le choc.<\/p>\n<p>Une enqu\u00eate entrav\u00e9e par le shutdown f\u00e9d\u00e9ral<\/p>\n<p>Les autorit\u00e9s ont aussit\u00f4t ferm\u00e9 l\u2019Interstate 195 dans les deux directions pour s\u00e9curiser la zone et permettre l\u2019intervention des secours et des enqu\u00eateurs. Le Massachusetts Department of Transportation n\u2019a pas encore pr\u00e9cis\u00e9 quand la circulation pourrait reprendre normalement.<\/p>\n<p><a href=\"https:\/\/www.20minutes.fr\/monde\/etats-unis\/\" target=\"_blank\" class=\"c-link c-btn c-btn--primary\" rel=\"nofollow noopener\">Notre dossier sur les Etats-Unis<\/a><\/p>\n<p>Le National Transportation Safety Board (NTSB) a ouvert une enqu\u00eate pour d\u00e9terminer les causes de l\u2019accident. L\u2019agence a toutefois pr\u00e9cis\u00e9 qu\u2019en raison de la fermeture partielle du gouvernement f\u00e9d\u00e9ral (le fameux shutdown), elle ne pourrait pas fournir d\u2019informations suppl\u00e9mentaires avant la reprise normale de ses activit\u00e9s.<\/p>\n","protected":false},"excerpt":{"rendered":"Aux Etats-Unis, un nouveau drame a\u00e9rien s\u2019est produit lundi matin sur l\u2019Interstate 195 \u00e0 Dartmouth dans le Massachusetts,&hellip;\n","protected":false},"author":2,"featured_media":461668,"comment_status":"","ping_status":"","sticky":false,"template":"","format":"standard","meta":{"footnotes":""},"categories":[5],"tags":[10996,47,11,6955,37,4098,3983,73,1011,27,14,74,12,28],"class_list":{"0":"post-461667","1":"post","2":"type-post","3":"status-publish","4":"format-standard","5":"has-post-thumbnail","7":"category-international","8":"tag-accident-davion","9":"tag-actualite","10":"tag-actualites","11":"tag-autoroute","12":"tag-avion","13":"tag-crash","14":"tag-deces","15":"tag-etats-unis","16":"tag-fr","17":"tag-france","18":"tag-international","19":"tag-monde","20":"tag-news","21":"tag-world"},"share_on_mastodon":{"url":"https:\/\/pubeurope.com\/@fr\/115371002043511543","error":""},"_links":{"self":[{"href":"https:\/\/www.europesays.com\/fr\/wp-json\/wp\/v2\/posts\/461667","targetHints":{"allow":["GET"]}}],"collection":[{"href":"https:\/\/www.europesays.com\/fr\/wp-json\/wp\/v2\/posts"}],"about":[{"href":"https:\/\/www.europesays.com\/fr\/wp-json\/wp\/v2\/types\/post"}],"author":[{"embeddable":true,"href":"https:\/\/www.europesays.com\/fr\/wp-json\/wp\/v2\/users\/2"}],"replies":[{"embeddable":true,"href":"https:\/\/www.europesays.com\/fr\/wp-json\/wp\/v2\/comments?post=461667"}],"version-history":[{"count":0,"href":"https:\/\/www.europesays.com\/fr\/wp-json\/wp\/v2\/posts\/461667\/revisions"}],"wp:featuredmedia":[{"embeddable":true,"href":"https:\/\/www.europesays.com\/fr\/wp-json\/wp\/v2\/media\/461668"}],"wp:attachment":[{"href":"https:\/\/www.europesays.com\/fr\/wp-json\/wp\/v2\/media?parent=461667"}],"wp:term":[{"taxonomy":"category","embeddable":true,"href":"https:\/\/www.europesays.com\/fr\/wp-json\/wp\/v2\/categories?post=461667"},{"taxonomy":"post_tag","embeddable":true,"href":"https:\/\/www.europesays.com\/fr\/wp-json\/wp\/v2\/tags?post=461667"}],"curies":[{"name":"wp","href":"https:\/\/api.w.org\/{rel}","templated":true}]}}