{"id":461669,"date":"2025-10-14T06:02:13","date_gmt":"2025-10-14T06:02:13","guid":{"rendered":"https:\/\/www.europesays.com\/fr\/461669\/"},"modified":"2025-10-14T06:02:13","modified_gmt":"2025-10-14T06:02:13","slug":"le-procureur-livre-les-derniers-elements-de-lenquete","status":"publish","type":"post","link":"https:\/\/www.europesays.com\/fr\/461669\/","title":{"rendered":"le procureur livre les derniers \u00e9l\u00e9ments de l&rsquo;enqu\u00eate"},"content":{"rendered":"<p>            Par<br \/>\n        <strong><br \/>\n            <a href=\"https:\/\/actu.fr\/auteur\/ninon-oget\" title=\"Consulter tous les articles de Ninon Oget\" target=\"_blank\" rel=\"noopener\">Ninon Oget<\/a><br \/>\n        <\/strong><\/p>\n<p>        Publi\u00e9 le<\/p>\n<p>            13 oct. 2025 \u00e0 17h51        <\/p>\n<p>Samedi 11\u00a0octobre 2025, <a href=\"https:\/\/actu.fr\/grand-est\/sarreguemines_57631\/suicide-presume-d-une-fillette-de-9-ans-en-moselle-ce-que-l-on-sait-du-drame-ce-lundi_63290271.html\" target=\"_blank\" rel=\"noopener\">une fillette de 9\u00a0ans a \u00e9t\u00e9 retrouv\u00e9e morte<\/a> \u00e0 son <strong>domicile familial<\/strong> de <strong>Sarreguemines<\/strong> (Moselle). La <strong>th\u00e8se du suicide a \u00e9t\u00e9 confirm\u00e9e<\/strong>. De son c\u00f4t\u00e9, la famille de la victime a \u00e9voqu\u00e9 un <strong>harc\u00e8lement<\/strong> \u00e0 l\u2019\u00e9cole. Le procureur de la R\u00e9publique de Sarreguemines, Olivier Glady, a communiqu\u00e9 de nouveaux \u00e9l\u00e9ments, ce lundi 13\u00a0octobre.<\/p>\n<p>Retrouv\u00e9e inanim\u00e9e dans la chambre d\u2019un de ses fr\u00e8res<\/p>\n<p class=\" wall-content\">Le corps sans vie de la fillette a \u00e9t\u00e9 <strong>retrouv\u00e9 par sa m\u00e8re<\/strong> dans la <strong>chambre<\/strong> d\u2019un de ses fr\u00e8res, vers 11h. Le p\u00e8re de l\u2019enfant \u00e9tait \u00e0 l\u2019ext\u00e9rieur du domicile, sur son lieu de travail.<\/p>\n<p class=\" wall-content\">Aussit\u00f4t, les policiers du commissariat de Sarreguemines se sont rendus sur les lieux du drame.<\/p>\n<p>Un suicide par pendaison<\/p>\n<p class=\" wall-content\">Les forces de l\u2019ordre ont proc\u00e9d\u00e9 aux premi\u00e8res constatations\u2009: l\u2019hypoth\u00e8se privil\u00e9gi\u00e9e \u00e9tait celle \u00ab\u2009d\u2019un <strong>suicide par pendaison r\u00e9alis\u00e9e dans la chambre<\/strong> o\u00f9 le corps avait \u00e9t\u00e9 d\u00e9couvert\u2009\u00bb, \u00e9crit le procureur de la R\u00e9publique de Sarreguemines dans un communiqu\u00e9 de presse.<\/p>\n<p class=\" wall-content\">Cette hypoth\u00e8se a \u00e9t\u00e9<strong> confirm\u00e9e par le m\u00e9decin l\u00e9giste<\/strong> de l\u2019Institut m\u00e9dico-l\u00e9gal de Strasbourg venu sur place \u00ab\u2009afin de proc\u00e9der \u00e0 un examen m\u00e9dical du corps\u2009\u00bb.<\/p>\n<p class=\" wall-content\">\u00c9galement, M. Glady ajoute\u2009: \u00ab\u2009L\u2019enfant avait laiss\u00e9 auparavant en \u00e9vidence, d\u00e9pos\u00e9 sur le lit, <strong>un court billet d\u2019adieu et d\u2019affection<\/strong> <strong>\u00e0 l\u2019attention de sa famille.<\/strong>\u2009\u00bb<\/p>\n<p>Des moqueries subies \u00e0 l\u2019\u00e9cole, d\u2019apr\u00e8s les parents de l\u2019enfant<\/p>\n<p class=\" wall-content\">Aupr\u00e8s des services de <a href=\"https:\/\/actu.fr\/tag\/police\" target=\"_blank\" rel=\"noopener\">police<\/a>, les parents de l\u2019enfant ont \u00e9voqu\u00e9 \u00ab\u2009des <strong>moqueries<\/strong> inflig\u00e9es \u00e0 leur fille au sujet de sa <strong>corpulence<\/strong> par<strong> deux ou trois camarades d\u2019\u00e9cole<\/strong> de sa classe de CM\u20092\u2009\u00bb.<\/p>\n<p>Votre r\u00e9gion, votre actu !<\/p>\n<p>Recevez chaque jour les infos qui comptent pour vous.<\/p>\n<p>\t<a href=\"https:\/\/actu.fr\/newsletter\" class=\"ac-btn ac-btn--corner ac-btn--medium ac-btn--blue800\" target=\"_blank\" rel=\"noopener\">S&rsquo;incrire<\/a><\/p>\n<p class=\" wall-content\">\u00ab\u2009La mineure ne disposait<strong> pas de t\u00e9l\u00e9phone portable ou de tablette<\/strong> gr\u00e2ce auxquels elle aurait pu \u00eatre une utilisatrice habituelle de r\u00e9seaux sociaux\u2009\u00bb, poursuit le procureur.<\/p>\n<p>Une enqu\u00eate est en cours<\/p>\n<p class=\" wall-content\">Une <strong>enqu\u00eate<\/strong> a \u00e9t\u00e9 confi\u00e9e au commissariat de police de Sarreguemines \u00ab\u2009pour <strong>\u00e9clairer les circonstances de la vie scolaire<\/strong> de l\u2019enfant depuis la rentr\u00e9e de septembre, ainsi que les \u00e9v\u00e9nements susceptibles d\u2019\u00eatre intervenus dans sa vie hors du temps scolaire\u2009\u00bb.<\/p>\n<p class=\" wall-content\">Le parquet a saisi<strong> l\u2019association d\u2019aide aux victimes<\/strong> pour porter assistance \u00e0 la famille en deuil.<\/p>\n<p class=\" wall-content\">Personnalisez votre actualit\u00e9 en ajoutant vos villes et m\u00e9dias en favori avec <a href=\"https:\/\/moncompte.actu.fr\" title=\"D\u00e9couvez Mon Actu\" rel=\"nofollow noopener\" data-trk=\"{&quot;cta&quot;:{&quot;action&quot;:&quot;https:\\\/\\\/moncompte.actu.fr&quot;,&quot;category&quot;:&quot;mon compte&quot;,&quot;from&quot;:&quot;article footer&quot;,&quot;name&quot;:&quot;Mon actu&quot;,&quot;type&quot;:&quot;cta&quot;}}\" target=\"_blank\">Mon Actu<\/a>.<\/p>\n","protected":false},"excerpt":{"rendered":"Par Ninon Oget Publi\u00e9 le 13 oct. 2025 \u00e0 17h51 Samedi 11\u00a0octobre 2025, une fillette de 9\u00a0ans a&hellip;\n","protected":false},"author":2,"featured_media":461670,"comment_status":"","ping_status":"","sticky":false,"template":"","format":"standard","meta":{"footnotes":""},"categories":[4],"tags":[11,1719,118,1011,27,303,12,1072,25],"class_list":{"0":"post-461669","1":"post","2":"type-post","3":"status-publish","4":"format-standard","5":"has-post-thumbnail","7":"category-france","8":"tag-actualites","9":"tag-enfants","10":"tag-faits-divers","11":"tag-fr","12":"tag-france","13":"tag-justice","14":"tag-news","15":"tag-police","16":"tag-republique-francaise"},"share_on_mastodon":{"url":"https:\/\/pubeurope.com\/@fr\/115371005972452219","error":""},"_links":{"self":[{"href":"https:\/\/www.europesays.com\/fr\/wp-json\/wp\/v2\/posts\/461669","targetHints":{"allow":["GET"]}}],"collection":[{"href":"https:\/\/www.europesays.com\/fr\/wp-json\/wp\/v2\/posts"}],"about":[{"href":"https:\/\/www.europesays.com\/fr\/wp-json\/wp\/v2\/types\/post"}],"author":[{"embeddable":true,"href":"https:\/\/www.europesays.com\/fr\/wp-json\/wp\/v2\/users\/2"}],"replies":[{"embeddable":true,"href":"https:\/\/www.europesays.com\/fr\/wp-json\/wp\/v2\/comments?post=461669"}],"version-history":[{"count":0,"href":"https:\/\/www.europesays.com\/fr\/wp-json\/wp\/v2\/posts\/461669\/revisions"}],"wp:featuredmedia":[{"embeddable":true,"href":"https:\/\/www.europesays.com\/fr\/wp-json\/wp\/v2\/media\/461670"}],"wp:attachment":[{"href":"https:\/\/www.europesays.com\/fr\/wp-json\/wp\/v2\/media?parent=461669"}],"wp:term":[{"taxonomy":"category","embeddable":true,"href":"https:\/\/www.europesays.com\/fr\/wp-json\/wp\/v2\/categories?post=461669"},{"taxonomy":"post_tag","embeddable":true,"href":"https:\/\/www.europesays.com\/fr\/wp-json\/wp\/v2\/tags?post=461669"}],"curies":[{"name":"wp","href":"https:\/\/api.w.org\/{rel}","templated":true}]}}