{"id":461677,"date":"2025-10-14T06:06:28","date_gmt":"2025-10-14T06:06:28","guid":{"rendered":"https:\/\/www.europesays.com\/fr\/461677\/"},"modified":"2025-10-14T06:06:28","modified_gmt":"2025-10-14T06:06:28","slug":"cine-club-les-films-qui-ont-changes-le-monde-factuel","status":"publish","type":"post","link":"https:\/\/www.europesays.com\/fr\/461677\/","title":{"rendered":"Cin\u00e9-club : Les films qui ont chang\u00e9s le monde &#8211; Factuel"},"content":{"rendered":"<p>Temps de lecture : 1 minute<\/p>\n<p>Informations pratiques<\/p>\n<p><strong>Localisation<\/strong> : Institut Europ\u00e9en de Cin\u00e9ma et d&rsquo;Audiovisuel, 10 rue Michel Ney, 54000 Nancy<\/p>\n<p> <strong>Date de d\u00e9but<\/strong> : 23\/09\/2025 18:30 <strong>Date de fin<\/strong> : 07\/04\/2025 20:00<\/p>\n<p>Apr\u00e8s avoir voyag\u00e9 \u00e0 travers l\u2019univers de Claudia Cardinale, place \u00e0 une nouvelle th\u00e9matique : Les films qui ont chang\u00e9 le monde \ud83c\udf0d\ud83c\udfac<\/p>\n<p>\u00a0<\/p>\n<p>\u00ab Depuis ses d\u00e9buts, le cin\u00e9ma s\u2019est fait le reflet des changements historiques, politiques et sociaux. A travers un cycle de 8 films, les s\u00e9ances du cin\u00e9-club de l\u2019IECA propose pour son cycle 2025-2026, un panorama des films d\u2019hier \u00e0 aujourd\u2019hui qui ont saisi, le plus souvent \u00e0 chaud, certains des moments les plus marquants de l\u2019histoire du XXe et du XXIe si\u00e8cle. \u00bb<\/p>\n<p>\u00a0<\/p>\n<p><\/p>\n","protected":false},"excerpt":{"rendered":"Temps de lecture : 1 minute Informations pratiques Localisation : Institut Europ\u00e9en de Cin\u00e9ma et d&rsquo;Audiovisuel, 10 rue&hellip;\n","protected":false},"author":2,"featured_media":461678,"comment_status":"","ping_status":"","sticky":false,"template":"","format":"standard","meta":{"footnotes":""},"categories":[9635],"tags":[1111,11,1777,674,1011,27,775,1702,12,25],"class_list":{"0":"post-461677","1":"post","2":"type-post","3":"status-publish","4":"format-standard","5":"has-post-thumbnail","7":"category-nancy","8":"tag-actu","9":"tag-actualites","10":"tag-eu","11":"tag-europe","12":"tag-fr","13":"tag-france","14":"tag-grand-est","15":"tag-nancy","16":"tag-news","17":"tag-republique-francaise"},"share_on_mastodon":{"url":"https:\/\/pubeurope.com\/@fr\/115371021611976620","error":""},"_links":{"self":[{"href":"https:\/\/www.europesays.com\/fr\/wp-json\/wp\/v2\/posts\/461677","targetHints":{"allow":["GET"]}}],"collection":[{"href":"https:\/\/www.europesays.com\/fr\/wp-json\/wp\/v2\/posts"}],"about":[{"href":"https:\/\/www.europesays.com\/fr\/wp-json\/wp\/v2\/types\/post"}],"author":[{"embeddable":true,"href":"https:\/\/www.europesays.com\/fr\/wp-json\/wp\/v2\/users\/2"}],"replies":[{"embeddable":true,"href":"https:\/\/www.europesays.com\/fr\/wp-json\/wp\/v2\/comments?post=461677"}],"version-history":[{"count":0,"href":"https:\/\/www.europesays.com\/fr\/wp-json\/wp\/v2\/posts\/461677\/revisions"}],"wp:featuredmedia":[{"embeddable":true,"href":"https:\/\/www.europesays.com\/fr\/wp-json\/wp\/v2\/media\/461678"}],"wp:attachment":[{"href":"https:\/\/www.europesays.com\/fr\/wp-json\/wp\/v2\/media?parent=461677"}],"wp:term":[{"taxonomy":"category","embeddable":true,"href":"https:\/\/www.europesays.com\/fr\/wp-json\/wp\/v2\/categories?post=461677"},{"taxonomy":"post_tag","embeddable":true,"href":"https:\/\/www.europesays.com\/fr\/wp-json\/wp\/v2\/tags?post=461677"}],"curies":[{"name":"wp","href":"https:\/\/api.w.org\/{rel}","templated":true}]}}