{"id":461693,"date":"2025-10-14T06:19:10","date_gmt":"2025-10-14T06:19:10","guid":{"rendered":"https:\/\/www.europesays.com\/fr\/461693\/"},"modified":"2025-10-14T06:19:10","modified_gmt":"2025-10-14T06:19:10","slug":"meteo-en-bretagne-alternance-de-nuages-et-soleil-ce-mardi","status":"publish","type":"post","link":"https:\/\/www.europesays.com\/fr\/461693\/","title":{"rendered":"M\u00e9t\u00e9o en Bretagne\u00a0: alternance de nuages et soleil ce mardi"},"content":{"rendered":"<p>L\u2019\u00e9tat du ciel restera changeant. Pas de pr\u00e9cipitations. Les temp\u00e9ratures sont comprises le matin entre 12 et 14 \u00b0C et entre 17 et 20 \u00b0C l\u2019apr\u00e8s-midi. Le vent soufflera entre 20 et 35 km\/h avec des rafales pouvant atteindre les 50 km\/h.<\/p>\n<p><strong>C\u00f4tes-d\u2019Armor<\/strong><\/p>\n<p>Am\u00e9lioration en cours de journ\u00e9e : le ciel se d\u00e9gagera. Pas de pluie pr\u00e9vue. Les temp\u00e9ratures seront comprises le matin entre 11 et 15 \u00b0C et entre 17 et 18 \u00b0C l\u2019apr\u00e8s-midi. Le vent sera mod\u00e9r\u00e9.<\/p>\n<p><a href=\"https:\/\/www.letelegramme.fr\/services\/meteo\/\" target=\"_blank\" rel=\"nofollow noopener\">Les pr\u00e9visions de votre commune<\/a><\/p>\n<p><strong>Morbihan<\/strong><\/p>\n<p>Passages nuageux parfois denses le matin, ensoleill\u00e9 l\u2019apr\u00e8s-midi. Pas de pr\u00e9cipitations. Les temp\u00e9ratures seront comprises le matin entre 11 et 12 \u00b0C et entre 19 et 20 \u00b0C l\u2019apr\u00e8s-midi. Le vent sera mod\u00e9r\u00e9.<\/p>\n<p><strong>Ille-et-Vilaine<\/strong><\/p>\n<p>Nuages et larges \u00e9claircies. Pas de pluie. Les temp\u00e9ratures seront comprises le matin entre 11 et 13 \u00b0C et entre 17 et 19 \u00b0C l\u2019apr\u00e8s-midi. Le vent soufflera entre 20 et 25 km\/h avec des rafales pouvant atteindre les 40 km\/h.<\/p>\n<p class=\"note\">(Source : la Cha\u00eene m\u00e9t\u00e9o)<\/p>\n","protected":false},"excerpt":{"rendered":"L\u2019\u00e9tat du ciel restera changeant. Pas de pr\u00e9cipitations. Les temp\u00e9ratures sont comprises le matin entre 12 et 14&hellip;\n","protected":false},"author":2,"featured_media":461694,"comment_status":"","ping_status":"","sticky":false,"template":"","format":"standard","meta":{"footnotes":""},"categories":[2821],"tags":[1111,11,829,2171,765,1777,674,3321,1011,27,848,2487,21570,3729,12,584,25],"class_list":{"0":"post-461693","1":"post","2":"type-post","3":"status-publish","4":"format-standard","5":"has-post-thumbnail","7":"category-rennes","8":"tag-actu","9":"tag-actualites","10":"tag-bretagne","11":"tag-cotes-darmor","12":"tag-en-continu","13":"tag-eu","14":"tag-europe","15":"tag-finistere","16":"tag-fr","17":"tag-france","18":"tag-ille-et-vilaine","19":"tag-meteo","20":"tag-meteo-en-bretagne","21":"tag-morbihan","22":"tag-news","23":"tag-rennes","24":"tag-republique-francaise"},"share_on_mastodon":{"url":"https:\/\/pubeurope.com\/@fr\/115371072843179864","error":""},"_links":{"self":[{"href":"https:\/\/www.europesays.com\/fr\/wp-json\/wp\/v2\/posts\/461693","targetHints":{"allow":["GET"]}}],"collection":[{"href":"https:\/\/www.europesays.com\/fr\/wp-json\/wp\/v2\/posts"}],"about":[{"href":"https:\/\/www.europesays.com\/fr\/wp-json\/wp\/v2\/types\/post"}],"author":[{"embeddable":true,"href":"https:\/\/www.europesays.com\/fr\/wp-json\/wp\/v2\/users\/2"}],"replies":[{"embeddable":true,"href":"https:\/\/www.europesays.com\/fr\/wp-json\/wp\/v2\/comments?post=461693"}],"version-history":[{"count":0,"href":"https:\/\/www.europesays.com\/fr\/wp-json\/wp\/v2\/posts\/461693\/revisions"}],"wp:featuredmedia":[{"embeddable":true,"href":"https:\/\/www.europesays.com\/fr\/wp-json\/wp\/v2\/media\/461694"}],"wp:attachment":[{"href":"https:\/\/www.europesays.com\/fr\/wp-json\/wp\/v2\/media?parent=461693"}],"wp:term":[{"taxonomy":"category","embeddable":true,"href":"https:\/\/www.europesays.com\/fr\/wp-json\/wp\/v2\/categories?post=461693"},{"taxonomy":"post_tag","embeddable":true,"href":"https:\/\/www.europesays.com\/fr\/wp-json\/wp\/v2\/tags?post=461693"}],"curies":[{"name":"wp","href":"https:\/\/api.w.org\/{rel}","templated":true}]}}