{"id":461695,"date":"2025-10-14T06:20:14","date_gmt":"2025-10-14T06:20:14","guid":{"rendered":"https:\/\/www.europesays.com\/fr\/461695\/"},"modified":"2025-10-14T06:20:14","modified_gmt":"2025-10-14T06:20:14","slug":"le-clan-marseillais-yoda-derriere-les-fusillades-de-villejean-pendant-que-le-blosne-reste-mine-par-le-trafic-dheroine","status":"publish","type":"post","link":"https:\/\/www.europesays.com\/fr\/461695\/","title":{"rendered":"le clan marseillais Yoda derri\u00e8re les fusillades de Villejean, pendant que le Blosne reste min\u00e9 par le trafic d\u2019h\u00e9ro\u00efne"},"content":{"rendered":"<p style=\"text-align: justify;\">Les investigations de la police judiciaire ont confirm\u00e9 ce que les habitants de Villejean pressentaient depuis des mois : <a href=\"https:\/\/www.letelegramme.fr\/bretagne\/fusillades-dans-le-quartier-de-villejean-a-rennes-quatre-membres-du-clan-yoda-interpelles-a-marseille-6908577.php\" target=\"_blank\" rel=\"noopener\">Le t\u00e9l\u00e9gramme r\u00e9v\u00e8le ce matin que<\/a> le <strong>clan marseillais Yoda<\/strong>, issu de la cit\u00e9 F\u00e9lix-Pyat \u00e0 Marseille, serait \u00e0 l\u2019origine des fusillades qui ont ensanglant\u00e9 le quartier entre d\u00e9cembre 2024 et juin 2025. Lundi 13 octobre,\u00a0<strong>quatre individus ont \u00e9t\u00e9 interpell\u00e9s \u00e0 Marseille<\/strong>, dont un proche du chef du clan. Pendant ce temps, un autre dossier li\u00e9 au trafic d\u2019h\u00e9ro\u00efne dans le quartier du Blosne vient de se solder par plusieurs condamnations \u00e0 de la prison ferme.<\/p>\n<p><strong>Le clan Yoda voulait s\u2019implanter \u00e0 Rennes<\/strong><\/p>\n<p>D\u00e9j\u00e0 affaibli \u00e0 Marseille par une guerre interne contre la DZ Mafia en 2023, le clan Yoda cherchait de nouveaux points de chute lucratifs pour son trafic. Son choix s\u2019est port\u00e9 sur\u00a0<strong>le point de deal du Bourbonnais<\/strong>, au c\u0153ur du quartier populaire de Villejean, \u00e0 Rennes.<\/p>\n<p>Depuis la fin de l\u2019ann\u00e9e 2024, plusieurs fusillades ont \u00e9clat\u00e9 sur la dalle Kennedy. Des trafiquants ont \u00e9t\u00e9 bless\u00e9s, mais aussi des habitants pris entre deux feux. L\u2019\u00e9pisode le plus marquant reste celui du\u00a0<strong>17 avril 2025<\/strong>, lorsque des tirs ont \u00e9clat\u00e9 devant un restaurant Subway o\u00f9 trois jeunes s\u2019\u00e9taient r\u00e9fugi\u00e9s.<\/p>\n<p>\u00c0 l\u2019int\u00e9rieur,\u00a0<strong>les \u00e9lus d\u2019opposition <a href=\"https:\/\/www.breizh-info.com\/2020\/06\/16\/145697\/municipales-a-rennes-nathalie-appere-carole-gandon-charles-compagnon-le-debat-du-2e-tour\/\" target=\"_blank\" rel=\"noopener\">Charles Compagnon<\/a> et Nicolas Boucher<\/strong> prenaient un caf\u00e9. Ils ont \u00e9chapp\u00e9 de peu aux balles. Les enqu\u00eateurs ont depuis \u00e9tabli un\u00a0<strong>faisceau d\u2019indices reliant directement le clan Yoda<\/strong> \u00e0 ces r\u00e8glements de compte. L\u2019un des donneurs d\u2019ordre\u00a0a \u00e9t\u00e9 extrait de la maison d\u2019arr\u00eat des Baumettes pour \u00eatre interrog\u00e9. Consid\u00e9r\u00e9 comme le bras droit du chef, F\u00e9lix Bingui, il \u00e9tait d\u00e9j\u00e0 incarc\u00e9r\u00e9 pour d\u2019autres affaires. Trois autres hommes ont \u00e9t\u00e9 arr\u00eat\u00e9s avec l\u2019appui de la Brigade de r\u00e9pression du banditisme de Marseille.<\/p>\n<p>Chez l\u2019un d\u2019eux, la police a d\u00e9couvert\u00a0<strong>des armes, de l\u2019argent et de la drogue<\/strong>. Tous sont actuellement entendus sous le r\u00e9gime de la garde \u00e0 vue prolong\u00e9e, pouvant durer jusqu\u2019\u00e0 96 heures.<\/p>\n<p>Ces interpellations confirment\u00a0<strong>la strat\u00e9gie d\u2019expansion des r\u00e9seaux marseillais<\/strong> vers la fa\u00e7ade atlantique, o\u00f9 Rennes, Nantes ou Angers constituent d\u00e9sormais de nouveaux terrains de conqu\u00eate pour le narco-banditisme venu du sud.<\/p>\n<p><strong>Trafic d\u2019h\u00e9ro\u00efne au Blosne : des condamnations lourdes<\/strong><\/p>\n<p>\u00c0 quelques kilom\u00e8tres de l\u00e0, dans le quartier du\u00a0<strong>Blosne<\/strong>, <a href=\"https:\/\/actu.fr\/bretagne\/rennes_35238\/trafic-d-heroine-et-fusillades-dans-le-quartier-du-blosne-quatre-dealers-condamnes-par-la-justice_63275854.html\" target=\"_blank\" rel=\"noopener\">un autre trafic, celui d\u2019h\u00e9ro\u00efne, a connu son \u00e9pilogue judiciaire le 7 octobre 2025.<\/a><\/p>\n<p>Le\u00a0<strong>tribunal correctionnel de Rennes<\/strong>\u00a0a condamn\u00e9 quatre hommes \u00e0 des peines allant jusqu\u2019\u00e0\u00a0<strong>six ans de prison ferme<\/strong>, apr\u00e8s deux ans d\u2019enqu\u00eate et plusieurs fusillades survenues en d\u00e9cembre 2023.<\/p>\n<p>Le trafic, install\u00e9\u00a0<strong>place du Banat<\/strong>, fonctionnait selon une organisation quasi militaire. Les enqu\u00eateurs ont mis au jour un syst\u00e8me de \u201c<strong>nourrices<\/strong>\u201d, de guetteurs et de revendeurs recrut\u00e9s parmi les consommateurs les plus d\u00e9pendants. Certains travaillaient jour et nuit, dop\u00e9s \u00e0 la coca\u00efne, en \u00e9change de doses d\u2019h\u00e9ro\u00efne.<\/p>\n<p>Le \u201csuperviseur\u201d du r\u00e9seau, surnomm\u00e9 <strong>Doums<\/strong>, a \u00e9t\u00e9 reconnu coupable d\u2019avoir dirig\u00e9 la logistique du trafic tout en changeant constamment de t\u00e9l\u00e9phone et de planque pour \u00e9chapper \u00e0 la surveillance. Interpell\u00e9 \u00e0 Dinard en juin 2024, il a \u00e9cop\u00e9 de\u00a0<strong>six ans de prison ferme<\/strong>.<\/p>\n<p>Deux fr\u00e8res, qui servaient de nourrices \u00e0 Montreuil-le-Gast, ont \u00e9t\u00e9 condamn\u00e9s respectivement \u00e0\u00a0<strong>deux et deux ans et demi de prison<\/strong>, avec sursis probatoire. Un autre membre du r\u00e9seau a pris deux ans fermes. Un cinqui\u00e8me homme a \u00e9t\u00e9 relax\u00e9.<\/p>\n<p><strong>Une m\u00eame toile de fond : l\u2019\u00e9conomie parall\u00e8le qui s\u2019enracine<\/strong><\/p>\n<p>Villejean, le Blosne, Cleunay, Maurepas\u2026 les quartiers rennais connaissent une m\u00eame dynamique :\u00a0<strong>implantation durable et incurable (par l\u00e2chet\u00e9 politique) des r\u00e9seaux de stup\u00e9fiants, violences par armes \u00e0 feu, \u00e9conomie souterraine<\/strong> et peur des habitants.<\/p>\n<p>Les trafiquants marseillais et locaux se partagent d\u00e9sormais les territoires, avec des ramifications jusqu\u2019\u00e0 la r\u00e9gion parisienne et la Bretagne int\u00e9rieure.<\/p>\n<p>Ces affaires r\u00e9v\u00e8lent la\u00a0<strong>d\u00e9sagr\u00e9gation du contr\u00f4le territorial<\/strong> dans plusieurs secteurs de la capitale bretonne, o\u00f9 la pr\u00e9sence polici\u00e8re ne suffit plus \u00e0 endiguer les trafics ni \u00e0 prot\u00e9ger les habitants. Le ph\u00e9nom\u00e8ne d\u00e9passe le simple cadre du \u201cdeal de cit\u00e9\u201d : il s\u2019agit d\u2019une\u00a0<strong>\u00e9conomie parall\u00e8le enracin\u00e9e<\/strong>, aliment\u00e9e par les flux migratoires, la mis\u00e8re sociale et la porosit\u00e9 des m\u00e9tropoles bretonnes \u00e0 la criminalit\u00e9 venue d\u2019ailleurs.<\/p>\n<p style=\"text-align: justify;\">Illustration : DR<\/p>\n<p style=\"text-align: justify;\">[cc] Article relu et corrig\u00e9 (orthographe, syntaxe) par ChatGPT.<\/p>\n<p style=\"text-align: justify;\">Breizh-info.com, 2025, d\u00e9p\u00eaches libres de copie et de diffusion sous r\u00e9serve de mention et de lien vers la source d\u2019origine<\/p>\n","protected":false},"excerpt":{"rendered":"Les investigations de la police judiciaire ont confirm\u00e9 ce que les habitants de Villejean pressentaient depuis des mois&hellip;\n","protected":false},"author":2,"featured_media":461696,"comment_status":"","ping_status":"","sticky":false,"template":"","format":"standard","meta":{"footnotes":""},"categories":[2821],"tags":[1111,11,829,1777,674,1011,27,3832,884,12,584,25,5375],"class_list":{"0":"post-461695","1":"post","2":"type-post","3":"status-publish","4":"format-standard","5":"has-post-thumbnail","7":"category-rennes","8":"tag-actu","9":"tag-actualites","10":"tag-bretagne","11":"tag-eu","12":"tag-europe","13":"tag-fr","14":"tag-france","15":"tag-fusillade","16":"tag-marseille","17":"tag-news","18":"tag-rennes","19":"tag-republique-francaise","20":"tag-villejean"},"share_on_mastodon":{"url":"https:\/\/pubeurope.com\/@fr\/115371076700130241","error":""},"_links":{"self":[{"href":"https:\/\/www.europesays.com\/fr\/wp-json\/wp\/v2\/posts\/461695","targetHints":{"allow":["GET"]}}],"collection":[{"href":"https:\/\/www.europesays.com\/fr\/wp-json\/wp\/v2\/posts"}],"about":[{"href":"https:\/\/www.europesays.com\/fr\/wp-json\/wp\/v2\/types\/post"}],"author":[{"embeddable":true,"href":"https:\/\/www.europesays.com\/fr\/wp-json\/wp\/v2\/users\/2"}],"replies":[{"embeddable":true,"href":"https:\/\/www.europesays.com\/fr\/wp-json\/wp\/v2\/comments?post=461695"}],"version-history":[{"count":0,"href":"https:\/\/www.europesays.com\/fr\/wp-json\/wp\/v2\/posts\/461695\/revisions"}],"wp:featuredmedia":[{"embeddable":true,"href":"https:\/\/www.europesays.com\/fr\/wp-json\/wp\/v2\/media\/461696"}],"wp:attachment":[{"href":"https:\/\/www.europesays.com\/fr\/wp-json\/wp\/v2\/media?parent=461695"}],"wp:term":[{"taxonomy":"category","embeddable":true,"href":"https:\/\/www.europesays.com\/fr\/wp-json\/wp\/v2\/categories?post=461695"},{"taxonomy":"post_tag","embeddable":true,"href":"https:\/\/www.europesays.com\/fr\/wp-json\/wp\/v2\/tags?post=461695"}],"curies":[{"name":"wp","href":"https:\/\/api.w.org\/{rel}","templated":true}]}}