{"id":461701,"date":"2025-10-14T06:23:16","date_gmt":"2025-10-14T06:23:16","guid":{"rendered":"https:\/\/www.europesays.com\/fr\/461701\/"},"modified":"2025-10-14T06:23:16","modified_gmt":"2025-10-14T06:23:16","slug":"le-jeune-nicois-evandro-execute-dune-balle-dans-la-tete-a-marseille-le-trafiquant-guy-boakye-bientot-juge","status":"publish","type":"post","link":"https:\/\/www.europesays.com\/fr\/461701\/","title":{"rendered":"Le jeune Ni\u00e7ois Evandro ex\u00e9cut\u00e9 d\u2019une balle dans la t\u00eate \u00e0 Marseille, le trafiquant Guy Boakye bient\u00f4t jug\u00e9"},"content":{"rendered":"<p class=\"fs-5 \"><strong>Samedi 24 octobre 2020<\/strong>, 8 h 32. Le corps d\u2019Evandro, un<strong> Ni\u00e7ois de 19 ans<\/strong>, g\u00eet sur le sol d\u2019une traverse situ\u00e9e entre la cit\u00e9 du Mail et celle de la Busserine \u00e0 <strong>Marseille<\/strong>, tenue par Guy Boakye. Le jeune homme est retrouv\u00e9 sur le dos, un bras relev\u00e9 au-dessus de la t\u00eate.<\/p>\n<p class=\"fs-5 \">Son autre main tient encore la fermeture \u00e9clair de son sweat. Une ex\u00e9cution. Une balle dans la nuque \u00ab\u00a0\u00e0 bout touchant ou \u00e0 tr\u00e8s courte distance\u00a0\u00bb.<\/p>\n<p class=\"fs-5 \">Son corps pr\u00e9sente \u00ab\u00a0des traces de maltraitance inflig\u00e9es en plusieurs temps diff\u00e9rents avant son d\u00e9c\u00e8s\u00a0\u00bb. Il est couvert d\u2019ecchymoses, de l\u00e9sions, de br\u00fblures et de lac\u00e9rations.<\/p>\n<p class=\"fs-5 \">Le tout dissimul\u00e9 par une superposition de v\u00eatements. L\u2019enqu\u00eate ouverte pour meurtre en bande organis\u00e9e s\u2019est rapidement \u00e9largie \u00e0 des faits de \u00ab\u00a0s\u00e9questration avec acte de torture\u00a0\u00bb.<\/p>\n<p>            <img decoding=\"async\" src=\"https:\/\/www.europesays.com\/fr\/wp-content\/uploads\/2025\/10\/1760422996_545_fddb36c_upload-from-url-1-7wabi6trwjm4-data-art-16383064.jpg\" loading=\"lazy\" alt=\"\u00ab Rayan n\u2019avait rien \u00e0 voir avec les points de deal ni avec ce qui s\u2019est pass\u00e9. Il \u00e9tait juste de passage \u00bb, mart\u00e8le son fr\u00e8re Yassine.\" class=\"img-fluid position-absolute w-100 object-fit-coverrounded-2\" width=\"600\" height=\"400\"\/><\/p>\n<p>                                                                                Une disparition signal\u00e9e cinq mois plus t\u00f4t<\/p>\n<p class=\"fs-5 \">Sa famille avait signal\u00e9 sa disparition le 15 mai 2020. Parents et fratrie assurent ignorer les raisons de ce d\u00e9part pr\u00e9cipit\u00e9.<\/p>\n<p class=\"fs-5 \">Mais une ex-petite amie d\u00e9clare qu\u2019Evandro rencontrait des probl\u00e8mes avec des gens du quartier des Moulins \u00e0 Nice sur fond de trafic de stups.<\/p>\n<p class=\"fs-5 \">Une contravention re\u00e7ue au domicile familial atteste d\u2019un passage du gamin dans le Val d\u2019Oise, \u00e0 Franconville.<\/p>\n<p class=\"fs-5 \">Des t\u00e9moins racontent que l\u2019ado, sans attaches, dormait tant\u00f4t dans la rue, tant\u00f4t dans un v\u00e9hicule abandonn\u00e9.<\/p>\n<p class=\"fs-5 \">Une vie d\u2019errance, avec parfois de courts r\u00e9pits. Une m\u00e8re et son fils confient l\u2019avoir h\u00e9berg\u00e9 quelques jours, touch\u00e9s par la situation du jeune Ni\u00e7ois.<\/p>\n<p class=\"fs-5 \">Il venait d\u2019\u00eatre poignard\u00e9. Un ado emp\u00eatr\u00e9 malgr\u00e9 lui dans une guerre de territoires\u00a0? D\u2019apr\u00e8s ces bons samaritains, il a quitt\u00e9 la ville environ deux semaines avant son d\u00e9c\u00e8s.<\/p>\n<p>                                                                                Une derni\u00e8re nuit \u00e0 la Busserine<\/p>\n<p class=\"fs-5 \">Le jeune Ni\u00e7ois, sans ressources, atterrit alors \u00e0 la Busserine, \u00e0 Marseille. Et ce, malgr\u00e9 la mise en garde d\u2019un certain Samba, crois\u00e9 sur la route qui lui avait confi\u00e9 y avoir \u00e9t\u00e9 maltrait\u00e9.<\/p>\n<p class=\"fs-5 \">La logeuse Naceira confirme l\u2019avoir h\u00e9berg\u00e9, mais une nuit seulement. Le lendemain, elle assure que celui qu\u2019elle identifie comme Ange-Nicoly S., \u00ab\u00a0le noir costaud\u00a0\u00bb, est venu le chercher aux alentours de 2 heures du matin.<\/p>\n<p class=\"fs-5 \">Evandro est abattu peu de temps apr\u00e8s. Des voisins disent avoir entendu une d\u00e9tonation entre 3 heures et 4 heures du matin.<\/p>\n<p class=\"fs-5 \">La date du proc\u00e8s aux assises n\u2019est pas encore connue. Apr\u00e8s quatre ans d\u2019enqu\u00eate, le parquet de Marseille renvoie Guy Boakye, Ange-Nicoly S., Naceira H. et Lounis L.<\/p>\n<p class=\"fs-5 \">L\u2019avocate de Guy Boakye, Ma\u00eetre May Sarah Vogelhut, indique que son client nie fermement toute implication dans la mort d\u2019Evandro et argumente\u00a0: \u00ab\u00a0C\u2019est d\u2019ailleurs la raison pour laquelle nous sommes all\u00e9s devant la chambre d\u2019instruction\u00a0\u00bb. Les autres accus\u00e9s affirment eux aussi n\u2019\u00eatre en rien impliqu\u00e9s dans la mort du jeune homme.<\/p>\n","protected":false},"excerpt":{"rendered":"Samedi 24 octobre 2020, 8 h 32. Le corps d\u2019Evandro, un Ni\u00e7ois de 19 ans, g\u00eet sur le&hellip;\n","protected":false},"author":2,"featured_media":461702,"comment_status":"","ping_status":"","sticky":false,"template":"","format":"standard","meta":{"footnotes":""},"categories":[2819],"tags":[1111,11,1777,674,1011,27,12,2401,882,25],"class_list":{"0":"post-461701","1":"post","2":"type-post","3":"status-publish","4":"format-standard","5":"has-post-thumbnail","7":"category-nice","8":"tag-actu","9":"tag-actualites","10":"tag-eu","11":"tag-europe","12":"tag-fr","13":"tag-france","14":"tag-news","15":"tag-nice","16":"tag-provence-alpes-cote-dazur","17":"tag-republique-francaise"},"share_on_mastodon":{"url":"https:\/\/pubeurope.com\/@fr\/115371089214887730","error":""},"_links":{"self":[{"href":"https:\/\/www.europesays.com\/fr\/wp-json\/wp\/v2\/posts\/461701","targetHints":{"allow":["GET"]}}],"collection":[{"href":"https:\/\/www.europesays.com\/fr\/wp-json\/wp\/v2\/posts"}],"about":[{"href":"https:\/\/www.europesays.com\/fr\/wp-json\/wp\/v2\/types\/post"}],"author":[{"embeddable":true,"href":"https:\/\/www.europesays.com\/fr\/wp-json\/wp\/v2\/users\/2"}],"replies":[{"embeddable":true,"href":"https:\/\/www.europesays.com\/fr\/wp-json\/wp\/v2\/comments?post=461701"}],"version-history":[{"count":0,"href":"https:\/\/www.europesays.com\/fr\/wp-json\/wp\/v2\/posts\/461701\/revisions"}],"wp:featuredmedia":[{"embeddable":true,"href":"https:\/\/www.europesays.com\/fr\/wp-json\/wp\/v2\/media\/461702"}],"wp:attachment":[{"href":"https:\/\/www.europesays.com\/fr\/wp-json\/wp\/v2\/media?parent=461701"}],"wp:term":[{"taxonomy":"category","embeddable":true,"href":"https:\/\/www.europesays.com\/fr\/wp-json\/wp\/v2\/categories?post=461701"},{"taxonomy":"post_tag","embeddable":true,"href":"https:\/\/www.europesays.com\/fr\/wp-json\/wp\/v2\/tags?post=461701"}],"curies":[{"name":"wp","href":"https:\/\/api.w.org\/{rel}","templated":true}]}}