{"id":461703,"date":"2025-10-14T06:24:33","date_gmt":"2025-10-14T06:24:33","guid":{"rendered":"https:\/\/www.europesays.com\/fr\/461703\/"},"modified":"2025-10-14T06:24:33","modified_gmt":"2025-10-14T06:24:33","slug":"nouvel-appel-a-temoin-24-ans-apres-le-meurtre-dune-jeune-femme-a-nice","status":"publish","type":"post","link":"https:\/\/www.europesays.com\/fr\/461703\/","title":{"rendered":"Nouvel appel \u00e0 t\u00e9moin 24 ans apr\u00e8s le meurtre d\u2019une jeune femme \u00e0 Nice"},"content":{"rendered":"<p>En\u00a02001, Ariane Guillot meurt d\u2019un <a href=\"https:\/\/www.20minutes.fr\/dossier\/coup_de_couteau\" class=\"c-link c-link--is-underlined\" rel=\"nofollow noopener\" target=\"_blank\">coup de couteau<\/a> en pleine poitrine \u00e0 Nice. Ce mardi, soit 24 ans plus tard, le p\u00f4le <a href=\"https:\/\/www.20minutes.fr\/dossier\/cold_case\" class=\"c-link c-link--is-underlined\" rel=\"nofollow noopener\" target=\"_blank\">cold cases<\/a> du tribunal de <a href=\"https:\/\/www.20minutes.fr\/dossier\/nanterre\" class=\"c-link c-link--is-underlined\" rel=\"nofollow noopener\" target=\"_blank\">Nanterre <\/a>a lanc\u00e9 mardi un appel \u00e0 t\u00e9moins pour obtenir des informations sur le meurtre de la jeune femme. Le dispositif \u00ab\u00a0est destin\u00e9 \u00e0 recueillir toute information permettant de favoriser l\u2019\u00e9lucidation de ce crime\u00a0\u00bb, d\u00e9taille le procureur de la R\u00e9publique de Nanterre Yves Badorc dans un communiqu\u00e9.<\/p>\n<p>Ce texte accompagne une nouvelle vid\u00e9o \u00ab\u00a0En qu\u00eate d\u2019indices\u00a0\u00bb, le cinqui\u00e8me appel \u00e0 t\u00e9moins du p\u00f4le qui reprend les codes des \u00e9missions d\u00e9di\u00e9es aux <a href=\"https:\/\/www.20minutes.fr\/faits_divers\/\" class=\"c-link c-link--is-underlined\" rel=\"nofollow noopener\" target=\"_blank\">faits divers<\/a>. La jeune enseignante avait \u00e9t\u00e9 poignard\u00e9e \u00e0 Nice en fin d\u2019apr\u00e8s-midi le 18\u00a0avril 2001 alors qu\u2019elle se promenait dans le parc de la colline du Ch\u00e2teau qui surplombe la ville. Parisienne, elle \u00e9tait descendue pour les vacances sur la C\u00f4te d\u2019Azur pour garder son neveu.<\/p>\n<\/p>\n<p>Des analyses g\u00e9n\u00e9tiques balbutiantes<\/p>\n<p>Tr\u00e8s vite, les enqu\u00eateurs \u00e9cartent \u00ab\u00a0a priori [la] piste crapuleuse\u00a0\u00bb car son portefeuille complet est retrouv\u00e9 sur place, d\u00e9taille le parquet du p\u00f4le des crimes s\u00e9riels ou non-\u00e9lucid\u00e9s (PCSNE) de Nanterre. \u00ab\u00a0Des analyses g\u00e9n\u00e9tiques ont \u00e9t\u00e9 r\u00e9alis\u00e9es mais ne donnent rien de probant \u00e0 ce moment-l\u00e0\u00a0\u00bb, d\u00e9taille le minist\u00e8re public, \u00e0 l\u2019\u00e9poque o\u00f9 l\u2019utilisation de l\u2019<a href=\"https:\/\/www.20minutes.fr\/dossier\/adn\" class=\"c-link c-link--is-underlined\" rel=\"nofollow noopener\" target=\"_blank\">ADN<\/a> \u00ab\u00a0d\u00e9bute\u00a0\u00bb.<\/p>\n<p>Apr\u00e8s deux non-lieux en\u00a02006 puis en d\u00e9cembre\u00a02009, l\u2019Office central pour la r\u00e9pression des violences aux personnes (OCRVP), service d\u2019enqu\u00eate qui travaille avec le p\u00f4le, proposera ce dossier parmi de nombreux autres cold cases. Le 18 juillet\u00a02022, le parquet de Nanterre ouvre une enqu\u00eate pr\u00e9liminaire.<\/p>\n<p>\u00ab\u00a0C\u2019est le moment\u00a0\u00bb<\/p>\n<p>\u00ab\u00a0Le dossier Ariane Guillot est particulier parce qu\u2019au niveau national, il n\u2019est pas connu, mais au niveau ni\u00e7ois, il a marqu\u00e9\u00a0\u00bb, explique le patron de l\u2019OCRVP, Franck Dannerolle, pour qui \u00ab\u00a0c\u2019est le moment\u00a0\u00bb de faire cet appel \u00e0 t\u00e9moins apr\u00e8s l\u2019exploration de \u00ab\u00a0diff\u00e9rentes pistes d\u2019investigation\u00a0\u00bb. \u00ab\u00a0Avec un dispositif national, on peut arriver \u00e0 r\u00e9cup\u00e9rer un t\u00e9moignage de quelqu\u2019un qui a v\u00e9cu \u00e0 Nice \u00e0 l\u2019\u00e9poque, ou qui \u00e9tait en tourisme \u00e0 Nice \u00e0 l\u2019\u00e9poque\u00a0\u00bb, souligne-t-il.<\/p>\n<p>La r\u00e9ouverture de l\u2019enqu\u00eate a \u00e9galement permis de mener de nouvelles analyses g\u00e9n\u00e9tiques, des examens techniques de la plaie, des examens en morphoanalyse des traces de sang retrouv\u00e9es sur la sc\u00e8ne de crime et le recours \u00e0 des psychocriminologues de l\u2019OCRVP. En\u00a02024, r\u00e9v\u00e8le le parquet, une personne a \u00e9t\u00e9 plac\u00e9e en garde \u00e0 vue, mais elle sera mise hors de cause.<\/p>\n<p>\u00ab\u00a0L\u2019important, c\u2019est de maintenir en vie ces dossiers-l\u00e0 et de leur donner un maximum de chances de r\u00e9solution\u00a0\u00bb, conclut Franck Dannerolle. Les t\u00e9moignages r\u00e9colt\u00e9s seront trait\u00e9s par les agents de l\u2019OCRVP et par ceux de la <a href=\"https:\/\/www.20minutes.fr\/dossier\/police\" class=\"c-link c-link--is-underlined\" rel=\"nofollow noopener\" target=\"_blank\">police<\/a> judiciaire de Nice, co-saisis dans cette enqu\u00eate et \u00e0 l\u2019origine des premi\u00e8res investigations.<\/p>\n","protected":false},"excerpt":{"rendered":"En\u00a02001, Ariane Guillot meurt d\u2019un coup de couteau en pleine poitrine \u00e0 Nice. Ce mardi, soit 24 ans&hellip;\n","protected":false},"author":2,"featured_media":461704,"comment_status":"","ping_status":"","sticky":false,"template":"","format":"standard","meta":{"footnotes":""},"categories":[2819],"tags":[1111,47,11,2898,3495,1777,674,118,1011,27,3314,662,777,10963,12,2401,883,15860,882,25,40507],"class_list":{"0":"post-461703","1":"post","2":"type-post","3":"status-publish","4":"format-standard","5":"has-post-thumbnail","7":"category-nice","8":"tag-actu","9":"tag-actualite","10":"tag-actualites","11":"tag-alpes-maritimes","12":"tag-cold-case","13":"tag-eu","14":"tag-europe","15":"tag-faits-divers","16":"tag-fr","17":"tag-france","18":"tag-hauts-de-seine","19":"tag-ile-de-france","20":"tag-meurtre","21":"tag-nanterre","22":"tag-news","23":"tag-nice","24":"tag-paca","25":"tag-parquet","26":"tag-provence-alpes-cote-dazur","27":"tag-republique-francaise","28":"tag-temoin"},"share_on_mastodon":{"url":"https:\/\/pubeurope.com\/@fr\/115371092463816074","error":""},"_links":{"self":[{"href":"https:\/\/www.europesays.com\/fr\/wp-json\/wp\/v2\/posts\/461703","targetHints":{"allow":["GET"]}}],"collection":[{"href":"https:\/\/www.europesays.com\/fr\/wp-json\/wp\/v2\/posts"}],"about":[{"href":"https:\/\/www.europesays.com\/fr\/wp-json\/wp\/v2\/types\/post"}],"author":[{"embeddable":true,"href":"https:\/\/www.europesays.com\/fr\/wp-json\/wp\/v2\/users\/2"}],"replies":[{"embeddable":true,"href":"https:\/\/www.europesays.com\/fr\/wp-json\/wp\/v2\/comments?post=461703"}],"version-history":[{"count":0,"href":"https:\/\/www.europesays.com\/fr\/wp-json\/wp\/v2\/posts\/461703\/revisions"}],"wp:featuredmedia":[{"embeddable":true,"href":"https:\/\/www.europesays.com\/fr\/wp-json\/wp\/v2\/media\/461704"}],"wp:attachment":[{"href":"https:\/\/www.europesays.com\/fr\/wp-json\/wp\/v2\/media?parent=461703"}],"wp:term":[{"taxonomy":"category","embeddable":true,"href":"https:\/\/www.europesays.com\/fr\/wp-json\/wp\/v2\/categories?post=461703"},{"taxonomy":"post_tag","embeddable":true,"href":"https:\/\/www.europesays.com\/fr\/wp-json\/wp\/v2\/tags?post=461703"}],"curies":[{"name":"wp","href":"https:\/\/api.w.org\/{rel}","templated":true}]}}