{"id":461705,"date":"2025-10-14T06:25:13","date_gmt":"2025-10-14T06:25:13","guid":{"rendered":"https:\/\/www.europesays.com\/fr\/461705\/"},"modified":"2025-10-14T06:25:13","modified_gmt":"2025-10-14T06:25:13","slug":"santa-muerte-la-parade-dhalloween-la-plus-envoutante-de-nantes","status":"publish","type":"post","link":"https:\/\/www.europesays.com\/fr\/461705\/","title":{"rendered":"Santa Muerte\u00a0: la parade d\u2019Halloween la plus envo\u00fbtante de Nantes\u00a0!"},"content":{"rendered":"<p>Sur fond de musiques \u00e9lectro aux accents mexicains, une troupe de personnages squelettiques et flamboyants d\u00e9ambulera dans les rues nantaises, transformant la ville en <strong>un v\u00e9ritable carnaval des esprits joyeux.<\/strong> Loin d\u2019\u00eatre lugubres, ces squelettes pleins de vie c\u00e9l\u00e8brent la m\u00e9moire, la f\u00eate et la joie d\u2019\u00eatre ensemble.<\/p>\n<p>&#13;<br \/>\nEntre tradition et modernit\u00e9&#13;<\/p>\n<p>Inspir\u00e9 de la Santa Muerte, figure mythique du folklore mexicain, le spectacle revisite les codes du genre avec une ambiance \u00e9lectro, festive et po\u00e9tique. <strong>Danseuses virevoltantes, m\u00e2choires claquantes, regards rieurs, les artistes de la compagnie Plan\u00e8te Vapeur promettent une exp\u00e9rience sensorielle et visuelle qui brouille les fronti\u00e8res entre r\u00eave et r\u00e9alit\u00e9. <\/strong>Chaque pas de danse, chaque percussion, chaque \u00e9clat de rire invite le public \u00e0 c\u00e9l\u00e9brer la vie autant que la mort, dans la plus pure tradition latino-am\u00e9ricaine.<\/p>\n<p>&#13;<\/p>\n<blockquote class=\"instagram-media\" data-instgrm-permalink=\"https:\/\/www.instagram.com\/p\/DPlb3XqADwn\/?utm_source=ig_embed&amp;utm_campaign=loading\" data-instgrm-version=\"14\" style=\"background: #FFF; border: 0; border-radius: 3px; box-shadow: 0 0 1px 0 rgba(0,0,0,0.5),0 1px 10px 0 rgba(0,0,0,0.15); margin: 1px; max-width: 540px; min-width: 326px; padding: 0; width: calc(100% - 2px);\"><p>&#13;<br \/>\n&#13;\n<\/p><\/blockquote>\n<p>&#13;<br \/>\n&#13;<br \/>\n<br \/>Une f\u00eate pour petits et grands&#13;<\/p>\n<p>Ce qui fait le charme de Santa Muerte, c\u2019est son esprit participatif et joyeux. <strong>Le spectacle d\u00e9butera \u00e0 16h30 rue Voltaire et s\u2019ach\u00e8vera place du Commerce \u00e0 18h, apr\u00e8s une grande parade festive dans le c\u0153ur de Nantes.<\/strong> Et avant de rejoindre le cort\u00e8ge, les plus jeunes pourront eux aussi se mettre dans l\u2019ambiance gr\u00e2ce aux <strong>stands de maquillage gratuits\u00a0! <\/strong>Rendez-vous place F\u00e9lix Fournier et rue Voltaire entre 14h et 16h pour se transformer en mini-calavera color\u00e9e\u00a0!<\/p>\n<p>&#13;<br \/>\nUn Halloween joyeux et en musique&#13;<\/p>\n<p>Avec Santa Muerte, oubliez les frissons d\u2019horreur et laissez place \u00e0 la magie de la f\u00eate et de la couleur. Entre les rythmes \u00e9lectro mexicains, les costumes spectaculaires et les chor\u00e9graphies envo\u00fbtantes, c\u2019est tout le centre-ville qui va battre au rythme de cette c\u00e9l\u00e9bration hors du temps. L\u2019\u00e9v\u00e9nement est aussi l\u2019occasion de profiter des commerces nantais, de fl\u00e2ner dans les rues anim\u00e9es et de partager un moment inoubliable en famille ou entre amis.<\/p>\n<p>&#13;<\/p>\n<p>Alors, pr\u00eats \u00e0 marcher avec les esprits de la Santa Muerte\u00a0?<\/p>\n<p><script async src=\"\/\/www.instagram.com\/embed.js\"><\/script><\/p>\n","protected":false},"excerpt":{"rendered":"Sur fond de musiques \u00e9lectro aux accents mexicains, une troupe de personnages squelettiques et flamboyants d\u00e9ambulera dans les&hellip;\n","protected":false},"author":2,"featured_media":461706,"comment_status":"","ping_status":"","sticky":false,"template":"","format":"standard","meta":{"footnotes":""},"categories":[2818],"tags":[1111,11,1777,674,1011,27,766,12,2636,25],"class_list":{"0":"post-461705","1":"post","2":"type-post","3":"status-publish","4":"format-standard","5":"has-post-thumbnail","7":"category-nantes","8":"tag-actu","9":"tag-actualites","10":"tag-eu","11":"tag-europe","12":"tag-fr","13":"tag-france","14":"tag-nantes","15":"tag-news","16":"tag-pays-de-la-loire","17":"tag-republique-francaise"},"share_on_mastodon":{"url":"https:\/\/pubeurope.com\/@fr\/115371096440912288","error":""},"_links":{"self":[{"href":"https:\/\/www.europesays.com\/fr\/wp-json\/wp\/v2\/posts\/461705","targetHints":{"allow":["GET"]}}],"collection":[{"href":"https:\/\/www.europesays.com\/fr\/wp-json\/wp\/v2\/posts"}],"about":[{"href":"https:\/\/www.europesays.com\/fr\/wp-json\/wp\/v2\/types\/post"}],"author":[{"embeddable":true,"href":"https:\/\/www.europesays.com\/fr\/wp-json\/wp\/v2\/users\/2"}],"replies":[{"embeddable":true,"href":"https:\/\/www.europesays.com\/fr\/wp-json\/wp\/v2\/comments?post=461705"}],"version-history":[{"count":0,"href":"https:\/\/www.europesays.com\/fr\/wp-json\/wp\/v2\/posts\/461705\/revisions"}],"wp:featuredmedia":[{"embeddable":true,"href":"https:\/\/www.europesays.com\/fr\/wp-json\/wp\/v2\/media\/461706"}],"wp:attachment":[{"href":"https:\/\/www.europesays.com\/fr\/wp-json\/wp\/v2\/media?parent=461705"}],"wp:term":[{"taxonomy":"category","embeddable":true,"href":"https:\/\/www.europesays.com\/fr\/wp-json\/wp\/v2\/categories?post=461705"},{"taxonomy":"post_tag","embeddable":true,"href":"https:\/\/www.europesays.com\/fr\/wp-json\/wp\/v2\/tags?post=461705"}],"curies":[{"name":"wp","href":"https:\/\/api.w.org\/{rel}","templated":true}]}}