{"id":461711,"date":"2025-10-14T06:28:12","date_gmt":"2025-10-14T06:28:12","guid":{"rendered":"https:\/\/www.europesays.com\/fr\/461711\/"},"modified":"2025-10-14T06:28:12","modified_gmt":"2025-10-14T06:28:12","slug":"138-collisions-avec-les-tramways-enregistrees-en-un-an-a-bordeaux","status":"publish","type":"post","link":"https:\/\/www.europesays.com\/fr\/461711\/","title":{"rendered":"138 collisions avec les tramways enregistr\u00e9es en un an \u00e0 Bordeaux"},"content":{"rendered":"<p>C&rsquo;est le premier accident mortel de l&rsquo;ann\u00e9e 2025 sur le r\u00e9seau Transport Bordeaux M\u00e9tropole. Une adolescente de 16 ans a \u00e9t\u00e9 fauch\u00e9e par un tramway dans la nuit de dimanche \u00e0 lundi. Le conducteur doit \u00eatre entendu ce mardi par les enqu\u00eateurs<\/p>\n<p>C&rsquo;est le premier accident mortel de l&rsquo;ann\u00e9e 2025 sur le r\u00e9seau TBM. Une adolescente de 16 ans a \u00e9t\u00e9 mortellement fauch\u00e9e par un tramway de la ligne C\u00a0 dans la nuit de dimanche \u00e0 lundi, au croisement du quai Richelieu et du cours Alsace Lorraine. Le conducteur du tram \u00e2g\u00e9 de 24 ans doit \u00eatre entendu ce mardi matin par les enqu\u00eateurs.<\/p>\n<p>Selon les 1ers \u00e9l\u00e9ments de l&rsquo;enqu\u00eate, la jeune fille marchait avec une amie sur le trottoir\u00a0 quand elle a travers\u00e9 les rails au dernier moment, sans voir le tram arriver explique Pierrick Poirier,\u00a0directeur g\u00e9n\u00e9ral de K\u00e9olis Bordeaux M\u00e9tropole Mobilit\u00e9.<\/p>\n<p>Ces 12 derniers mois, Keolis Mobilit\u00e9 a enregistr\u00e9 138 collisions sur le r\u00e9seau tramway, 55 impliquent des pi\u00e9tons, cyclistes ou trottinettes<\/p>\n","protected":false},"excerpt":{"rendered":"C&rsquo;est le premier accident mortel de l&rsquo;ann\u00e9e 2025 sur le r\u00e9seau Transport Bordeaux M\u00e9tropole. Une adolescente de 16&hellip;\n","protected":false},"author":2,"featured_media":461712,"comment_status":"","ping_status":"","sticky":false,"template":"","format":"standard","meta":{"footnotes":""},"categories":[2817],"tags":[1111,11,1997,1777,674,1011,27,12,2219,25],"class_list":{"0":"post-461711","1":"post","2":"type-post","3":"status-publish","4":"format-standard","5":"has-post-thumbnail","7":"category-bordeaux","8":"tag-actu","9":"tag-actualites","10":"tag-bordeaux","11":"tag-eu","12":"tag-europe","13":"tag-fr","14":"tag-france","15":"tag-news","16":"tag-nouvelle-aquitaine","17":"tag-republique-francaise"},"share_on_mastodon":{"url":"https:\/\/pubeurope.com\/@fr\/115371108291674006","error":""},"_links":{"self":[{"href":"https:\/\/www.europesays.com\/fr\/wp-json\/wp\/v2\/posts\/461711","targetHints":{"allow":["GET"]}}],"collection":[{"href":"https:\/\/www.europesays.com\/fr\/wp-json\/wp\/v2\/posts"}],"about":[{"href":"https:\/\/www.europesays.com\/fr\/wp-json\/wp\/v2\/types\/post"}],"author":[{"embeddable":true,"href":"https:\/\/www.europesays.com\/fr\/wp-json\/wp\/v2\/users\/2"}],"replies":[{"embeddable":true,"href":"https:\/\/www.europesays.com\/fr\/wp-json\/wp\/v2\/comments?post=461711"}],"version-history":[{"count":0,"href":"https:\/\/www.europesays.com\/fr\/wp-json\/wp\/v2\/posts\/461711\/revisions"}],"wp:featuredmedia":[{"embeddable":true,"href":"https:\/\/www.europesays.com\/fr\/wp-json\/wp\/v2\/media\/461712"}],"wp:attachment":[{"href":"https:\/\/www.europesays.com\/fr\/wp-json\/wp\/v2\/media?parent=461711"}],"wp:term":[{"taxonomy":"category","embeddable":true,"href":"https:\/\/www.europesays.com\/fr\/wp-json\/wp\/v2\/categories?post=461711"},{"taxonomy":"post_tag","embeddable":true,"href":"https:\/\/www.europesays.com\/fr\/wp-json\/wp\/v2\/tags?post=461711"}],"curies":[{"name":"wp","href":"https:\/\/api.w.org\/{rel}","templated":true}]}}