{"id":461713,"date":"2025-10-14T06:29:20","date_gmt":"2025-10-14T06:29:20","guid":{"rendered":"https:\/\/www.europesays.com\/fr\/461713\/"},"modified":"2025-10-14T06:29:20","modified_gmt":"2025-10-14T06:29:20","slug":"plus-de-9-kilometres-de-bouchon-signales-sur-la64-au-sud-de-toulouse-ce-mardi","status":"publish","type":"post","link":"https:\/\/www.europesays.com\/fr\/461713\/","title":{"rendered":"Plus de 9 kilom\u00e8tres de bouchon signal\u00e9s sur l&rsquo;A64, au Sud de Toulouse, ce mardi"},"content":{"rendered":"<p><strong>Prudence sur la route. Le trafic est perturb\u00e9 tout autour de Toulouse ce mardi 14 octobre 2025. Les automobilistes sont bloqu\u00e9s sur plus de 9 kilom\u00e8tres sur l\u2019A64, au Sud de Toulouse. Le point sur la circulation avec Le Journal Toulousain. <\/strong><\/p>\n<p><img fetchpriority=\"high\" decoding=\"async\" width=\"1200\" height=\"800\" src=\"https:\/\/www.europesays.com\/fr\/wp-content\/uploads\/2025\/10\/Depositphotos_692818964_XL.jpg\" alt=\"Plus de 9 kilom\u00e8tres de bouchon signal\u00e9s sur l'A64, au Sud de Toulouse, ce mardi\"  \/><\/p>\n<p>Plus de 9 kilom\u00e8tres de bouchon signal\u00e9s sur l\u2019A64, au Sud de Toulouse, ce mardi \u00a9 danielt.1994 \/ Depositphotos <\/p>\n<p><strong>Au Sud de Toulouse : <\/strong><a href=\"https:\/\/www.lejournaltoulousain.fr\/occitanie\/haute-garonne\/toulouse\/trafic-perturbe-9-kilometres-a64-sud-toulouse-lundi-340465\/\" data-type=\"link\" data-id=\"https:\/\/www.lejournaltoulousain.fr\/occitanie\/haute-garonne\/toulouse\/trafic-perturbe-9-kilometres-a64-sud-toulouse-lundi-340465\/\" target=\"_blank\" rel=\"noopener\">Le trafic routier de nouveau difficile<\/a> ce mardi 14 octobre 2025. Des ralentissements sur pr\u00e8s de 6 kilom\u00e8tres \u00e9taient d\u00e9j\u00e0 signal\u00e9s avant 7h30 sur l\u2019A64, dans le sens Bayonne \u2013 Toulouse, entre Roques et Portet-sur-Garonne. En cause : le r\u00e9tr\u00e9cissement des voies. Depuis 7h45, les automobilistes sont bloqu\u00e9s sur plus de 9 kilom\u00e8tres jusqu\u2019\u00e0 Toulouse. <\/p>\n<p><strong>A l\u2019Ouest de Toulouse : <\/strong>Un bouchon s\u2019\u00e9tend sur 4 kilom\u00e8tres sur la route nationale 124, dans le sens Langon \u2013 Toulouse, entre Pibrac et Colomiers. <\/p>\n<p><strong>Au Nord de Toulouse : <\/strong>Le trafic est perturb\u00e9 \u00e0 cause du r\u00e9tr\u00e9cissement des voies sur l\u2019A62, dans le sens ext\u00e9rieur de Toulouse vers Bordeaux. D\u2019apr\u00e8s <a href=\"https:\/\/www.bison-fute.gouv.fr\/maintenant.html\" target=\"_blank\" data-type=\"link\" data-id=\"https:\/\/www.bison-fute.gouv.fr\/maintenant.html\" rel=\"noopener\">Bison Fut\u00e9<\/a>, la circulation est au ralenti sur 5 kilom\u00e8tres. Du c\u00f4t\u00e9 de l\u2019A68, de Albi vers la Ville rose, des ralentissements sont \u00e9galement recens\u00e9s sur 4 kilom\u00e8tres entre Rouffiac-Tolosan et Toulouse. <\/p>\n<p><strong>A l\u2019Est de Toulouse : <\/strong>La prudence est aussi de mise sur l\u2019A61, dans le sens int\u00e9rieur de Toulouse vers Narbonne, \u00e0 hauteur du quartier C\u00f4te Pav\u00e9e. Le r\u00e9tr\u00e9cissement des voies impacte la circulation sur 3 kilom\u00e8tres. <\/p>\n","protected":false},"excerpt":{"rendered":"Prudence sur la route. Le trafic est perturb\u00e9 tout autour de Toulouse ce mardi 14 octobre 2025. Les&hellip;\n","protected":false},"author":2,"featured_media":461714,"comment_status":"","ping_status":"","sticky":false,"template":"","format":"standard","meta":{"footnotes":""},"categories":[2816],"tags":[1111,11,56873,58634,1777,674,1011,27,12,2680,58633,25,2312],"class_list":{"0":"post-461713","1":"post","2":"type-post","3":"status-publish","4":"format-standard","5":"has-post-thumbnail","7":"category-toulouse","8":"tag-actu","9":"tag-actualites","10":"tag-au-sud-de-toulouse","11":"tag-ce-mardi","12":"tag-eu","13":"tag-europe","14":"tag-fr","15":"tag-france","16":"tag-news","17":"tag-occitanie","18":"tag-plus-de-9-kilomu00e8tres-de-bouchon-signalu00e9s-sur-la64","19":"tag-republique-francaise","20":"tag-toulouse"},"share_on_mastodon":{"url":"https:\/\/pubeurope.com\/@fr\/115371112793468171","error":""},"_links":{"self":[{"href":"https:\/\/www.europesays.com\/fr\/wp-json\/wp\/v2\/posts\/461713","targetHints":{"allow":["GET"]}}],"collection":[{"href":"https:\/\/www.europesays.com\/fr\/wp-json\/wp\/v2\/posts"}],"about":[{"href":"https:\/\/www.europesays.com\/fr\/wp-json\/wp\/v2\/types\/post"}],"author":[{"embeddable":true,"href":"https:\/\/www.europesays.com\/fr\/wp-json\/wp\/v2\/users\/2"}],"replies":[{"embeddable":true,"href":"https:\/\/www.europesays.com\/fr\/wp-json\/wp\/v2\/comments?post=461713"}],"version-history":[{"count":0,"href":"https:\/\/www.europesays.com\/fr\/wp-json\/wp\/v2\/posts\/461713\/revisions"}],"wp:featuredmedia":[{"embeddable":true,"href":"https:\/\/www.europesays.com\/fr\/wp-json\/wp\/v2\/media\/461714"}],"wp:attachment":[{"href":"https:\/\/www.europesays.com\/fr\/wp-json\/wp\/v2\/media?parent=461713"}],"wp:term":[{"taxonomy":"category","embeddable":true,"href":"https:\/\/www.europesays.com\/fr\/wp-json\/wp\/v2\/categories?post=461713"},{"taxonomy":"post_tag","embeddable":true,"href":"https:\/\/www.europesays.com\/fr\/wp-json\/wp\/v2\/tags?post=461713"}],"curies":[{"name":"wp","href":"https:\/\/api.w.org\/{rel}","templated":true}]}}