{"id":461715,"date":"2025-10-14T06:30:12","date_gmt":"2025-10-14T06:30:12","guid":{"rendered":"https:\/\/www.europesays.com\/fr\/461715\/"},"modified":"2025-10-14T06:30:12","modified_gmt":"2025-10-14T06:30:12","slug":"quartier-des-chalets-a-toulouse","status":"publish","type":"post","link":"https:\/\/www.europesays.com\/fr\/461715\/","title":{"rendered":"Quartier des Chalets \u00e0 Toulouse"},"content":{"rendered":"<p>Le quartier des Chalets b\u00e9n\u00e9ficie d\u2019<strong>une offre \u00e9ducative couvrant la petite enfance, l\u2019enseignement primaire, secondaire et sup\u00e9rieur<\/strong>, avec des \u00e9tablissements publics et priv\u00e9s r\u00e9put\u00e9s.<\/p>\n<p>\u00c9coles maternelles et primaires<\/p>\n<p>Parmi les \u00e9coles publiques, on trouve l\u2019<strong>\u00e9cole maternelle Merly<\/strong>, Matabiau et N\u00e9greneys, ainsi que les \u00e9coles primaires Bayard-Matabiau et Nord.<\/p>\n<p>Plusieurs \u00e9tablissements scolaires accueillent <strong>les niveaux maternelle et primaire<\/strong>\u00a0: Sermet, Bonnefoy, Marie-et-Pierre-Curie, et Claude-Nougaro.<\/p>\n<p>Coll\u00e8ges et lyc\u00e9es<\/p>\n<p>Le coll\u00e8ge des Chalets accueille les \u00e9l\u00e8ves du secondaire, tandis que <strong>le secteur est desservi par plusieurs lyc\u00e9es publics<\/strong>\u00a0: Saint-Sernin, <strong>Ozenne<\/strong> et Jean-Jacques Rousseau.<\/p>\n<p>\u00c9ducation sup\u00e9rieure et sp\u00e9cialis\u00e9e<\/p>\n<p>Pour l\u2019enseignement sup\u00e9rieur, <strong>la proximit\u00e9 de l\u2019Universit\u00e9 Toulouse 1 Capitole <\/strong>et de grandes \u00e9coles, dont l\u2019<strong>IPSA<\/strong> et <strong>Toulouse Business School<\/strong>, constitue un atout.<\/p>\n<p><strong>Des structures sp\u00e9cialis\u00e9es<\/strong>, comme l\u2019Atelier Prep&rsquo;Art, viennent compl\u00e9ter l\u2019offre \u00e9ducative.<\/p>\n","protected":false},"excerpt":{"rendered":"Le quartier des Chalets b\u00e9n\u00e9ficie d\u2019une offre \u00e9ducative couvrant la petite enfance, l\u2019enseignement primaire, secondaire et sup\u00e9rieur, avec&hellip;\n","protected":false},"author":2,"featured_media":461716,"comment_status":"","ping_status":"","sticky":false,"template":"","format":"standard","meta":{"footnotes":""},"categories":[2816],"tags":[1111,11,1777,674,1011,27,12,2680,25,2312],"class_list":{"0":"post-461715","1":"post","2":"type-post","3":"status-publish","4":"format-standard","5":"has-post-thumbnail","7":"category-toulouse","8":"tag-actu","9":"tag-actualites","10":"tag-eu","11":"tag-europe","12":"tag-fr","13":"tag-france","14":"tag-news","15":"tag-occitanie","16":"tag-republique-francaise","17":"tag-toulouse"},"share_on_mastodon":{"url":"https:\/\/pubeurope.com\/@fr\/115371116074521846","error":""},"_links":{"self":[{"href":"https:\/\/www.europesays.com\/fr\/wp-json\/wp\/v2\/posts\/461715","targetHints":{"allow":["GET"]}}],"collection":[{"href":"https:\/\/www.europesays.com\/fr\/wp-json\/wp\/v2\/posts"}],"about":[{"href":"https:\/\/www.europesays.com\/fr\/wp-json\/wp\/v2\/types\/post"}],"author":[{"embeddable":true,"href":"https:\/\/www.europesays.com\/fr\/wp-json\/wp\/v2\/users\/2"}],"replies":[{"embeddable":true,"href":"https:\/\/www.europesays.com\/fr\/wp-json\/wp\/v2\/comments?post=461715"}],"version-history":[{"count":0,"href":"https:\/\/www.europesays.com\/fr\/wp-json\/wp\/v2\/posts\/461715\/revisions"}],"wp:featuredmedia":[{"embeddable":true,"href":"https:\/\/www.europesays.com\/fr\/wp-json\/wp\/v2\/media\/461716"}],"wp:attachment":[{"href":"https:\/\/www.europesays.com\/fr\/wp-json\/wp\/v2\/media?parent=461715"}],"wp:term":[{"taxonomy":"category","embeddable":true,"href":"https:\/\/www.europesays.com\/fr\/wp-json\/wp\/v2\/categories?post=461715"},{"taxonomy":"post_tag","embeddable":true,"href":"https:\/\/www.europesays.com\/fr\/wp-json\/wp\/v2\/tags?post=461715"}],"curies":[{"name":"wp","href":"https:\/\/api.w.org\/{rel}","templated":true}]}}