{"id":461717,"date":"2025-10-14T06:31:35","date_gmt":"2025-10-14T06:31:35","guid":{"rendered":"https:\/\/www.europesays.com\/fr\/461717\/"},"modified":"2025-10-14T06:31:35","modified_gmt":"2025-10-14T06:31:35","slug":"ils-avaient-ete-surpris-dans-les-faux-plafonds-dune-banque-deux-hommes-condamnes-dans-le-nord-2","status":"publish","type":"post","link":"https:\/\/www.europesays.com\/fr\/461717\/","title":{"rendered":"Ils avaient \u00e9t\u00e9 surpris dans les faux plafonds d\u2019une banque, deux hommes condamn\u00e9s dans le Nord"},"content":{"rendered":"<p>Deux hommes de 33 et 37\u00a0ans ont \u00e9t\u00e9 condamn\u00e9s par le tribunal judiciaire de <a href=\"https:\/\/lille.maville.com\/\/\" target=\"_self\" rel=\"noopener\">Lille<\/a> (Nord) mardi 7\u00a0octobre 2025.\u00a0Comme le relate  <a href=\"https:\/\/www.lavoixdunord.fr\/1634976\/article\/2025-10-12\/deux-bras-casses-surpris-dans-les-faux-plafonds-d-une-banque-desaffectee-roubaix\" target=\"_self\" rel=\"noopener\">La Voix du Nord<\/a> , ils avaient \u00e9t\u00e9 retrouv\u00e9s dans les faux plafonds d\u2019une banque d\u00e9saffect\u00e9e de <a href=\"https:\/\/roubaix.maville.com\/\/\" target=\"_self\" rel=\"noopener\">Roubaix<\/a> en ao\u00fbt. Il ne restait plus qu\u2019un <a href=\"https:\/\/rennes.maville.com\/actu\/actudet_-distributeurs-de-billets-pourquoi-les-banques-en-ont-supprime-dix-mille-en-six-ans-_54135-6912201_actu.Htm\" target=\"_self\" rel=\"noopener\">distributeur automatique de billets<\/a> \u00e0 l\u2019int\u00e9rieur de l\u2019agence.<\/p>\n<p>\u00ab\u00a0On a fait n\u2019importe quoi\u00a0\u00bb<\/p>\n<p><strong>\u00ab\u00a0On a fait \u00e7a sur un coup de t\u00eate, on avait vu des vid\u00e9os sur TikTok et on pensait qu\u2019il pouvait y avoir des choses de valeur. On a fait n\u2019importe quoi\u00a0\u00bb,<\/strong> a d\u00e9clar\u00e9 le plus jeune \u00e0 la barre. La procureure a \u00e9voqu\u00e9 un duo de <strong>\u00ab\u00a0d\u00e9linquants bien organis\u00e9s\u00a0\u00bb<\/strong> qui voulaient s\u2019en prendre au distributeur automatique de billets.<\/p>\n<p>L\u2019avocat de la d\u00e9fense a toutefois parl\u00e9 de <strong>\u00ab\u00a0faits peu graves\u00a0\u00bb<\/strong>, l\u2019agence bancaire \u00e9tant d\u00e9saffect\u00e9e. Le plus jeune a \u00e9cop\u00e9 de\u00a0huit mois sous bracelet \u00e9lectronique, tandis que son complice a \u00e9t\u00e9 condamn\u00e9 \u00e0\u00a0un an d\u2019emprisonnement avec maintien en d\u00e9tention, indique le quotidien r\u00e9gional.<\/p>\n<p>Pour en savoir plus\u00a0: lire l\u2019article de <a href=\"https:\/\/www.lavoixdunord.fr\/1634976\/article\/2025-10-12\/deux-bras-casses-surpris-dans-les-faux-plafonds-d-une-banque-desaffectee-roubaix\" target=\"_blank\" rel=\"noopener\"> La Voix du Nord <\/a>.<\/p>\n<p>\u00a0<\/p>\n","protected":false},"excerpt":{"rendered":"Deux hommes de 33 et 37\u00a0ans ont \u00e9t\u00e9 condamn\u00e9s par le tribunal judiciaire de Lille (Nord) mardi 7\u00a0octobre&hellip;\n","protected":false},"author":2,"featured_media":460882,"comment_status":"","ping_status":"","sticky":false,"template":"","format":"standard","meta":{"footnotes":""},"categories":[2815],"tags":[1111,11,523,16087,2883,1777,674,10483,1011,27,811,1101,1307,12,1308,58548,25,36162],"class_list":{"0":"post-461717","1":"post","2":"type-post","3":"status-publish","4":"format-standard","5":"has-post-thumbnail","7":"category-lille","8":"tag-actu","9":"tag-actualites","10":"tag-banque","11":"tag-condamnes","12":"tag-ete","13":"tag-eu","14":"tag-europe","15":"tag-faux","16":"tag-fr","17":"tag-france","18":"tag-hauts-de-france","19":"tag-hommes","20":"tag-lille","21":"tag-news","22":"tag-nord","23":"tag-plafonds","24":"tag-republique-francaise","25":"tag-surpris"},"share_on_mastodon":{"url":"https:\/\/pubeurope.com\/@fr\/115371120013709436","error":""},"_links":{"self":[{"href":"https:\/\/www.europesays.com\/fr\/wp-json\/wp\/v2\/posts\/461717","targetHints":{"allow":["GET"]}}],"collection":[{"href":"https:\/\/www.europesays.com\/fr\/wp-json\/wp\/v2\/posts"}],"about":[{"href":"https:\/\/www.europesays.com\/fr\/wp-json\/wp\/v2\/types\/post"}],"author":[{"embeddable":true,"href":"https:\/\/www.europesays.com\/fr\/wp-json\/wp\/v2\/users\/2"}],"replies":[{"embeddable":true,"href":"https:\/\/www.europesays.com\/fr\/wp-json\/wp\/v2\/comments?post=461717"}],"version-history":[{"count":0,"href":"https:\/\/www.europesays.com\/fr\/wp-json\/wp\/v2\/posts\/461717\/revisions"}],"wp:featuredmedia":[{"embeddable":true,"href":"https:\/\/www.europesays.com\/fr\/wp-json\/wp\/v2\/media\/460882"}],"wp:attachment":[{"href":"https:\/\/www.europesays.com\/fr\/wp-json\/wp\/v2\/media?parent=461717"}],"wp:term":[{"taxonomy":"category","embeddable":true,"href":"https:\/\/www.europesays.com\/fr\/wp-json\/wp\/v2\/categories?post=461717"},{"taxonomy":"post_tag","embeddable":true,"href":"https:\/\/www.europesays.com\/fr\/wp-json\/wp\/v2\/tags?post=461717"}],"curies":[{"name":"wp","href":"https:\/\/api.w.org\/{rel}","templated":true}]}}