{"id":461720,"date":"2025-10-14T06:33:15","date_gmt":"2025-10-14T06:33:15","guid":{"rendered":"https:\/\/www.europesays.com\/fr\/461720\/"},"modified":"2025-10-14T06:33:15","modified_gmt":"2025-10-14T06:33:15","slug":"les-danseurs-marseillais-de-tataki-la-pour-mettre-le-feu","status":"publish","type":"post","link":"https:\/\/www.europesays.com\/fr\/461720\/","title":{"rendered":"les danseurs marseillais de Tataki l\u00e0 pour \u00ab\u00a0mettre le feu\u00a0\u00bb"},"content":{"rendered":"<p>Le talent de France sera peut-\u00eatre de Marseille cette ann\u00e9e. L&rsquo;un des programmes star de M6, \u00ab\u00a0La France a un incroyable talent\u00a0\u00bb, est de retour ce mardi 14 octobre. Pour ces premi\u00e8res auditions, une troupe de 21 danseurs se pr\u00e9sentent sur sc\u00e8ne pour tenter de convaincre le jury (Marianne James, \u00c9ric Antoine, H\u00e9l\u00e8ne S\u00e9gara et Sugar Sammy) de poursuivre l&rsquo;aventure. La Marseillaise Johanna Aparicio, chor\u00e9graphe, a lanc\u00e9 il y a 3 ans Tataki et promet un spectacle explosif.<\/p>\n<p><strong>Que signifie ce nom \u00ab\u00a0Tataki\u00a0\u00bb ?\u00a0<\/strong>&#13;\n<\/p>\n<p>Il a une grande richesse \u00e9motionnelle. \u00ab\u00a0Tataki\u00a0\u00bb \u00e0 la base c&rsquo;est une musique qui m&rsquo;a transport\u00e9e. J&rsquo;ai suivi mon instinct et j&rsquo;ai cr\u00e9\u00e9 avec un groupe une chor\u00e9graphie que j&rsquo;ai pr\u00e9sent\u00e9e \u00e0 un concours en France et \u00e7a a fonctionn\u00e9. On est parti ensuite \u00e0 l&rsquo;\u00e9tranger, en Espagne pour le World of dance Spain qu&rsquo;on a remport\u00e9 pour se qualifier \u00e0 la finale \u00e0 Los Angeles. Et l\u00e0, on est devenu champion du monde. C&rsquo;est un mot maori qui signifie \u00ab\u00a0guide\u00a0\u00bb.<\/p>\n<p><strong>Comment d\u00e9finissez-vous votre style de danse ?<\/strong>&#13;\n<\/p>\n<p>J&rsquo;enseigne et pratique le Modern jazz. Aujourd&rsquo;hui il est important de s&rsquo;ouvrir dans d&rsquo;autres dimensions, d&rsquo;autres styles. Je puise mon inspiration un peu partout donc on va retrouver quelque chose de tr\u00e8s tribal, tr\u00e8s animal parfois urbain car on retrouve des mouvements comme les coupoles et des gestes de Break. C&rsquo;est un modern jazz avec l&rsquo;influence tribale, polyn\u00e9sienne, proche du Haka. Il y a beaucoup de puissance, de force&#8230;<\/p>\n<p><img alt=\"Pour cette premi\u00e8re audition, la troupe Tataki, qui s'entra\u00eene du c\u00f4t\u00e9 de Saint-Cyr-sur-Mer (Var), entend bien montrer sa synchronisation et sa puissance sc\u00e9nique.\" loading=\"lazy\" decoding=\"async\" data-nimg=\"fill\" class=\" TwicCore_img__i9TC1 undefined  undefined\" style=\"position:absolute;height:100%;width:100%;left:0;top:0;right:0;bottom:0;color:transparent;background-size:cover;background-position:50% 50%;background-repeat:no-repeat;background-image:url(&quot;data:image\/svg+xml;charset=utf-8,%3Csvg xmlns='http:\/\/www.w3.org\/2000\/svg' %3E%3Cfilter id='b' color-interpolation-filters='sRGB'%3E%3CfeGaussianBlur stdDeviation='20'\/%3E%3CfeColorMatrix values='1 0 0 0 0 0 1 0 0 0 0 0 1 0 0 0 0 0 100 -1' result='s'\/%3E%3CfeFlood x='0' y='0' width='100%25' height='100%25'\/%3E%3CfeComposite operator='out' in='s'\/%3E%3CfeComposite in2='SourceGraphic'\/%3E%3CfeGaussianBlur stdDeviation='20'\/%3E%3C\/filter%3E%3Cimage width='100%25' height='100%25' x='0' y='0' preserveAspectRatio='none' style='filter: url(%23b);' href='https:\/\/pictures.laprovence.com\/cdn-cgi\/image\/blur=250\/media\/melody\/2025\/10\/14\/tataki-danse-les-auditions-jour-4-la-france-a-un-incroyable-talent-saison-20-1760423407_0ac7eb9a19e860ec7eb9a19e8d1d7ev_.jpg'\/%3E%3C\/svg%3E&quot;)\"   src=\"https:\/\/www.europesays.com\/fr\/wp-content\/uploads\/2025\/10\/tataki-danse-les-auditions-jour-4-la-france-a-un-incroyable-talent-saison-20-1760423407_0ac7eb9a19e8.jpeg\"\/>Pour cette premi\u00e8re audition, la troupe Tataki, qui s&rsquo;entra\u00eene du c\u00f4t\u00e9 de Saint-Cyr-sur-Mer (Var), entend bien montrer sa synchronisation et sa puissance sc\u00e9nique. Photo Julien THEUIL \/ M6<\/p>\n<p><strong>Pourquoi vous \u00eates-vous lanc\u00e9 dans cette aventure ?<\/strong>&#13;\n<\/p>\n<p>On a d\u00e9j\u00e0 fait la version espagnole, c&rsquo;\u00e9tait une premi\u00e8re exp\u00e9rience t\u00e9l\u00e9vis\u00e9e pour la compagnie. \u00c7a nous a beaucoup plus mais au fond de moi je voulais participer \u00e0 l&rsquo;\u00e9mission fran\u00e7aise et on nous a contact\u00e9s.<\/p>\n<p><strong>Comment vous-\u00eates vous pr\u00e9par\u00e9 pour s\u00e9duire le jury ?<\/strong>&#13;\n<\/p>\n<p>La chor\u00e9graphie existe depuis 3 ans. Je regarde toujours ce que je peux am\u00e9liorer. La chor\u00e9graphie s&rsquo;est muscl\u00e9e, on l&rsquo;a r\u00f4d\u00e9e, on l&rsquo;a modifi\u00e9e donc elle a pris en intensit\u00e9 et en confiance. Pour l&rsquo;\u00e9mission, il faut mettre le feu, il faut exploser sur sc\u00e8ne. On a travaill\u00e9 sur la finesse des mouvements et la pr\u00e9cision.<\/p>\n<p>La chor\u00e9graphie dure 6 minutes \u00e0 la base il a fallu condenser le tout sur 2 minutes et faire une s\u00e9lection des morceaux les plus intenses mais aussi parfois avec des moments qui viennent juste donner une esp\u00e8ce de respiration et que le doute plane.<\/p>\n<p><strong>Dans quel \u00e9tat d&rsquo;esprit \u00e9taient les danseurs avant de se produire ?<\/strong>&#13;\n<\/p>\n<p>Avant de monter sur sc\u00e8ne, j&rsquo;avais l&rsquo;impression que c&rsquo;\u00e9tait des lions en cage ! Je ne pouvais plus les tenir ils n&rsquo;attendaient qu&rsquo;une chose : le go ! On bosse beaucoup sur la vibration et l&rsquo;\u00e9nergie. Je n&rsquo;attendais qu&rsquo;une chose : d&rsquo;ouvrir la cage pour lib\u00e9rer les fauves ! Ils avaient tr\u00e8s envie de danser.<\/p>\n<p>\u00ab\u00a0La France a un incroyable talent\u00a0\u00bb, mardi 14 octobre \u00e0 21h10<\/p>\n","protected":false},"excerpt":{"rendered":"Le talent de France sera peut-\u00eatre de Marseille cette ann\u00e9e. L&rsquo;un des programmes star de M6, \u00ab\u00a0La France&hellip;\n","protected":false},"author":2,"featured_media":461721,"comment_status":"","ping_status":"","sticky":false,"template":"","format":"standard","meta":{"footnotes":""},"categories":[2814],"tags":[17,1111,11,251,15247,1777,674,1011,27,28488,4743,151,761,884,12,882,25,3244],"class_list":{"0":"post-461720","1":"post","2":"type-post","3":"status-publish","4":"format-standard","5":"has-post-thumbnail","7":"category-marseille","8":"tag-17","9":"tag-actu","10":"tag-actualites","11":"tag-culture","12":"tag-danseurs","13":"tag-eu","14":"tag-europe","15":"tag-fr","16":"tag-france","17":"tag-incroyable","18":"tag-la","19":"tag-les","20":"tag-marseillais","21":"tag-marseille","22":"tag-news","23":"tag-provence-alpes-cote-dazur","24":"tag-republique-francaise","25":"tag-talent"},"share_on_mastodon":{"url":"https:\/\/pubeurope.com\/@fr\/115371128356681613","error":""},"_links":{"self":[{"href":"https:\/\/www.europesays.com\/fr\/wp-json\/wp\/v2\/posts\/461720","targetHints":{"allow":["GET"]}}],"collection":[{"href":"https:\/\/www.europesays.com\/fr\/wp-json\/wp\/v2\/posts"}],"about":[{"href":"https:\/\/www.europesays.com\/fr\/wp-json\/wp\/v2\/types\/post"}],"author":[{"embeddable":true,"href":"https:\/\/www.europesays.com\/fr\/wp-json\/wp\/v2\/users\/2"}],"replies":[{"embeddable":true,"href":"https:\/\/www.europesays.com\/fr\/wp-json\/wp\/v2\/comments?post=461720"}],"version-history":[{"count":0,"href":"https:\/\/www.europesays.com\/fr\/wp-json\/wp\/v2\/posts\/461720\/revisions"}],"wp:featuredmedia":[{"embeddable":true,"href":"https:\/\/www.europesays.com\/fr\/wp-json\/wp\/v2\/media\/461721"}],"wp:attachment":[{"href":"https:\/\/www.europesays.com\/fr\/wp-json\/wp\/v2\/media?parent=461720"}],"wp:term":[{"taxonomy":"category","embeddable":true,"href":"https:\/\/www.europesays.com\/fr\/wp-json\/wp\/v2\/categories?post=461720"},{"taxonomy":"post_tag","embeddable":true,"href":"https:\/\/www.europesays.com\/fr\/wp-json\/wp\/v2\/tags?post=461720"}],"curies":[{"name":"wp","href":"https:\/\/api.w.org\/{rel}","templated":true}]}}