{"id":461726,"date":"2025-10-14T06:37:31","date_gmt":"2025-10-14T06:37:31","guid":{"rendered":"https:\/\/www.europesays.com\/fr\/461726\/"},"modified":"2025-10-14T06:37:31","modified_gmt":"2025-10-14T06:37:31","slug":"le-blocage-anticyclonique-se-poursuit-avant-une-grosse-surprise-a-partir-de-ce-jour","status":"publish","type":"post","link":"https:\/\/www.europesays.com\/fr\/461726\/","title":{"rendered":"le blocage anticyclonique se poursuit avant une grosse surprise \u00e0 partir de ce jour"},"content":{"rendered":"<p> <img decoding=\"async\" fetchpriority=\"high\" src=\"https:\/\/www.europesays.com\/fr\/wp-content\/uploads\/2025\/10\/dailymotion-x9s3nde_1024.jpg\"  width=\"768\" height=\"432\" id=\"x9s3nde\"\/>  <\/p>\n<p>\u00c0 quelques jours du d\u00e9but des vacances scolaires de la Toussaint, le temps reste toujours aussi sec au-dessus de Paris et de l\u2019\u00cele-de-France, et le blocage anticyclonique se poursuit. Mais une surprise vous attend \u00e0 partir de cette date. Que va-t-il se passer ?<\/p>\n<p>    <img decoding=\"async\" fetchpriority=\"high\" src=\"https:\/\/www.europesays.com\/fr\/wp-content\/uploads\/2025\/04\/marc-hay.jpg\" alt=\"Marc Hay\" width=\"40\" height=\"40\"\/>    <a class=\"nombre text-hv\" href=\"https:\/\/www.tameteo.com\/auteur\/marc-hay\/\" title=\"Marc Hay\" rel=\"nofollow noopener\" target=\"_blank\">Marc Hay<\/a>         14\/10\/2025 07:32   4 min   <\/p>\n<p>Pour l\u2019instant,<strong> les conditions m\u00e9t\u00e9o ne changent pas au-dessus de Paris et de l\u2019\u00cele-de-France, <\/strong>avec la persistance du blocage anticyclonique. L\u2019anticyclone reste en effet solidement viss\u00e9 sur les \u00eeles Britanniques, <strong>emp\u00eachant toutes les perturbations atlantiques d\u2019arriver jusqu\u2019\u00e0 l\u2019\u00cele-de-France.<\/strong><\/p>\n<p>Ces conditions m\u00e9t\u00e9o vont encore se maintenir pendant plusieurs jours, au moins jusqu\u2019\u00e0 samedi. Si l\u2019anticyclone va solidement prot\u00e9ger la r\u00e9gion, <strong>le soleil ne sera pas toujours au rendez-vous. <\/strong>Il faudra composer chaque jour avec des brouillards et des nuages bas qui mettront plus ou moins de temps \u00e0 se dissiper au fil des heures.<\/p>\n<p>Vous pouvez retrouver nos pr\u00e9visions m\u00e9t\u00e9o au quotidien en nous suivant d\u00e8s maintenant sur <a href=\"https:\/\/whatsapp.com\/channel\/0029Vb5XCzJAjPXEPuVDMZ1H\" target=\"_blank\" rel=\"nofollow noopener\">WhatsApp<\/a>.<\/p>\n<p>En revanche, on anticipe bient\u00f4t la fin de ce blocage anticyclonique<strong> avec une grosse surprise attendue dans le ciel francilien en toute fin de semaine.<\/strong><\/p>\n<p>Que va-t-il se passer ?<strong> La pluie est-elle sur le point de faire son grand retour ?<\/strong> Pour le savoir, retrouvez nos toutes derni\u00e8res pr\u00e9visions dans cet article.<\/p>\n<p>Temps sec jusqu&rsquo;\u00e0 samedi !<\/p>\n<p>D\u2019ici samedi, <strong>il ne faut s\u2019attendre \u00e0 aucune goutte de pluie au-dessus de Paris et de l\u2019\u00cele-de-France. <\/strong>Comme le montre la carte ci-dessous, la r\u00e9gion parisienne restera<strong> totalement \u00e0 l\u2019\u00e9cart des pr\u00e9cipitations <\/strong>au moins jusqu\u2019\u00e0 dimanche midi.<\/p>\n<p><img loading=\"lazy\" decoding=\"async\" fetchpriority=\"low\" class=\"lazy \" src=\"https:\/\/www.europesays.com\/fr\/wp-content\/uploads\/2025\/10\/meteo-a-paris-et-en-ile-de-france-le-blocage-anticyclonique-se-poursuit-avant-une-grosse-surprise-a-.png\"  width=\"768\" height=\"432\" alt=\"Pas une goutte de pluie au-dessus de l'\u00cele-de-France avant dimanche soir !\" title=\"Pas une goutte de pluie au-dessus de l'\u00cele-de-France avant dimanche soir !\" data-image=\"vmvj05023jep\"\/>Pas une goutte de pluie au-dessus de l&rsquo;\u00cele-de-France avant dimanche soir !<\/p>\n<p>Cette situation de blocage aura dur\u00e9 plus de deux semaines, <strong>puisque les derni\u00e8res pr\u00e9cipitations pour Paris remontent au samedi 4 octobre dernier !<\/strong><\/p>\n<p>Un soleil parfois timide <\/p>\n<p>Si la r\u00e9gion reste prot\u00e9g\u00e9e par l\u2019anticyclone, <strong>cette p\u00e9riode de l\u2019ann\u00e9e est propice \u00e0 la formation de brouillards et de nuages bas, <\/strong>qui ont parfois du mal \u00e0 se dissiper.<\/p>\n<p><a class=\"imagen \" href=\"https:\/\/www.tameteo.com\/actualites\/previsions\/goutte-froide-sur-les-baleares-de-fortes-pluies-attendues-en-france-des-la-nuit-prochaine-avec-jusqu-a-80-l-m-vigilance.html\" title=\"M\u00e9t\u00e9o : goutte froide sur les Bal\u00e9ares ! De fortes pluies redout\u00e9es en France d\u00e8s la nuit prochaine, jusqu\u2019\u00e0 80 l\/m\u00b2\" rel=\"nofollow noopener\" target=\"_blank\"><img loading=\"lazy\" decoding=\"async\" fetchpriority=\"low\" class=\"lazy img-body non-editable\" src=\"https:\/\/www.europesays.com\/fr\/wp-content\/uploads\/2025\/10\/goutte-froide-sur-les-baleares-de-fortes-pluies-attendues-en-france-des-la-nuit-prochaine-avec-jusqu.png\"  width=\"320\" height=\"225\" alt=\"M\u00e9t\u00e9o : goutte froide sur les Bal\u00e9ares ! De fortes pluies redout\u00e9es en France d\u00e8s la nuit prochaine, jusqu\u2019\u00e0 80 l\/m\u00b2\"\/><\/a><\/p>\n<p>En r\u00e9alit\u00e9, au cours des trois prochains jours, un ciel souvent charg\u00e9 devrait se maintenir au-dessus de l\u2019\u00cele-de-France, <strong>d\u2019autant plus que dans le flux de nord \u00e0 nord-est, de l\u2019humidit\u00e9 descend de la mer du Nord.<\/strong><\/p>\n<p>Retour de la pluie dimanche ? <\/p>\n<p>Avant le retour de la pluie, qui semble se confirmer pour dimanche soir puisque l\u2019anticyclone va finir par s\u2019affaisser, <strong>les journ\u00e9es de vendredi et de samedi pourraient \u00eatre plut\u00f4t belles et ensoleill\u00e9es. <\/strong>Apr\u00e8s la fra\u00eecheur matinale, les temp\u00e9ratures s\u2019annoncent agr\u00e9ables et auront m\u00eame des allures printani\u00e8res l\u2019apr\u00e8s-midi.<\/p>\n<p><img loading=\"lazy\" decoding=\"async\" fetchpriority=\"low\" class=\"lazy \" src=\"https:\/\/www.europesays.com\/fr\/wp-content\/uploads\/2025\/10\/1760423849_663_meteo-a-paris-et-en-ile-de-france-le-blocage-anticyclonique-se-poursuit-avant-une-grosse-surprise-a-.png\"  width=\"768\" height=\"432\" alt=\"Retour de la pluie dimanche soir en r\u00e9gion parisienne !\" title=\"Retour de la pluie dimanche soir en r\u00e9gion parisienne !\" data-image=\"uvx6i9a581t8\"\/>Retour de la pluie dimanche soir en r\u00e9gion parisienne !<\/p>\n<p>Une perturbation devrait finir par arriver dimanche soir sur la r\u00e9gion parisienne, accompagn\u00e9e du retour de la pluie et du vent. <strong>Ce front, associ\u00e9 \u00e0 un syst\u00e8me d\u00e9pressionnaire situ\u00e9 sur l\u2019Irlande, traversera la r\u00e9gion dans la nuit de dimanche \u00e0 lundi, <\/strong>mettant fin \u00e0 pr\u00e8s de quinze jours de blocage anticyclonique sur la r\u00e9gion parisienne.<\/p>\n<p><a class=\"imagen \" href=\"https:\/\/www.tameteo.com\/actualites\/previsions\/meteo-des-temperatures-toujours-estivales-attendues-dans-certaines-regions-de-france-avec-pres-de-25-degres-octobre.html\" title=\"M\u00e9t\u00e9o : des temp\u00e9ratures toujours estivales attendues dans certaines r\u00e9gions de France avec pr\u00e8s de 25 degr\u00e9s !\" rel=\"nofollow noopener\" target=\"_blank\"><img loading=\"lazy\" decoding=\"async\" fetchpriority=\"low\" class=\"lazy img-body non-editable\" src=\"https:\/\/www.europesays.com\/fr\/wp-content\/uploads\/2025\/10\/meteo-des-temperatures-toujours-estivales-attendues-dans-certaines-regions-de-france-avec-pres-de-25.png\"  width=\"320\" height=\"225\" alt=\"M\u00e9t\u00e9o : des temp\u00e9ratures toujours estivales attendues dans certaines r\u00e9gions de France avec pr\u00e8s de 25 degr\u00e9s !\"\/><\/a><\/p>\n<p>Ces conditions m\u00e9t\u00e9o plus humides et perturb\u00e9es<strong> devraient se poursuivre la semaine prochaine,<\/strong> selon les toutes derni\u00e8res pr\u00e9visions.<\/p>\n","protected":false},"excerpt":{"rendered":"\u00c0 quelques jours du d\u00e9but des vacances scolaires de la Toussaint, le temps reste toujours aussi sec au-dessus&hellip;\n","protected":false},"author":2,"featured_media":461727,"comment_status":"","ping_status":"","sticky":false,"template":"","format":"standard","meta":{"footnotes":""},"categories":[1592],"tags":[1111,11,58635,1777,674,1011,27,662,2487,12,626,5461,4459,25,7919,4064],"class_list":{"0":"post-461726","1":"post","2":"type-post","3":"status-publish","4":"format-standard","5":"has-post-thumbnail","7":"category-ile-de-france","8":"tag-actu","9":"tag-actualites","10":"tag-blocage-anticyclonique","11":"tag-eu","12":"tag-europe","13":"tag-fr","14":"tag-france","15":"tag-ile-de-france","16":"tag-meteo","17":"tag-news","18":"tag-paris","19":"tag-perturbation","20":"tag-pluie","21":"tag-republique-francaise","22":"tag-vent","23":"tag-week-end"},"share_on_mastodon":{"url":"https:\/\/pubeurope.com\/@fr\/115371144059806578","error":""},"_links":{"self":[{"href":"https:\/\/www.europesays.com\/fr\/wp-json\/wp\/v2\/posts\/461726","targetHints":{"allow":["GET"]}}],"collection":[{"href":"https:\/\/www.europesays.com\/fr\/wp-json\/wp\/v2\/posts"}],"about":[{"href":"https:\/\/www.europesays.com\/fr\/wp-json\/wp\/v2\/types\/post"}],"author":[{"embeddable":true,"href":"https:\/\/www.europesays.com\/fr\/wp-json\/wp\/v2\/users\/2"}],"replies":[{"embeddable":true,"href":"https:\/\/www.europesays.com\/fr\/wp-json\/wp\/v2\/comments?post=461726"}],"version-history":[{"count":0,"href":"https:\/\/www.europesays.com\/fr\/wp-json\/wp\/v2\/posts\/461726\/revisions"}],"wp:featuredmedia":[{"embeddable":true,"href":"https:\/\/www.europesays.com\/fr\/wp-json\/wp\/v2\/media\/461727"}],"wp:attachment":[{"href":"https:\/\/www.europesays.com\/fr\/wp-json\/wp\/v2\/media?parent=461726"}],"wp:term":[{"taxonomy":"category","embeddable":true,"href":"https:\/\/www.europesays.com\/fr\/wp-json\/wp\/v2\/categories?post=461726"},{"taxonomy":"post_tag","embeddable":true,"href":"https:\/\/www.europesays.com\/fr\/wp-json\/wp\/v2\/tags?post=461726"}],"curies":[{"name":"wp","href":"https:\/\/api.w.org\/{rel}","templated":true}]}}