{"id":461728,"date":"2025-10-14T06:39:06","date_gmt":"2025-10-14T06:39:06","guid":{"rendered":"https:\/\/www.europesays.com\/fr\/461728\/"},"modified":"2025-10-14T06:39:06","modified_gmt":"2025-10-14T06:39:06","slug":"ces-brigades-regionales-securisent-les-trajets-du-quotidien-dans-le-val-doise","status":"publish","type":"post","link":"https:\/\/www.europesays.com\/fr\/461728\/","title":{"rendered":"ces brigades r\u00e9gionales s\u00e9curisent les trajets du quotidien dans le Val-d&rsquo;Oise"},"content":{"rendered":"<p>            Par<br \/>\n        <strong><br \/>\n            <a href=\"https:\/\/actu.fr\/auteur\/romain-dameron\" title=\"Consulter tous les articles de Romain Dameron\" rel=\"nofollow noopener\" target=\"_blank\">Romain Dameron<\/a><br \/>\n        <\/strong><\/p>\n<p>        Publi\u00e9 le<\/p>\n<p>            14 oct. 2025 \u00e0 6h40        <\/p>\n<p>Si vous prenez le train tous les jours en <a href=\"https:\/\/actu.fr\/ile-de-france\/\" rel=\"nofollow noopener\" target=\"_blank\">\u00cele-de-France<\/a>, vous les avez sans doute d\u00e9j\u00e0 aper\u00e7us.<\/p>\n<p class=\" wall-content\">En treillis bleu marine, gilet tactique sur les \u00e9paules, ces <b>agents de s\u00e9curit\u00e9<\/b> estampill\u00e9s \u00ab\u00a0\u00cele-de-France\u00a0\u00bb appartiennent \u00e0 la <a href=\"https:\/\/actu.fr\/ile-de-france\/paris_75056\/a-quoi-va-servir-la-brigade-regionale-des-transports-creee-par-ile-de-france-mobilites_60905938.html\" rel=\"nofollow noopener\" target=\"_blank\">Brigade r\u00e9gionale de s\u00fbret\u00e9 des transports<\/a> (Brt).<\/p>\n<p>\u00c9tat des lieux<\/p>\n<p class=\" wall-content\">Plac\u00e9s sous l\u2019autorit\u00e9 d\u2019\u00cele-de-France Mobilit\u00e9s (Idfm), l\u2019\u00e9tablissement public qui g\u00e8re les transports r\u00e9gionaux, ils \u00e9paulent les \u00e9quipes de la Sncf, de Keolis ou encore les forces de l\u2019ordre nationales et municipales.<\/p>\n<p class=\" wall-content\">Leur mission : assurer une pr\u00e9sence dissuasive et rassurante dans les gares, les trains et les bus, de 7h \u00e0 2h du matin. Non arm\u00e9s, ils sont sp\u00e9cifiquement form\u00e9s \u00e0 la s\u00e9curit\u00e9 des transports et \u00e0 la gestion des situations de tension.<\/p>\n<p class=\" wall-content\">Mises en place \u00e0 l\u2019\u00e9t\u00e9 2024 \u00e0 l\u2019occasion des Jeux olympiques de Paris, ces brigades comptent aujourd\u2019hui une centaine d\u2019agents.<\/p>\n<p class=\" wall-content\">Un an plus tard, l\u2019heure est au bilan. Val\u00e9rie P\u00e9cresse, pr\u00e9sidente (Lr) du Conseil r\u00e9gional d\u2019\u00cele-de-France, s\u2019est rendue vendredi 10 octobre 2025, devant la gare de <a href=\"https:\/\/actu.fr\/ile-de-france\/persan_95487\" rel=\"nofollow noopener\" target=\"_blank\">Persan-Beaumont<\/a> (<b>Val-d\u2019Oise<\/b>), pour dresser un premier \u00e9tat des lieux.<\/p>\n<p class=\" wall-content\">\u00ab\u00a0Ces Brt sont un immense succ\u00e8s. On est en plein dans le continuum de s\u00e9curit\u00e9, assure la pr\u00e9sidente de la R\u00e9gion. Elles ont d\u00e9j\u00e0 r\u00e9alis\u00e9 3 500 op\u00e9rations dans 200 communes franciliennes.\u00a0\u00bb<\/p>\n<p>    <a href=\"https:\/\/www.facebook.com\/plugins\/post.php?href=https%3A%2F%2Fwww.facebook.com%2FVilledePersan%2Fposts%2Fpfbid0r1d3uMWJmDeoJ1wYSZUG4egXA1wHKZdvGuHrz61VXBnDjiE9mySA1N12wGVuy3x1l&amp;show_text=true&amp;width=350\" title=\"Ouvrie le lien\" rel=\"nofollow noopener\" target=\"_blank\">Cliquez ici pour visualiser le contenu<\/a><\/p>\n<p>Votre r\u00e9gion, votre actu !<\/p>\n<p>Recevez chaque jour les infos qui comptent pour vous.<\/p>\n<p>\t<a href=\"https:\/\/actu.fr\/newsletter\" class=\"ac-btn ac-btn--corner ac-btn--medium ac-btn--blue800\" rel=\"nofollow noopener\" target=\"_blank\">S&rsquo;incrire<\/a><\/p>\n<p class=\" wall-content\">Depuis le <a href=\"https:\/\/actu.fr\/ile-de-france\/nointel_95452\/val-d-oise-un-homme-sous-oqtf-ecroue-apres-le-viol-d-un-adolescent-de-15-ans_63210298.html\" rel=\"nofollow noopener\" target=\"_blank\">drame du 19 septembre<\/a>, marqu\u00e9 par le viol d\u2019un jeune gar\u00e7on pr\u00e8s de la gare de Nointel-Mours, les agents de la Brt sont quotidiennement d\u00e9ploy\u00e9s sur le nord de la ligne H. Leur champ d\u2019action d\u00e9passe la simple s\u00e9curisation des gares : ils luttent \u00e9galement contre la vente \u00e0 la sauvette, les trafics de drogues ou de cigarettes, ainsi que contre la fraude, un ph\u00e9nom\u00e8ne estim\u00e9 \u00e0 700 millions d\u2019euros par an dans les transports franciliens.<\/p>\n<p class=\" wall-content\">Ces brigades s\u2019inscrivent dans le cadre de la loi du 28 avril 2025, dite loi Tabarot, relative au renforcement de la s\u00fbret\u00e9 dans les transports. Ce texte conf\u00e8re davantage de pr\u00e9rogatives aux services de s\u00e9curit\u00e9 de l\u2019\u00c9tat et aux op\u00e9rateurs de transport (Sncf, Ratp, Keolis\u2026).<\/p>\n<p>De l\u2019IA dans les cam\u00e9ras<\/p>\n<p class=\" wall-content\">Toutefois, pour Val\u00e9rie P\u00e9cresse, le dispositif peut encore \u00eatre am\u00e9lior\u00e9 en int\u00e9grant, par exemple, l\u2019intelligence artificielle (IA) dans le r\u00e9seau des 80 000 cam\u00e9ras de vid\u00e9osurveillance d\u00e9ploy\u00e9es par la R\u00e9gion : \u00ab\u00a0Le l\u00e9gislateur ne conna\u00eet rien \u00e0 la s\u00e9curit\u00e9 des transports. L\u2019IA est autoris\u00e9e seulement lors des grands \u00e9v\u00e9nements, mais pas pour la vie quotidienne, regrette la patronne de la R\u00e9gion.\u00a0Cela n\u2019a rien \u00e0 voir avec la reconnaissance faciale. On a besoin d\u2019intelligence artificielle sur les cam\u00e9ras. S\u2019il y a des cris ou des bagarres, ce sera d\u00e9tect\u00e9 et identifi\u00e9 imm\u00e9diatement. On sait le faire, on l\u2019a d\u2019ailleurs exp\u00e9riment\u00e9 pendant les Jeux.\u00a0\u00bb<\/p>\n<p>    <a href=\"https:\/\/maps.google.com\/maps?q=49.14781195976878,2.2791196640930167&amp;z=15&amp;output=embed\" title=\"Ouvrie le lien\" rel=\"nofollow noopener\" target=\"_blank\">Cliquez ici pour visualiser le contenu<\/a><\/p>\n<p class=\" wall-content\">Personnalisez votre actualit\u00e9 en ajoutant vos villes et m\u00e9dias en favori avec <a href=\"https:\/\/moncompte.actu.fr\" title=\"D\u00e9couvez Mon Actu\" rel=\"nofollow noopener\" data-trk=\"{&quot;cta&quot;:{&quot;action&quot;:&quot;https:\\\/\\\/moncompte.actu.fr&quot;,&quot;category&quot;:&quot;mon compte&quot;,&quot;from&quot;:&quot;article footer&quot;,&quot;name&quot;:&quot;Mon actu&quot;,&quot;type&quot;:&quot;cta&quot;}}\" target=\"_blank\">Mon Actu<\/a>.<\/p>\n","protected":false},"excerpt":{"rendered":"Par Romain Dameron Publi\u00e9 le 14 oct. 2025 \u00e0 6h40 Si vous prenez le train tous les jours&hellip;\n","protected":false},"author":2,"featured_media":461729,"comment_status":"","ping_status":"","sticky":false,"template":"","format":"standard","meta":{"footnotes":""},"categories":[1592],"tags":[1111,11,1777,674,1011,27,662,10883,12,626,25,104,2803],"class_list":{"0":"post-461728","1":"post","2":"type-post","3":"status-publish","4":"format-standard","5":"has-post-thumbnail","7":"category-ile-de-france","8":"tag-actu","9":"tag-actualites","10":"tag-eu","11":"tag-europe","12":"tag-fr","13":"tag-france","14":"tag-ile-de-france","15":"tag-ile-de-france-mobilites","16":"tag-news","17":"tag-paris","18":"tag-republique-francaise","19":"tag-societe","20":"tag-transport"},"share_on_mastodon":{"url":"https:\/\/pubeurope.com\/@fr\/115371151429736667","error":""},"_links":{"self":[{"href":"https:\/\/www.europesays.com\/fr\/wp-json\/wp\/v2\/posts\/461728","targetHints":{"allow":["GET"]}}],"collection":[{"href":"https:\/\/www.europesays.com\/fr\/wp-json\/wp\/v2\/posts"}],"about":[{"href":"https:\/\/www.europesays.com\/fr\/wp-json\/wp\/v2\/types\/post"}],"author":[{"embeddable":true,"href":"https:\/\/www.europesays.com\/fr\/wp-json\/wp\/v2\/users\/2"}],"replies":[{"embeddable":true,"href":"https:\/\/www.europesays.com\/fr\/wp-json\/wp\/v2\/comments?post=461728"}],"version-history":[{"count":0,"href":"https:\/\/www.europesays.com\/fr\/wp-json\/wp\/v2\/posts\/461728\/revisions"}],"wp:featuredmedia":[{"embeddable":true,"href":"https:\/\/www.europesays.com\/fr\/wp-json\/wp\/v2\/media\/461729"}],"wp:attachment":[{"href":"https:\/\/www.europesays.com\/fr\/wp-json\/wp\/v2\/media?parent=461728"}],"wp:term":[{"taxonomy":"category","embeddable":true,"href":"https:\/\/www.europesays.com\/fr\/wp-json\/wp\/v2\/categories?post=461728"},{"taxonomy":"post_tag","embeddable":true,"href":"https:\/\/www.europesays.com\/fr\/wp-json\/wp\/v2\/tags?post=461728"}],"curies":[{"name":"wp","href":"https:\/\/api.w.org\/{rel}","templated":true}]}}