{"id":46173,"date":"2025-04-23T09:05:08","date_gmt":"2025-04-23T09:05:08","guid":{"rendered":"https:\/\/www.europesays.com\/fr\/46173\/"},"modified":"2025-04-23T09:05:08","modified_gmt":"2025-04-23T09:05:08","slug":"enola-holmes-3-donne-de-ses-nouvelles","status":"publish","type":"post","link":"https:\/\/www.europesays.com\/fr\/46173\/","title":{"rendered":"Enola Holmes 3 donne de ses nouvelles"},"content":{"rendered":"<p>C\u2019est officiel, Enola Holmes sera bient\u00f4t de retour sur nos \u00e9crans. Netflix vient de partager, non pas une image de tournage comme on l\u2019entend, mais une photo de ses deux acteurs phares sur ce qui semble \u00eatre le plateau. Millie Bobby Brown et Louis Partridge sont pr\u00eats \u00e0 renfiler leurs costumes d\u2019Enola Holmes et de Tewkesbury pour le troisi\u00e8me volet de la d\u00e9tective priv\u00e9e en herbe.<\/p>\n<p>Le troisi\u00e8me opus sera dirig\u00e9 par Philip Barantini, connu pour son travail sur Boiling Point. Il succ\u00e8de \u00e0 Harry Bradbeer, r\u00e9alisateur des deux premiers films. Barantini envisage une version plus sombre et mature de la franchise, comparant son approche \u00e0 l\u2019impact qu\u2019a eu Le Prisonnier d\u2019Azkaban sur la saga Harry Potter. Henry Cavill, Helena Boham-Carter, Himesh Patel et Sharon Duncan-Brewster vont tous revenir au casting.\u00a0<\/p>\n<blockquote class=\"twitter-tweet\" data-width=\"500\" data-dnt=\"true\">\n<p lang=\"en\" dir=\"ltr\">Millie Bobby Brown and Louis Partridge spotted behind the scenes of Enola Holmes 3. NOW IN PRODUCTION! <a href=\"https:\/\/t.co\/b7j75GGWJQ\">pic.twitter.com\/b7j75GGWJQ<\/a><\/p>\n<p>\u2014 Netflix (@netflix) <a href=\"https:\/\/twitter.com\/netflix\/status\/1914657943590441135?ref_src=twsrc%5Etfw\" target=\"_blank\" rel=\"noopener\">April 22, 2025<\/a><\/p>\n<\/blockquote>\n<p>  Une sortie pour 2025\u00a0? <\/p>\n<p>On ne sait pas encore s\u2019il s\u2019agira du dernier opus ou si Netflix \u00e9tendra encore son univers pour en faire une saga plus compl\u00e8te. Pour le moment, aucune date de sortie n\u2019a \u00e9t\u00e9 annonc\u00e9e. En tenant compte des d\u00e9lais de production et de post-production, la sortie du film est envisag\u00e9e pour fin 2025 ou d\u00e9but 2026.\u00a0<\/p>\n<p>Il faut dire que Millie Bobby Brown est sur tous les fronts depuis quelques ann\u00e9es. La recrue de Netflix, que la plupart des gens ont d\u00e9couvert dans <a href=\"https:\/\/www.journaldugeek.com\/critique\/prime-video-a-t-elle-trouve-son-stranger-things\/\" target=\"_blank\" rel=\"noopener\">Stranger Things<\/a>, a un emploi du temps de ministre. Elle jongle entre ses projets habituels \u2013 Enola Holmes, la derni\u00e8re saison de Stranger Things \u2013 ses r\u00f4les plus ponctuels, comme celui dans la Demoiselle et le Dragon ou encore The Electric State, et son activit\u00e9 de femme d\u2019affaires. L\u2019actrice poss\u00e8de sa marque de cosm\u00e9tiques et de v\u00eatements.<\/p>\n<p>Henry Cavill est lui aussi tr\u00e8s charg\u00e9. S\u2019il n\u2019a plus de r\u00f4le \u00e0 jouer dans The Witcher, il est pr\u00e9tendument \u00e0 l\u2019affiche de la s\u00e9rie Warhammer, la s\u00e9rie Mass Effect et couvre d\u2019autres projets dans le monde cin\u00e9matographique.<\/p>\n<blockquote>\n<p class=\"text-base text-neutral-700 dark:text-neutral-300\">\ud83d\udfe3 Pour ne manquer aucune news sur le Journal du Geek, abonnez-vous sur <a href=\"https:\/\/news.google.com\/publications\/CAAqBwgKMNr_hAswwYyCAw?hl=fr&amp;gl=FR&amp;ceid=FR%3Afr\" target=\"_blank\" rel=\"noopener\">Google Actualit\u00e9s<\/a> et sur <a href=\"https:\/\/whatsapp.com\/channel\/0029VaClM5y4tRry12tb7D2h\" target=\"_blank\" rel=\"noopener\">notre WhatsApp<\/a>. Et si vous nous adorez, on a <a href=\"https:\/\/www.journaldugeek.com\/newsletter\/\" target=\"_blank\" rel=\"noopener\">une newsletter tous les matins<\/a>.<\/p>\n<\/blockquote>\n<p>        <script async src=\"https:\/\/platform.twitter.com\/widgets.js\" charset=\"utf-8\"><\/script><\/p>\n","protected":false},"excerpt":{"rendered":"C\u2019est officiel, Enola Holmes sera bient\u00f4t de retour sur nos \u00e9crans. Netflix vient de partager, non pas une&hellip;\n","protected":false},"author":2,"featured_media":46174,"comment_status":"","ping_status":"","sticky":false,"template":"","format":"standard","meta":{"footnotes":""},"categories":[1354],"tags":[58,59,1346,1011,27,1360,127],"class_list":{"0":"post-46173","1":"post","2":"type-post","3":"status-publish","4":"format-standard","5":"has-post-thumbnail","7":"category-films","8":"tag-divertissement","9":"tag-entertainment","10":"tag-films","11":"tag-fr","12":"tag-france","13":"tag-movies","14":"tag-netflix"},"share_on_mastodon":{"url":"https:\/\/pubeurope.com\/@fr\/114386483499894183","error":""},"_links":{"self":[{"href":"https:\/\/www.europesays.com\/fr\/wp-json\/wp\/v2\/posts\/46173","targetHints":{"allow":["GET"]}}],"collection":[{"href":"https:\/\/www.europesays.com\/fr\/wp-json\/wp\/v2\/posts"}],"about":[{"href":"https:\/\/www.europesays.com\/fr\/wp-json\/wp\/v2\/types\/post"}],"author":[{"embeddable":true,"href":"https:\/\/www.europesays.com\/fr\/wp-json\/wp\/v2\/users\/2"}],"replies":[{"embeddable":true,"href":"https:\/\/www.europesays.com\/fr\/wp-json\/wp\/v2\/comments?post=46173"}],"version-history":[{"count":0,"href":"https:\/\/www.europesays.com\/fr\/wp-json\/wp\/v2\/posts\/46173\/revisions"}],"wp:featuredmedia":[{"embeddable":true,"href":"https:\/\/www.europesays.com\/fr\/wp-json\/wp\/v2\/media\/46174"}],"wp:attachment":[{"href":"https:\/\/www.europesays.com\/fr\/wp-json\/wp\/v2\/media?parent=46173"}],"wp:term":[{"taxonomy":"category","embeddable":true,"href":"https:\/\/www.europesays.com\/fr\/wp-json\/wp\/v2\/categories?post=46173"},{"taxonomy":"post_tag","embeddable":true,"href":"https:\/\/www.europesays.com\/fr\/wp-json\/wp\/v2\/tags?post=46173"}],"curies":[{"name":"wp","href":"https:\/\/api.w.org\/{rel}","templated":true}]}}