{"id":461730,"date":"2025-10-14T06:40:15","date_gmt":"2025-10-14T06:40:15","guid":{"rendered":"https:\/\/www.europesays.com\/fr\/461730\/"},"modified":"2025-10-14T06:40:15","modified_gmt":"2025-10-14T06:40:15","slug":"medecins-du-monde-appelle-a-la-mobilisation-des-hopitaux-notamment-francais-pour-prendre-en-charge-les-blesses-sinon-ils-vont-mourir-dans-les-semaines-qui-viennent","status":"publish","type":"post","link":"https:\/\/www.europesays.com\/fr\/461730\/","title":{"rendered":"M\u00e9decins du Monde appelle \u00e0 la mobilisation des h\u00f4pitaux, notamment fran\u00e7ais, pour prendre en charge les bless\u00e9s, \u00ab\u00a0sinon ils vont mourir dans les semaines qui viennent\u00a0\u00bb"},"content":{"rendered":"\n<p class=\"c-chapo \">\n  Depuis le 10 octobre un cessez-le-feu est entr\u00e9 en vigueur \u00e0 Gaza. Mais dans l&rsquo;enclave palestinienne, tout manque, alors que plusieurs dizaines de milliers de bless\u00e9s n\u00e9cessitent d&rsquo;\u00eatre pris en charge.\n<\/p>\n<p>      lire plus tard<\/p>\n<p id=\"dialog__title\" class=\"dialog__title\">Pour sauvegarder cet article, connectez-vous ou cr\u00e9ez un compte franceinfo<\/p>\n<p class=\"dialog__description\">Sans paiement. Sans abonnement.<\/p>\n<p>        Fermer la fen\u00eatre d\u2019activation des notifications France Info<\/p>\n<p>      cr\u00e9er votre compte<\/p>\n<p>      se connecter<\/p>\n<p>        Fermer la fen\u00eatre de pr\u00e9sentation<\/p>\n<p>    <img loading=\"lazy\" decoding=\"async\" class=\"signature__image lazyload\" width=\"100\" height=\"100\" data- alt=\"\" src=\"https:\/\/www.europesays.com\/fr\/wp-content\/uploads\/2025\/05\/64a7df4c5fe71_placeholder-36b69ec8.png\"\/><\/p>\n<p>    Publi\u00e9 le 14\/10\/2025 07:53<\/p>\n<p>        Temps de lecture : 3min<\/p>\n<p>    <img decoding=\"async\"  alt=\"Jean-Fran\u00e7ois Corty, vice-pr\u00e9sident de M\u00e9decins du Monde, le 21 novembre 2023. (FRANCE TELEVISIONS)\" width=\"432\" height=\"243\" src=\"https:\/\/www.europesays.com\/fr\/wp-content\/uploads\/2025\/10\/sans-titre-1-660be858b3afb086558575.jpg\" fetchpriority=\"high\"\/><\/p>\n<p>      Jean-Fran\u00e7ois Corty, vice-pr\u00e9sident de M\u00e9decins du Monde, le 21 novembre 2023. (FRANCE TELEVISIONS)<\/p>\n<p>M\u00e9decins du Monde appelle \u00e0 la mobilisation des h\u00f4pitaux, notamment fran\u00e7ais, pour prendre en charge les bless\u00e9s de Gaza, \u00ab\u00a0sinon ils vont mourir dans les semaines qui viennent\u00a0\u00bb, alerte le pr\u00e9sident de l&rsquo;ONG, Jean-Fran\u00e7ois Corty, mardi 14 octobre sur France Inter. La premi\u00e8re phase de l&rsquo;accord pour mettre fin \u00e0 la guerre \u00e0 Gaza est entr\u00e9e en vigueur et les bombardements ont cess\u00e9 depuis la fin de la semaine derni\u00e8re mais de nombreux bless\u00e9s sont \u00e0 prendre en charge. Le pr\u00e9sident de M\u00e9decins du Monde esp\u00e8re \u00ab\u00a0une entr\u00e9e massive d&rsquo;aide humanitaire\u00a0\u00bb et <a href=\"https:\/\/www.franceinfo.fr\/monde\/proche-orient\/israel-palestine\/plan-de-paix-a-gaza-qu-est-ce-que-la-force-internationale-de-stabilisation-qui-pourrait-etre-deployee_7544017.html\" rel=\"nofollow noopener\" target=\"_blank\">une mobilisation internationale<\/a>.<\/p>\n<p>\u00ab\u00a0La cin\u00e9tique des mortalit\u00e9s va baisser du fait de la fin des bombardements mais va continuer de mani\u00e8re exponentielle parce qu&rsquo;il y a \u00e9norm\u00e9ment de malnutris, \u00e9norm\u00e9ment de bless\u00e9s et que ce n&rsquo;est pas du jour au lendemain qu&rsquo;on va pouvoir remettre sur pied un syst\u00e8me de sant\u00e9 qui a \u00e9t\u00e9 compl\u00e8tement d\u00e9truit\u00a0\u00bb, rel\u00e8ve Jean-Fran\u00e7ois Corty. Les infrastructures ont \u00e9t\u00e9 d\u00e9truites par les frappes isra\u00e9liennes, l&rsquo;acc\u00e8s \u00e0 l&rsquo;eau potable et \u00e0 la nourriture est extr\u00eamement difficile et \u00ab\u00a0les nappes phr\u00e9atiques sont pollu\u00e9es\u00a0\u00bb, rappelle-t-il.<\/p>\n<p>\u00ab\u00a0Pr\u00e8s de 20\u00a0000 bless\u00e9s aujourd&rsquo;hui n\u00e9cessitent d&rsquo;\u00eatre pris en charge en urgence. Et ce n&rsquo;est pas le syst\u00e8me de sant\u00e9 en l&rsquo;\u00e9tat qui va pouvoir les prendre en charge. Il va falloir les \u00e9vacuer. Donc on attend aussi la capacit\u00e9 des h\u00f4pitaux de la sous-r\u00e9gion et des pays occidentaux dont la France, de pouvoir se mobiliser pour prendre leur part dans la prise en charge de ces bless\u00e9s qui doivent \u00eatre soign\u00e9s sinon ils vont mourir dans les semaines qui viennent\u00a0\u00bb, explique Jean-Fran\u00e7ois Corty.<\/p>\n<p>Il est aussi essentiel de \u00ab\u00a0faire entrer massivement de l&rsquo;aide\u00a0\u00bb, selon lui. \u00ab\u00a0Beaucoup de camions sont pr\u00e9positionn\u00e9s depuis deux ans \u00e0 El-Arich en Egypte, en Isra\u00ebl aussi, et ne demandent qu&rsquo;\u00e0 entrer avec des conditions de s\u00e9curit\u00e9 qui soient ad\u00e9quates pour nos \u00e9quipes\u00a0\u00bb, souligne le pr\u00e9sident de l&rsquo;ONG. \u00ab\u00a0Il va falloir aussi soulager nos \u00e9quipes, faire rentrer d&rsquo;autres coll\u00e8gues qui puissent venir les aider dans leur activit\u00e9\u00a0\u00bb car ils ont v\u00e9cu les bombardements, perdu des proches et des coll\u00e8gues.<\/p>\n<p>Ils \u00ab\u00a0cherchaient \u00e0 manger, \u00e0 boire, comme la plupart des civils depuis plusieurs mois, ce qui est du jamais vu dans les conflits contemporains\u00a0\u00bb. M\u00e9decins du Monde est pr\u00e9sent \u00e0 Gaza depuis plusieurs ann\u00e9es et n&rsquo;a jamais quitt\u00e9 l&rsquo;enclave malgr\u00e9 la guerre men\u00e9e par l&rsquo;arm\u00e9e isra\u00e9lienne \u00e0 Gaza en repr\u00e9sailles aux massacres du 7-Octobre. En deux ans, les frappes d&rsquo;Isra\u00ebl ont fait plus de 68\u00a0000 morts, dont plus de 20\u00a0000 enfants, selon les donn\u00e9es du minist\u00e8re de la Sant\u00e9 du gouvernement du Hamas pour Gaza, jug\u00e9es fiables par l&rsquo;ONU.<\/p>\n","protected":false},"excerpt":{"rendered":"Depuis le 10 octobre un cessez-le-feu est entr\u00e9 en vigueur \u00e0 Gaza. Mais dans l&rsquo;enclave palestinienne, tout manque,&hellip;\n","protected":false},"author":2,"featured_media":461731,"comment_status":"","ping_status":"","sticky":false,"template":"","format":"standard","meta":{"footnotes":""},"categories":[1888],"tags":[1111,1928,11,1927,1777,674,1011,27,12,1926,626,1925,25],"class_list":{"0":"post-461730","1":"post","2":"type-post","3":"status-publish","4":"format-standard","5":"has-post-thumbnail","7":"category-paris","8":"tag-actu","9":"tag-actu-paris","10":"tag-actualites","11":"tag-actualites-paris","12":"tag-eu","13":"tag-europe","14":"tag-fr","15":"tag-france","16":"tag-news","17":"tag-news-paris","18":"tag-paris","19":"tag-paris-news","20":"tag-republique-francaise"},"share_on_mastodon":{"url":"https:\/\/pubeurope.com\/@fr\/115371155845588856","error":""},"_links":{"self":[{"href":"https:\/\/www.europesays.com\/fr\/wp-json\/wp\/v2\/posts\/461730","targetHints":{"allow":["GET"]}}],"collection":[{"href":"https:\/\/www.europesays.com\/fr\/wp-json\/wp\/v2\/posts"}],"about":[{"href":"https:\/\/www.europesays.com\/fr\/wp-json\/wp\/v2\/types\/post"}],"author":[{"embeddable":true,"href":"https:\/\/www.europesays.com\/fr\/wp-json\/wp\/v2\/users\/2"}],"replies":[{"embeddable":true,"href":"https:\/\/www.europesays.com\/fr\/wp-json\/wp\/v2\/comments?post=461730"}],"version-history":[{"count":0,"href":"https:\/\/www.europesays.com\/fr\/wp-json\/wp\/v2\/posts\/461730\/revisions"}],"wp:featuredmedia":[{"embeddable":true,"href":"https:\/\/www.europesays.com\/fr\/wp-json\/wp\/v2\/media\/461731"}],"wp:attachment":[{"href":"https:\/\/www.europesays.com\/fr\/wp-json\/wp\/v2\/media?parent=461730"}],"wp:term":[{"taxonomy":"category","embeddable":true,"href":"https:\/\/www.europesays.com\/fr\/wp-json\/wp\/v2\/categories?post=461730"},{"taxonomy":"post_tag","embeddable":true,"href":"https:\/\/www.europesays.com\/fr\/wp-json\/wp\/v2\/tags?post=461730"}],"curies":[{"name":"wp","href":"https:\/\/api.w.org\/{rel}","templated":true}]}}