{"id":461734,"date":"2025-10-14T06:42:14","date_gmt":"2025-10-14T06:42:14","guid":{"rendered":"https:\/\/www.europesays.com\/fr\/461734\/"},"modified":"2025-10-14T06:42:14","modified_gmt":"2025-10-14T06:42:14","slug":"rassemblement-anti-imperialiste-17-octobre-2025-17h30-place-de-la-sorbonne","status":"publish","type":"post","link":"https:\/\/www.europesays.com\/fr\/461734\/","title":{"rendered":"Rassemblement anti-imp\u00e9rialiste &#8211; 17 octobre 2025 &#8211; 17h30 &#8211; Place de la Sorbonne"},"content":{"rendered":"<p>Alors que les guerres, les occupations et l\u2019exploitation des peuples se multiplient sous la domination des grandes puissances, la lutte anti-imp\u00e9rialiste est plus n\u00e9cessaire que jamais.<\/p>\n<p>Comme nous le savons tous, la France, par son gouvernement, ses entreprises et ses institutions, participe pleinement \u00e0 ce syst\u00e8me destructeur\u00a0: ventes d\u2019armes, soutien \u00e0 des r\u00e9gimes criminels, interventions militaires et alliances imp\u00e9rialistes.<\/p>\n<p>Nos universit\u00e9s et institutions publiques sont elles aussi concern\u00e9es. Par exemple, Sorbonne Universit\u00e9 nouent des partenariats avec des entreprises d\u2019armements (Thales, Dassault, Safran etc\u2026) et avec des universit\u00e9s isra\u00e9liennes complices de la colonisation de la Palestine. Ces collaborations r\u00e9v\u00e8lent la soumission des institutions publiques, ainsi que de la recherche aux int\u00e9r\u00eats priv\u00e9s et militaires, au d\u00e9triment de leur ind\u00e9pendance.<br class=\"autobr\"\/><br \/>\nPendant que les budgets militaires explosent, l\u2019\u00c9tat \u00e9trangle les services publics, l\u2019enseignement et la recherche. Ce d\u00e9tournement des ressources vers l\u2019industrie de guerre illustre les priorit\u00e9s d\u2019un pouvoir qui pr\u00e9pare la guerre imp\u00e9rialiste.<br class=\"autobr\"\/><br \/>\nEn parall\u00e8le, la France cherche \u00e0 nier ou pacifier la m\u00e9moire de ses crimes coloniaux et son implication directe dans des g\u00e9nocides, pour mieux justifier sa militarisation aujourd\u2019hui. Pourtant ce sont bien les m\u00eames m\u00e9canismes imp\u00e9rialistes qui ont caus\u00e9 le massacre du 17\u00a0octobre 1961\u00a0: un crime d\u2019\u00c9tat envers des milliers d\u2019alg\u00e9riens qui se mobilisaient \u00e0 Paris contre un couvre-feu raciste, et pour l\u2019ind\u00e9pendance de leur pays. Face au silence institutionnel nous devons agir.<\/p>\n<p>Nous affirmons notre solidarit\u00e9 avec les peuples en lutte. Face \u00e0 la mont\u00e9e des politiques imp\u00e9rialistes et coloniales, il est temps de renforcer la r\u00e9sistance. C\u2019est pourquoi, dans le cadre de la Semaine anti-imp\u00e9rialiste organis\u00e9e par la FSE, nous organisons un rassemblement le vendredi 17\u00a0octobre \u00e0 17h30, place de la Sorbonne, afin d\u2019unir nos forces et de faire entendre la voix de la solidarit\u00e9 internationale, en d\u00e9non\u00e7ant la collaboration entre nos universit\u00e9s et l\u2019imp\u00e9rialisme.<\/p>\n<p><strong>CONTRE L\u2019IMP\u00c9RIALISME ET SES COMPLICES\u00a0: UNISSONS-NOUS\u00a0!<\/strong><\/p>\n<p>Nous appelons toutes les organisations, collectifs, syndicats, associations et forces engag\u00e9es dans la lutte contre l\u2019imp\u00e9rialisme, le colonialisme et la guerre \u00e0 signer et rejoindre cet appel.<\/p>\n<p>Ensemble, faisons de ce rassemblement une d\u00e9monstration de solidarit\u00e9 et de r\u00e9sistance face \u00e0 l\u2019imp\u00e9rialisme fran\u00e7ais et mondial.<\/p>\n<p>\t<a href=\"https:\/\/paris-luttes.info\/IMG\/png\/rassemblement_.png\" type=\"image\/png\" data-w=\"492\" target=\"_blank\" rel=\"noopener\"><br \/>\n\t\t\t<img decoding=\"async\" alt=\"\" src=\"local\/cache-vignettes\/L492xH614\/rassemblement_-e95a6.png\" data-l=\"492\" data-h=\"614\" data-tailles=\"[\\&quot;320\\&quot;,\\&quot;560\\&quot;,\\&quot;1200\\&quot;,\\&quot;1920\\&quot;]\" data-autorisees=\"{&quot;320&quot;:{&quot;1&quot;:&quot;local\\\/cache-vignettes\\\/L492xH614\\\/rassemblement_-e95a6-resp320.png?1760376702&quot;,&quot;2&quot;:&quot;local\\\/cache-vignettes\\\/L492xH614\\\/rassemblement_-e95a6-resp492.png?1760376702&quot;},&quot;492&quot;:{&quot;1&quot;:&quot;local\\\/cache-vignettes\\\/L492xH614\\\/rassemblement_-e95a6-resp492.png?1760376702&quot;,&quot;2&quot;:&quot;local\\\/cache-vignettes\\\/L492xH614\\\/rassemblement_-e95a6-resp492.png?1760376702&quot;}}\" class=\"image_responsive\"\/><br \/>\n\t<\/a><\/p>\n","protected":false},"excerpt":{"rendered":"Alors que les guerres, les occupations et l\u2019exploitation des peuples se multiplient sous la domination des grandes puissances,&hellip;\n","protected":false},"author":2,"featured_media":461735,"comment_status":"","ping_status":"","sticky":false,"template":"","format":"standard","meta":{"footnotes":""},"categories":[1888],"tags":[11,1777,674,1011,27,12,626,25],"class_list":{"0":"post-461734","1":"post","2":"type-post","3":"status-publish","4":"format-standard","5":"has-post-thumbnail","7":"category-paris","8":"tag-actualites","9":"tag-eu","10":"tag-europe","11":"tag-fr","12":"tag-france","13":"tag-news","14":"tag-paris","15":"tag-republique-francaise"},"share_on_mastodon":{"url":"https:\/\/pubeurope.com\/@fr\/115371163499323871","error":""},"_links":{"self":[{"href":"https:\/\/www.europesays.com\/fr\/wp-json\/wp\/v2\/posts\/461734","targetHints":{"allow":["GET"]}}],"collection":[{"href":"https:\/\/www.europesays.com\/fr\/wp-json\/wp\/v2\/posts"}],"about":[{"href":"https:\/\/www.europesays.com\/fr\/wp-json\/wp\/v2\/types\/post"}],"author":[{"embeddable":true,"href":"https:\/\/www.europesays.com\/fr\/wp-json\/wp\/v2\/users\/2"}],"replies":[{"embeddable":true,"href":"https:\/\/www.europesays.com\/fr\/wp-json\/wp\/v2\/comments?post=461734"}],"version-history":[{"count":0,"href":"https:\/\/www.europesays.com\/fr\/wp-json\/wp\/v2\/posts\/461734\/revisions"}],"wp:featuredmedia":[{"embeddable":true,"href":"https:\/\/www.europesays.com\/fr\/wp-json\/wp\/v2\/media\/461735"}],"wp:attachment":[{"href":"https:\/\/www.europesays.com\/fr\/wp-json\/wp\/v2\/media?parent=461734"}],"wp:term":[{"taxonomy":"category","embeddable":true,"href":"https:\/\/www.europesays.com\/fr\/wp-json\/wp\/v2\/categories?post=461734"},{"taxonomy":"post_tag","embeddable":true,"href":"https:\/\/www.europesays.com\/fr\/wp-json\/wp\/v2\/tags?post=461734"}],"curies":[{"name":"wp","href":"https:\/\/api.w.org\/{rel}","templated":true}]}}