{"id":461736,"date":"2025-10-14T06:43:12","date_gmt":"2025-10-14T06:43:12","guid":{"rendered":"https:\/\/www.europesays.com\/fr\/461736\/"},"modified":"2025-10-14T06:43:12","modified_gmt":"2025-10-14T06:43:12","slug":"les-valeurs-a-suivre-a-paris-et-en-europe-actualise-14-10-2025-a-0818","status":"publish","type":"post","link":"https:\/\/www.europesays.com\/fr\/461736\/","title":{"rendered":"Les valeurs \u00e0 suivre \u00e0 Paris et en Europe (actualis\u00e9) &#8211; 14\/10\/2025 \u00e0 08:18"},"content":{"rendered":"<p>\n * PUBLICIS<br \/>\n <a href=\"https:\/\/www.boursorama.com\/cours\/1rPPUB\/\" rel=\"nofollow noopener\" target=\"_blank\"><br \/>\n  PUBP.PA<br \/>\n <\/a><br \/>\n a relev\u00e9 mardi sa pr\u00e9vision de croissance 2025, pour la deuxi\u00e8me fois cette ann\u00e9e, l&rsquo;activit\u00e9 du groupe publicitaire fran\u00e7ais ayant \u00e9t\u00e9 soutenue par la forte demande de ses clients pour des produits et services li\u00e9s \u00e0 l&rsquo;intelligence artificielle.\n<\/p>\n<p>\n * MICHELIN<br \/>\n <a href=\"https:\/\/www.boursorama.com\/cours\/1rPML\/\" rel=\"nofollow noopener\" target=\"_blank\"><br \/>\n  MICP.PA<br \/>\n <\/a><br \/>\n a abaiss\u00e9 lundi son objectif de r\u00e9sultat op\u00e9rationnel des secteurs (ROS) pour l&rsquo;exercice 2026, le groupe citant une activit\u00e9 qui s&rsquo;est d\u00e9t\u00e9rior\u00e9e plus fortement que pr\u00e9vu en Am\u00e9rique du Nord.\n<\/p>\n<p>\n * LVMH<br \/>\n <a href=\"https:\/\/www.boursorama.com\/cours\/1rPMC\/\" rel=\"nofollow noopener\" target=\"_blank\"><br \/>\n  LVMH.PA<br \/>\n <\/a><br \/>\n doit publier ses r\u00e9sultats trimestriels apr\u00e8s la cl\u00f4ture de la Bourse de Paris.\n<\/p>\n<p>\n * SAFRAN<br \/>\n <a href=\"https:\/\/www.boursorama.com\/cours\/1rPSAF\/\" rel=\"nofollow noopener\" target=\"_blank\"><br \/>\n  SAF.PA<br \/>\n <\/a><br \/>\n &#8211; Le directeur g\u00e9n\u00e9ral du groupe, Olivier Andries, a d\u00e9clar\u00e9 lundi que le motoriste fran\u00e7ais \u00e9tait \u00ab\u00a0en bonne voie\u00a0\u00bb pour produire suffisamment de moteurs afin de permettre \u00e0 AIRBUS<br \/>\n <a href=\"https:\/\/www.boursorama.com\/cours\/1rPAIR\/\" rel=\"nofollow noopener\" target=\"_blank\"><br \/>\n  AIR.PA<br \/>\n <\/a><br \/>\n d&rsquo;atteindre ses objectifs de livraison d&rsquo;appareils cette ann\u00e9e.\n<\/p>\n<p>\n * CARMAT<br \/>\n <a href=\"https:\/\/www.boursorama.com\/cours\/1rEPALCAR\/\" rel=\"nofollow noopener\" target=\"_blank\"><br \/>\n  ALCAR.PA<br \/>\n <\/a><br \/>\n &#8211; La proc\u00e9dure de liquidation judiciaire du sp\u00e9cialiste des coeurs artificiels doit \u00eatre examin\u00e9e ce mardi par le tribunal de commerce de Versailles.\n<\/p>\n<p>\n * ERICSSON ERICb.ST &#8211; Le fabricant su\u00e9dois d&rsquo;\u00e9quipements t\u00e9l\u00e9coms a publi\u00e9 \u00e9tat mardi un b\u00e9n\u00e9fice trimestriel meilleur que pr\u00e9vu malgr\u00e9 une baisse des ventes, sur fond d&rsquo;am\u00e9lioration de ses op\u00e9rations qui a stimul\u00e9 la croissance des marges.\n<\/p>\n<p>\n * VODAFONE<br \/>\n <a href=\"https:\/\/www.boursorama.com\/cours\/1uVOD.L\/\" rel=\"nofollow noopener\" target=\"_blank\"><br \/>\n  VOD.L<br \/>\n <\/a><br \/>\n a annonc\u00e9 lundi s&#8217;employer \u00e0 r\u00e9soudre une panne de r\u00e9seau affectant ses services haut d\u00e9bit 4G et 5G en Grande-Bretagne. Selon le site de surveillance du r\u00e9seau Downdetector plus de 50.000 utilisateurs en Grande-Bretagne ont \u00e9t\u00e9 affect\u00e9s par le probl\u00e8me.\n<\/p>\n<p>\n * TOMTOM<br \/>\n <a href=\"https:\/\/www.boursorama.com\/cours\/1rATOM2\/\" rel=\"nofollow noopener\" target=\"_blank\"><br \/>\n  TOM2.AS<br \/>\n <\/a><br \/>\n &#8211; Le sp\u00e9cialiste n\u00e9erlandais de la cartographie num\u00e9rique a fait \u00e9tat mardi d&rsquo;une hausse de son b\u00e9n\u00e9fice d&rsquo;exploitation au titre du troisi\u00e8me trimestre, d\u00e9passant les attentes du march\u00e9, gr\u00e2ce notamment \u00e0 la croissance de sa division Automotive.\n<\/p>\n<p>\n * GIVAUDAN<br \/>\n <a href=\"https:\/\/www.boursorama.com\/cours\/2aGIVN\/\" rel=\"nofollow noopener\" target=\"_blank\"><br \/>\n  GIVN.S<br \/>\n <\/a><br \/>\n &#8211; Le fabricant suisse de parfums et d&rsquo;ar\u00f4mes a fait \u00e9tat mardi d&rsquo;une croissance organique plus forte que pr\u00e9vu pour la p\u00e9riode juillet-septembre, port\u00e9e par ses march\u00e9s \u00e0 forte croissance et par une performance solide et soutenue de son activit\u00e9 de parfumerie fine.\n<\/p>\n<p>\n * SABADELL<br \/>\n <a href=\"https:\/\/www.boursorama.com\/cours\/FF55-SAB\/\" rel=\"nofollow noopener\" target=\"_blank\"><br \/>\n  SABE.MC<br \/>\n <\/a><br \/>\n a annonc\u00e9 mardi que 2,8% de ses actionnaires, repr\u00e9sentant 30,8% de son capital, avaient accept\u00e9 l&rsquo;offre publique d&rsquo;achat hostile de BBVA<br \/>\n <a href=\"https:\/\/www.boursorama.com\/cours\/FF55-BBVA\/\" rel=\"nofollow noopener\" target=\"_blank\"><br \/>\n  BBVA.MC<br \/>\n <\/a><br \/>\n , d&rsquo;un montant de 16,48 milliards d&rsquo;euros.\n<\/p>\n<p>\n * RIO TINTO<br \/>\n <a href=\"https:\/\/www.boursorama.com\/cours\/1uRIO.L\/\" rel=\"nofollow noopener\" target=\"_blank\"><br \/>\n  RIO.L<br \/>\n <\/a><br \/>\n juge mardi n\u00e9cessaire une fin d&rsquo;ann\u00e9e solide pour atteindre son objectif d&rsquo;exp\u00e9ditions de minerai de fer, m\u00eame si la demande chinoise s&rsquo;est acc\u00e9l\u00e9r\u00e9e en septembre.\n<\/p>\n<p>\n L&rsquo;AGENDA FRANCE &amp; INTERNATIONAL \u00c0 7 JOURS: nL5N3VR0E3\n<\/p>\n<p>\n (R\u00e9dig\u00e9 par Diana Mandia et Claude Chendjou, \u00e9dit\u00e9 par Augustin Turpin)<\/p>\n","protected":false},"excerpt":{"rendered":"* PUBLICIS PUBP.PA a relev\u00e9 mardi sa pr\u00e9vision de croissance 2025, pour la deuxi\u00e8me fois cette ann\u00e9e, l&rsquo;activit\u00e9&hellip;\n","protected":false},"author":2,"featured_media":64038,"comment_status":"","ping_status":"","sticky":false,"template":"","format":"standard","meta":{"footnotes":""},"categories":[1888],"tags":[400,11,398,408,405,1777,674,1011,27,403,402,399,404,12,626,25,401,406,407],"class_list":{"0":"post-461736","1":"post","2":"type-post","3":"status-publish","4":"format-standard","5":"has-post-thumbnail","7":"category-paris","8":"tag-action-cac-40","9":"tag-actualites","10":"tag-bourse-de-paris","11":"tag-boursorama","12":"tag-cotations","13":"tag-eu","14":"tag-europe","15":"tag-fr","16":"tag-france","17":"tag-indices-devises","18":"tag-investir","19":"tag-investissement","20":"tag-marche-boursier","21":"tag-news","22":"tag-paris","23":"tag-republique-francaise","24":"tag-sicav","25":"tag-trackers","26":"tag-warrants"},"share_on_mastodon":{"url":"https:\/\/pubeurope.com\/@fr\/115371167453517694","error":""},"_links":{"self":[{"href":"https:\/\/www.europesays.com\/fr\/wp-json\/wp\/v2\/posts\/461736","targetHints":{"allow":["GET"]}}],"collection":[{"href":"https:\/\/www.europesays.com\/fr\/wp-json\/wp\/v2\/posts"}],"about":[{"href":"https:\/\/www.europesays.com\/fr\/wp-json\/wp\/v2\/types\/post"}],"author":[{"embeddable":true,"href":"https:\/\/www.europesays.com\/fr\/wp-json\/wp\/v2\/users\/2"}],"replies":[{"embeddable":true,"href":"https:\/\/www.europesays.com\/fr\/wp-json\/wp\/v2\/comments?post=461736"}],"version-history":[{"count":0,"href":"https:\/\/www.europesays.com\/fr\/wp-json\/wp\/v2\/posts\/461736\/revisions"}],"wp:featuredmedia":[{"embeddable":true,"href":"https:\/\/www.europesays.com\/fr\/wp-json\/wp\/v2\/media\/64038"}],"wp:attachment":[{"href":"https:\/\/www.europesays.com\/fr\/wp-json\/wp\/v2\/media?parent=461736"}],"wp:term":[{"taxonomy":"category","embeddable":true,"href":"https:\/\/www.europesays.com\/fr\/wp-json\/wp\/v2\/categories?post=461736"},{"taxonomy":"post_tag","embeddable":true,"href":"https:\/\/www.europesays.com\/fr\/wp-json\/wp\/v2\/tags?post=461736"}],"curies":[{"name":"wp","href":"https:\/\/api.w.org\/{rel}","templated":true}]}}