{"id":461737,"date":"2025-10-14T06:44:16","date_gmt":"2025-10-14T06:44:16","guid":{"rendered":"https:\/\/www.europesays.com\/fr\/461737\/"},"modified":"2025-10-14T06:44:16","modified_gmt":"2025-10-14T06:44:16","slug":"la-russie-autorise-la-publicite-sur-ses-fusees-pour-financer-son-programme-spatial","status":"publish","type":"post","link":"https:\/\/www.europesays.com\/fr\/461737\/","title":{"rendered":"La Russie autorise la publicit\u00e9 sur ses fus\u00e9es pour financer son programme spatial"},"content":{"rendered":"<p><strong>La Russie a adopt\u00e9 une loi autorisant l\u2019affichage de publicit\u00e9s sur ses engins spatiaux. Une mesure in\u00e9dite notamment destin\u00e9e \u00e0 attirer des capitaux priv\u00e9s alors que le secteur spatial russe traverse une crise financi\u00e8re et industrielle sans pr\u00e9c\u00e9dent.<\/strong><\/p>\n<p>Alors que le spatial russe s\u2019enfonce dans une<a href=\"https:\/\/www.numerama.com\/sciences\/2061453-nous-devons-arreter-de-nous-mentir-a-nous-memes-le-spatial-russe-est-en-panne.html\" rel=\"nofollow noopener\" target=\"_blank\"> crise in\u00e9dite<\/a>, entre \u00ab dettes de plusieurs millions de dollars, des int\u00e9r\u00eats sur les pr\u00eats qui \u2018engloutissent\u2019 le budget, de nombreux processus inefficaces \u00bb et une perte de motivation selon Igor Maltsev, directeur de RSC Energia, directeur du principal fabricant russe de vaisseaux spatiaux, les autorit\u00e9s du pays ont trouv\u00e9 la parade pour renflouer les caisses d\u2019un secteur d\u00e9laiss\u00e9.<\/p>\n<p>Le pr\u00e9sident russe <a href=\"https:\/\/www.numerama.com\/tag\/vladimir-poutine\/\" rel=\"nofollow noopener\" target=\"_blank\">Vladimir Poutine<\/a> a approuv\u00e9 des amendements aux lois f\u00e9d\u00e9rales sur la publicit\u00e9 et sur Roscosmos pour permettre le placement de publicit\u00e9 sur les engins spatiaux. Autrement dit, il sera bient\u00f4t possible de faire la promotion de sa marque sur une fus\u00e9e. Les modifications l\u00e9gislatives ont \u00e9t\u00e9 publi\u00e9es le 29 septembre 2025 sur le<a href=\"http:\/\/publication.pravo.gov.ru\/document\/0001202509290034?index=2\" target=\"_blank\" rel=\"nofollow noopener\"> site officiel d\u2019information juridique de Russie<\/a>.<\/p>\n<p><a href=\"https:\/\/www.numerama.com\/wp-content\/uploads\/2020\/06\/cosmonaute-roscosmos.jpg\" rel=\"nofollow noopener\" target=\"_blank\"><img decoding=\"async\" width=\"1024\" height=\"576\" loading=\"lazy\" alt=\"cosmonaute roscosmos\" title=\"cosmonaute roscosmos\" class=\"wp-image-633316 placeholder-default wp-image\" src=\"https:\/\/www.europesays.com\/fr\/wp-content\/uploads\/2025\/10\/cosmonaute-roscosmos-1024x576.jpg\" \/><\/a>Cosmonaute de l\u2019Agence spatiale russe Roscosmos \/\/ Source : <a target=\"_blank\" href=\"https:\/\/www.flickr.com\/photos\/nasa2explore\/30229151168\/\" rel=\"nofollow noopener\">NASA Johnson<\/a><\/p>\n<p>Sur Telegram, l\u2019Agence spatiale russe <a href=\"https:\/\/t.me\/roscosmos_gk\/18366\" target=\"_blank\" rel=\"noreferrer noopener nofollow\">pr\u00e9cise <\/a>que cette \u00e9volution a pour but \u00ab d\u2019attirer les investissements priv\u00e9s dans l\u2019exploration spatiale russe et d\u2019all\u00e9ger la charge budg\u00e9taire de l\u2019\u00c9tat \u00bb \u00e0 compter du 1er janvier 2026.<\/p>\n<p>Les logos occidentaux resteront au sol<\/p>\n<p>Si Roscosmos n\u2019a pas pr\u00e9cis\u00e9 l\u2019identit\u00e9 type des annonceurs \u00e9ligibles \u00e0 l\u2019offre, elle devrait se limiter \u00e0 la Russie et ses alli\u00e9s. La loi exige en effet que les symboles publicitaires ne compromettent pas la s\u00e9curit\u00e9 des appareils \u00e9tatiques.\u00a0<\/p>\n<p>Toute publicit\u00e9 provenant des nations alli\u00e9es \u00e0 l\u2019Ukraine serait par ailleurs susceptible de violer les sanctions mises en place pour condamner l\u2019invasion du pays par l\u2019arm\u00e9e russe en f\u00e9vrier 2022. Ces mesures ont d\u2019ailleurs mis fin \u00e0 de nombreux partenariats spatiaux entre Moscou et l\u2019Europe, contribuant \u00e0 l\u2019affaiblissement des exp\u00e9ditions et recherches russes dans le secteur.<\/p>\n<p>Les pionniers du marketing spatial<\/p>\n<p><a href=\"https:\/\/www.numerama.com\/sciences\/espace\/\" rel=\"nofollow noopener\" target=\"_blank\">L\u2019espace<\/a> a d\u00e9j\u00e0 \u00e9t\u00e9 le th\u00e9\u00e2tre d\u2019op\u00e9rations publicitaires, comme en 1996 quand Pepsi a d\u00e9bours\u00e9 5 millions de dollars pour que les cosmonautes de la station Mir Yuri Onufrienko et Yuri Usachyov gonflent une canette g\u00e9ante de la marque et l\u2019envoie dans le vide pour en prendre des photos. Malheureusement, les images n\u2019ont jamais \u00e9t\u00e9 diffus\u00e9es.\u00a0<\/p>\n<p><a href=\"https:\/\/www.numerama.com\/wp-content\/uploads\/2025\/10\/mir-eo-21-crew-portrait-19960325-cropped.jpg\" rel=\"nofollow noopener\" target=\"_blank\"><img decoding=\"async\" width=\"1024\" height=\"560\" loading=\"lazy\" alt=\"Mir_EO-21_crew_portrait_-_19960325_(cropped)\" title=\"Mir_EO-21_crew_portrait_-_19960325_(cropped)\" class=\"wp-image-2093337 placeholder-default wp-image\" src=\"https:\/\/www.europesays.com\/fr\/wp-content\/uploads\/2025\/10\/mir-eo-21-crew-portrait-19960325-cropped-1024x560.jpg\" \/><\/a>\u00c0 bord du module de base de la station spatiale russe Mir, l\u2019am\u00e9ricaine Shannon W. Lucid rejoint (au centre) le cosmonaute Youri I. Onufrienko, commandant de mission et son comp\u00e8re Youri V. Usachev en 1996 \/\/ Source : Wikimedia Commons<\/p>\n<p>Des images d\u2019un autre coup de communication sont elles rest\u00e9es dans les annales, quand Pizza Hut a d\u00e9bours\u00e9 plus d\u2019un million de dollars pour <a href=\"http:\/\/news.bbc.co.uk\/2\/hi\/science\/nature\/827496.stm\" target=\"_blank\" rel=\"noreferrer noopener nofollow\">mettre son logo sur une fus\u00e9e Proton<\/a>, \u00e0 l\u2019origine du lancement du module Zvezda en 2000. Comme quoi, m\u00eame dans le vide, il reste de la place pour un peu de pub.<\/p>\n<p>            <img decoding=\"async\" src=\"https:\/\/www.europesays.com\/fr\/wp-content\/uploads\/2025\/04\/iPhone-16-pro.png\" alt=\"Toute l'actu tech en un clien d'oeil\"\/><\/p>\n<p class=\"card-install-pwa__title\">Toute l&rsquo;actu tech en un clin d&rsquo;\u0153il<\/p>\n<p class=\"card-install-pwa__description\">Ajoutez Numerama \u00e0 votre \u00e9cran d&rsquo;accueil et restez connect\u00e9s au futur !<\/p>\n<p>            <img decoding=\"async\" src=\"https:\/\/www.numerama.com\/wp-content\/themes\/numerama-next\/assets\/images\/premium\/logo-card-pwa-coupe.svg\" alt=\"Logo PWA\"\/><\/p>\n<p>       Installer Numerama<\/p>\n<p class=\"title\">\n            Regardez le monde depuis l&rsquo;            <a href=\"https:\/\/www.numerama.com\/sciences\/espace\/\" rel=\"nofollow noopener\" target=\"_blank\"><br \/>\n                Espace            <\/a>\n        <\/p>\n","protected":false},"excerpt":{"rendered":"La Russie a adopt\u00e9 une loi autorisant l\u2019affichage de publicit\u00e9s sur ses engins spatiaux. Une mesure in\u00e9dite notamment&hellip;\n","protected":false},"author":2,"featured_media":461738,"comment_status":"","ping_status":"","sticky":false,"template":"","format":"standard","meta":{"footnotes":""},"categories":[1591],"tags":[11,58636,1887,889,12,5714,51700,1885,1886,132,135],"class_list":{"0":"post-461737","1":"post","2":"type-post","3":"status-publish","4":"format-standard","5":"has-post-thumbnail","7":"category-russie","8":"tag-actualites","9":"tag-agence-spatiale-russe","10":"tag-federation-de-russie","11":"tag-fusee","12":"tag-news","13":"tag-pub","14":"tag-roscosmos","15":"tag-russia","16":"tag-russian-federation","17":"tag-russie","18":"tag-vladimir-poutine"},"share_on_mastodon":{"url":"https:\/\/pubeurope.com\/@fr\/115371171302034865","error":""},"_links":{"self":[{"href":"https:\/\/www.europesays.com\/fr\/wp-json\/wp\/v2\/posts\/461737","targetHints":{"allow":["GET"]}}],"collection":[{"href":"https:\/\/www.europesays.com\/fr\/wp-json\/wp\/v2\/posts"}],"about":[{"href":"https:\/\/www.europesays.com\/fr\/wp-json\/wp\/v2\/types\/post"}],"author":[{"embeddable":true,"href":"https:\/\/www.europesays.com\/fr\/wp-json\/wp\/v2\/users\/2"}],"replies":[{"embeddable":true,"href":"https:\/\/www.europesays.com\/fr\/wp-json\/wp\/v2\/comments?post=461737"}],"version-history":[{"count":0,"href":"https:\/\/www.europesays.com\/fr\/wp-json\/wp\/v2\/posts\/461737\/revisions"}],"wp:featuredmedia":[{"embeddable":true,"href":"https:\/\/www.europesays.com\/fr\/wp-json\/wp\/v2\/media\/461738"}],"wp:attachment":[{"href":"https:\/\/www.europesays.com\/fr\/wp-json\/wp\/v2\/media?parent=461737"}],"wp:term":[{"taxonomy":"category","embeddable":true,"href":"https:\/\/www.europesays.com\/fr\/wp-json\/wp\/v2\/categories?post=461737"},{"taxonomy":"post_tag","embeddable":true,"href":"https:\/\/www.europesays.com\/fr\/wp-json\/wp\/v2\/tags?post=461737"}],"curies":[{"name":"wp","href":"https:\/\/api.w.org\/{rel}","templated":true}]}}