{"id":461739,"date":"2025-10-14T06:45:13","date_gmt":"2025-10-14T06:45:13","guid":{"rendered":"https:\/\/www.europesays.com\/fr\/461739\/"},"modified":"2025-10-14T06:45:13","modified_gmt":"2025-10-14T06:45:13","slug":"trump-recevra-zelensky-a-la-maison-blanche-vendredi-pour-parler-defense-aerienne","status":"publish","type":"post","link":"https:\/\/www.europesays.com\/fr\/461739\/","title":{"rendered":"Trump recevra Zelensky \u00e0 la Maison Blanche vendredi pour parler d\u00e9fense a\u00e9rienne\u2026"},"content":{"rendered":"<p>Trump confirme qu\u2019il va recevoir Zelensky \u00e0 la Maison Blanche vendredi<\/p>\n<p>Donald Trump a confirm\u00e9 lundi qu\u2019il allait recevoir Volodymyr Zelensky vendredi \u00e0 la Maison Blanche, dans ce qui devrait \u00eatre la troisi\u00e8me visite du pr\u00e9sident ukrainien chez son homologue am\u00e9ricain depuis le retour au pouvoir du milliardaire.<\/p>\n<p>\u00ab\u00a0Je rencontrerai le pr\u00e9sident Trump \u00e0 Washington cette semaine\u00a0\u00bb, a d\u00e9clar\u00e9 plus t\u00f4t lundi le pr\u00e9sident ukrainien lors d\u2019une conf\u00e9rence de presse \u00e0 Kiev au c\u00f4t\u00e9 de la cheffe de la diplomatie europ\u00e9enne Kaja Kallas. \u00ab\u00a0Nous avons besoin de discuter d\u2019une s\u00e9rie de mesures que je veux proposer au pr\u00e9sident\u00a0\u00bb, a-t-il ajout\u00e9, pr\u00e9cisant qu\u2019il aurait \u00e9galement \u00ab\u00a0d\u2019autres r\u00e9unions\u00a0\u00bb avec des responsables am\u00e9ricains.<\/p>\n<p>Il a notamment \u00e9voqu\u00e9 des rencontres aux Etats-Unis avec des repr\u00e9sentants \u00ab\u00a0d\u2019entreprises militaires\u00a0\u00bb et des \u00e9lus du Congr\u00e8s.<\/p>\n<p>Bonjour, et bienvenue dans ce live consacr\u00e9 \u00e0 la guerre en Ukraine<\/p>\n<p>Chaque jour, 20 Minutes fait le point en direct avec vous sur les derni\u00e8res actualit\u00e9s de la guerre en Ukraine. La guerre a \u00e9t\u00e9 d\u00e9clar\u00e9e avec l\u2019invasion du pays par la Russie dans la nuit du 23 au 24\u00a0f\u00e9vrier 2022 sur d\u00e9cision du pr\u00e9sident russe Vladimir Poutine. Ce mardi, il s\u2019agit d\u00e9j\u00e0 du 1.329e jour du conflit.<\/p>\n","protected":false},"excerpt":{"rendered":"Trump confirme qu\u2019il va recevoir Zelensky \u00e0 la Maison Blanche vendredi Donald Trump a confirm\u00e9 lundi qu\u2019il allait&hellip;\n","protected":false},"author":2,"featured_media":461740,"comment_status":"","ping_status":"","sticky":false,"template":"","format":"standard","meta":{"footnotes":""},"categories":[1590],"tags":[47,11,75,1777,674,131,74,12,136,132,220,135,134],"class_list":{"0":"post-461739","1":"post","2":"type-post","3":"status-publish","4":"format-standard","5":"has-post-thumbnail","7":"category-ukraine","8":"tag-actualite","9":"tag-actualites","10":"tag-donald-trump","11":"tag-eu","12":"tag-europe","13":"tag-guerre-en-ukraine","14":"tag-monde","15":"tag-news","16":"tag-otan","17":"tag-russie","18":"tag-ukraine","19":"tag-vladimir-poutine","20":"tag-volodymyr-zelensky"},"share_on_mastodon":{"url":"https:\/\/pubeurope.com\/@fr\/115371175046496918","error":""},"_links":{"self":[{"href":"https:\/\/www.europesays.com\/fr\/wp-json\/wp\/v2\/posts\/461739","targetHints":{"allow":["GET"]}}],"collection":[{"href":"https:\/\/www.europesays.com\/fr\/wp-json\/wp\/v2\/posts"}],"about":[{"href":"https:\/\/www.europesays.com\/fr\/wp-json\/wp\/v2\/types\/post"}],"author":[{"embeddable":true,"href":"https:\/\/www.europesays.com\/fr\/wp-json\/wp\/v2\/users\/2"}],"replies":[{"embeddable":true,"href":"https:\/\/www.europesays.com\/fr\/wp-json\/wp\/v2\/comments?post=461739"}],"version-history":[{"count":0,"href":"https:\/\/www.europesays.com\/fr\/wp-json\/wp\/v2\/posts\/461739\/revisions"}],"wp:featuredmedia":[{"embeddable":true,"href":"https:\/\/www.europesays.com\/fr\/wp-json\/wp\/v2\/media\/461740"}],"wp:attachment":[{"href":"https:\/\/www.europesays.com\/fr\/wp-json\/wp\/v2\/media?parent=461739"}],"wp:term":[{"taxonomy":"category","embeddable":true,"href":"https:\/\/www.europesays.com\/fr\/wp-json\/wp\/v2\/categories?post=461739"},{"taxonomy":"post_tag","embeddable":true,"href":"https:\/\/www.europesays.com\/fr\/wp-json\/wp\/v2\/tags?post=461739"}],"curies":[{"name":"wp","href":"https:\/\/api.w.org\/{rel}","templated":true}]}}