{"id":461752,"date":"2025-10-14T06:52:14","date_gmt":"2025-10-14T06:52:14","guid":{"rendered":"https:\/\/www.europesays.com\/fr\/461752\/"},"modified":"2025-10-14T06:52:14","modified_gmt":"2025-10-14T06:52:14","slug":"il-a-casse-sa-dynamique-bruno-retailleau-est-il-le-grand-perdant-de-la-folle-sequence","status":"publish","type":"post","link":"https:\/\/www.europesays.com\/fr\/461752\/","title":{"rendered":"\u00ab\u00a0Il a cass\u00e9 sa dynamique\u2026\u00a0\u00bb Bruno Retailleau est-il le grand perdant de la folle s\u00e9quence\u00a0?"},"content":{"rendered":"<p>Il est celui par qui la temp\u00eate est arriv\u00e9e.<a href=\"https:\/\/x.com\/BrunoRetailleau\/status\/1974918032603644215\" target=\"_blank\" class=\"c-link c-link--is-underlined\"> D\u2019un seul tweet,<\/a> dimanche 5\u00a0octobre, <a href=\"https:\/\/www.20minutes.fr\/dossier\/bruno_retailleau\" class=\"c-link c-link--is-underlined\" target=\"_blank\" rel=\"noopener\">Bruno Retailleau <\/a>a d\u00e9clench\u00e9 la chute du gouvernement Lecornu I et entra\u00een\u00e9 le pays dans une profonde crise politique. Depuis plus d\u2019une semaine, le patron des R\u00e9publicains semble \u00e0 contretemps et peine \u00e0 afficher une strat\u00e9gie claire pour son parti. En indiquant ces derni\u00e8res heures qu\u2019il exclurait les ministres de droite participant au gouvernement Lecornu II, le Vend\u00e9en a \u00ab\u00a0ajout\u00e9 de la crise \u00e0 la crise\u00a0\u00bb, soupire un responsable LR. Et si Bruno Retailleau \u00e9tait en train de dilapider tout le <a href=\"https:\/\/www.20minutes.fr\/dossier\/capital\" class=\"c-link c-link--is-underlined\" target=\"_blank\" rel=\"noopener\">capital<\/a> politique engrang\u00e9 depuis un an\u00a0?<\/p>\n<\/p>\n<p>Responsable de l\u2019instabilit\u00e9<\/p>\n<p>En acc\u00e9dant au minist\u00e8re de l\u2019Int\u00e9rieur, sous le gouvernement <a href=\"https:\/\/www.20minutes.fr\/dossier\/michel_barnier\" class=\"c-link c-link--is-underlined\" target=\"_blank\" rel=\"noopener\">Michel Barnier<\/a> en septembre\u00a02024, le discret s\u00e9nateur de <a href=\"https:\/\/www.20minutes.fr\/dossier\/vendee\" class=\"c-link c-link--is-underlined\" target=\"_blank\" rel=\"noopener\">Vend\u00e9e<\/a> s\u2019est vu propulser au rang de candidat cr\u00e9dible pour acc\u00e9der au second tour de la prochaine \u00e9lection pr\u00e9sidentielle. Et depuis des mois, les soutiens du ministre le plus populaire du gouvernement annon\u00e7aient une rupture \u00e0 venir avec la Macronie pour mieux concr\u00e9tiser ses ambitions \u00e9lys\u00e9ennes. Restait \u00e0 choisir quand et surtout, sur quel sujet\u00a0? \u00ab\u00a0Il aurait pu partir sur une ligne de fracture forte, sur le r\u00e9galien, les visas alg\u00e9riens par exemple, mais faire tomber un gouvernement par orgueil, pour un nom de ministre qui lui d\u00e9pla\u00eet, c\u2019est illisible et casse la dynamique que l\u2019on conna\u00eet depuis un an\u00a0\u00bb, soupire un responsable LR du sud.<\/p>\n<p>Reconduit dimanche dernier \u00e0 Beauvau dans le gouvernement Lecornu 1, le premier flic de France a donc remis en cause sa participation d\u2019un message sur X, agac\u00e9 par la nomination de <a href=\"https:\/\/www.20minutes.fr\/dossier\/bruno_le_maire\" class=\"c-link c-link--is-underlined\" target=\"_blank\" rel=\"noopener\">Bruno Le Maire<\/a> \u00e0 la D\u00e9fense. \u00ab\u00a0Le compte n\u2019y \u00e9tait pas pour LR. Il y a eu une rupture de confiance, Retailleau a \u00e9t\u00e9 pris au pi\u00e8ge\u00a0\u00bb, d\u00e9fend Marc-Philippe Daubresse, s\u00e9nateur du Nord, proche de l\u2019int\u00e9ress\u00e9. Sa d\u00e9cision a provoqu\u00e9 la d\u00e9mission de S\u00e9bastien Lecornu, et rapproche le pays d\u2019une nouvelle dissolution, au risque d\u2019appara\u00eetre comme le responsable de l\u2019instabilit\u00e9 politique.<\/p>\n<p>Une autorit\u00e9 mise \u00e0 mal<\/p>\n<p>Et si le bureau politique LR l\u2019a bien suivi, samedi dernier, \u00e0 une large majorit\u00e9 dans son souhait de ne pas entrer dans la nouvelle \u00e9quipe de Lecornu, la r\u00e9union a fait appara\u00eetre d\u2019incroyables tensions internes et des dissensions entre d\u00e9put\u00e9s et s\u00e9nateurs. Elle s\u2019est d\u2019ailleurs <a href=\"https:\/\/x.com\/Alexsulzer\/status\/1976991758463775106?ref_src=twsrc%5Etfw%7Ctwcamp%5Etweetembed%7Ctwterm%5E1976991758463775106%7Ctwgr%5Ec4a211f7e3cda2e4fa2197a01c5a4ff96880912e%7Ctwcon%5Es1_&amp;ref_url=https%3A%2F%2Fwww.leparisien.fr%2Fpolitique%2Fdirect-sebastien-lecornu-reconduit-course-contre-la-montre-pour-former-un-gouvernement-deja-menace-par-la-censure-11-10-2025-QQLOA76KL5CE5D5PUBLHD6VBDE.php\" target=\"_blank\" class=\"c-link c-link--is-underlined\">termin\u00e9e avec des noms d\u2019oiseaux <\/a>et plusieurs \u00e9lus quittant la visio conf\u00e9rence avant de voter.<\/p>\n<p>\u00ab\u00a0Une large majorit\u00e9 de nos <a href=\"https:\/\/www.20minutes.fr\/dossier\/depute\" class=\"c-link c-link--is-underlined\" target=\"_blank\" rel=\"noopener\">d\u00e9put\u00e9<\/a>s veut tout faire pour \u00e9viter la dissolution, et serait m\u00eame pr\u00eat \u00e0 accepter une suspension de la r\u00e9forme des retraites, car ils ont la trouille pour leur poste. C\u2019est \u00a0\u00bbencore quelques minutes, monsieur le bourreau\u00a0\u00bb\u00a0\u00bb, s\u2019agace un responsable LR. Malgr\u00e9 le souhait du patron, six \u00e9lus ont choisi d\u2019entrer ou rester au gouvernement, et non des moindres\u00a0: Rachida Dati (Culture), candidate LR \u00e0 Paris, Annie Genevard (<a href=\"https:\/\/www.20minutes.fr\/dossier\/agriculture\" class=\"c-link c-link--is-underlined\" target=\"_blank\" rel=\"noopener\">Agriculture<\/a>), pr\u00e9sidente de la Commission nationale d\u2019investiture, et le d\u00e9put\u00e9 Vincent Jeanbrun (<a href=\"https:\/\/www.20minutes.fr\/dossier\/ville\" class=\"c-link c-link--is-underlined\" target=\"_blank\" rel=\"noopener\">Ville<\/a>), porte-parole du mouvement. Un acte d\u2019autorit\u00e9 rat\u00e9 pour Bruno Retailleau, qui a vite annonc\u00e9 leur exclusion de LR. \u00ab\u00a0En choisissant de rallier le pire des losers de la macronie contre l\u2019avis du bureau, ces \u00e9lus se sont exclus d\u2019eux-m\u00eames, \u00e7a me semble assez logique\u00a0\u00bb, balaie Pierre-Henri Dumont, secr\u00e9taire g\u00e9n\u00e9ral adjoint du parti.<\/p>\n<p>Pour consolider sa position, Bruno Retailleau a lanc\u00e9 un vote des militants ce lundi et mardi sur le refus de participer au gouvernement\u2026 apr\u00e8s donc l\u2019avoir d\u00e9j\u00e0 act\u00e9. Ces errements strat\u00e9giques se d\u00e9roulent sur fond de tensions avec Laurent Wauquiez, qui avait estim\u00e9 que la chute de Lecornu avait \u00ab\u00a0ab\u00eem\u00e9\u00a0\u00bb l\u2019image de la droite. \u00ab\u00a0Wauquiez fait tout pour emmerder Retailleau\u00a0!\u00a0\u00bb, soupire un cadre. Et \u00e7a marche. Aux yeux de l\u2019opinion, Bruno Retailleau semble bien \u00eatre l\u2019un des grands perdants de la s\u00e9quence politique en cours. Selon un sondage <a href=\"https:\/\/www.20minutes.fr\/dossier\/ipsos\" class=\"c-link c-link--is-underlined\" target=\"_blank\" rel=\"noopener\">Ipsos<\/a> BVA-CESI*<a href=\"https:\/\/www.latribune.fr\/article\/la-tribune-dimanche\/politique\/89158991295367\/barometre-politique-sebastien-lecornu-gagne-11-points-de-popularite\" target=\"_blank\" class=\"c-link c-link--is-underlined\" rel=\"noopener\"> publi\u00e9 par la Tribune Dimanche,<\/a> l\u2019ex <a href=\"https:\/\/www.20minutes.fr\/dossier\/ministre\" class=\"c-link c-link--is-underlined\" target=\"_blank\" rel=\"noopener\">ministre<\/a> de l\u2019Int\u00e9rieur enregistre en un mois une chute de 7 points. Dans le m\u00eame temps, celle de S\u00e9bastien Lecornu a grimp\u00e9 de 11.<\/p>\n","protected":false},"excerpt":{"rendered":"Il est celui par qui la temp\u00eate est arriv\u00e9e. D\u2019un seul tweet, dimanche 5\u00a0octobre, Bruno Retailleau a d\u00e9clench\u00e9&hellip;\n","protected":false},"author":2,"featured_media":461753,"comment_status":"","ping_status":"","sticky":false,"template":"","format":"standard","meta":{"footnotes":""},"categories":[2],"tags":[47,11,416,1013,1011,27,5639,8335,35696,1014,12,316,417,25,11067],"class_list":{"0":"post-461752","1":"post","2":"type-post","3":"status-publish","4":"format-standard","5":"has-post-thumbnail","7":"category-actualites","8":"tag-actualite","9":"tag-actualites","10":"tag-assemblee-nationale","11":"tag-bruno-retailleau","12":"tag-fr","13":"tag-france","14":"tag-laurent-wauquiez","15":"tag-les-republicains-lr","16":"tag-marc-philippe-daubresse","17":"tag-ministere-de-linterieur","18":"tag-news","19":"tag-politique","20":"tag-rachida-dati","21":"tag-republique-francaise","22":"tag-sebastien-lecornu"},"share_on_mastodon":{"url":"https:\/\/pubeurope.com\/@fr\/115371202562481703","error":""},"_links":{"self":[{"href":"https:\/\/www.europesays.com\/fr\/wp-json\/wp\/v2\/posts\/461752","targetHints":{"allow":["GET"]}}],"collection":[{"href":"https:\/\/www.europesays.com\/fr\/wp-json\/wp\/v2\/posts"}],"about":[{"href":"https:\/\/www.europesays.com\/fr\/wp-json\/wp\/v2\/types\/post"}],"author":[{"embeddable":true,"href":"https:\/\/www.europesays.com\/fr\/wp-json\/wp\/v2\/users\/2"}],"replies":[{"embeddable":true,"href":"https:\/\/www.europesays.com\/fr\/wp-json\/wp\/v2\/comments?post=461752"}],"version-history":[{"count":0,"href":"https:\/\/www.europesays.com\/fr\/wp-json\/wp\/v2\/posts\/461752\/revisions"}],"wp:featuredmedia":[{"embeddable":true,"href":"https:\/\/www.europesays.com\/fr\/wp-json\/wp\/v2\/media\/461753"}],"wp:attachment":[{"href":"https:\/\/www.europesays.com\/fr\/wp-json\/wp\/v2\/media?parent=461752"}],"wp:term":[{"taxonomy":"category","embeddable":true,"href":"https:\/\/www.europesays.com\/fr\/wp-json\/wp\/v2\/categories?post=461752"},{"taxonomy":"post_tag","embeddable":true,"href":"https:\/\/www.europesays.com\/fr\/wp-json\/wp\/v2\/tags?post=461752"}],"curies":[{"name":"wp","href":"https:\/\/api.w.org\/{rel}","templated":true}]}}