{"id":461757,"date":"2025-10-14T06:56:11","date_gmt":"2025-10-14T06:56:11","guid":{"rendered":"https:\/\/www.europesays.com\/fr\/461757\/"},"modified":"2025-10-14T06:56:11","modified_gmt":"2025-10-14T06:56:11","slug":"la-veuve-de-christophe-dominici-attaquee","status":"publish","type":"post","link":"https:\/\/www.europesays.com\/fr\/461757\/","title":{"rendered":"La veuve de Christophe Dominici attaqu\u00e9e"},"content":{"rendered":"<p>            Par<br \/>\n        <strong><br \/>\n            <a href=\"https:\/\/actu.fr\/auteur\/redaction-rugby\" title=\"Consulter tous les articles de R\u00e9daction Rugby\" target=\"_blank\" rel=\"noopener\">R\u00e9daction Rugby<\/a><br \/>\n        <\/strong><\/p>\n<p>        Publi\u00e9 le<\/p>\n<p>            14 oct. 2025 \u00e0 6h30        <\/p>\n<p><strong>Loretta Denaro<\/strong>, veuve de <a href=\"https:\/\/actu.fr\/sports\/rugby\/pro\/depuis-l-echec-du-rachat-de-beziers-dominici-n-allait-pas-bien-explique-christophe-laussucq_37685104.html\" target=\"_blank\" rel=\"noopener\">Christophe Dominici<\/a>, qui a d\u00e9pos\u00e9 plainte le 23 d\u00e9cembre 2024 pour faux, usage de faux, tentative d\u2019escroquerie et abus de faiblesse contre X, aux d\u00e9pens de l\u2019ancien rugbyman international (67 s\u00e9lections), fait elle aussi l\u2019objet d\u2019une <strong>plainte pour \u00ab\u00a0d\u00e9nonciation calomnieuse\u00a0\u00bb,<\/strong> avec en toile de fond <a href=\"https:\/\/actu.fr\/occitanie\/beziers_34032\/beziers-le-projet-de-rachat-porte-par-christophe-dominici-recale-par-la-dnacg_34912417.html\" target=\"_blank\" rel=\"noopener\">le rachat-fiasco du club de B\u00e9ziers<\/a>.<\/p>\n<p>Enqu\u00eate ouverte<\/p>\n<p class=\" wall-content\">Loretta Denaro\u00a0a \u00e9t\u00e9 entendue le 16 septembre dernier pendant plusieurs heures par la Brigade de r\u00e9pression de la d\u00e9linquance astucieuse (BRDA) apr\u00e8s qu\u2019une enqu\u00eate a \u00e9t\u00e9 ouverte pour abus de faiblesse, notamment, aux d\u00e9pens de Christophe Dominici.<\/p>\n<p class=\" wall-content\"><a href=\"https:\/\/actu.fr\/sports\/rugby\/pro\/le-rugby-francais-en-etat-de-choc-christophe-dominici-est-decede-brutalement_37679260.html\" target=\"_blank\" rel=\"noopener\">Le corps de l\u2019ancien ailier ou arri\u00e8re du Stade Fran\u00e7ais<\/a>, alors \u00e2g\u00e9 de 48 ans, avait \u00e9t\u00e9 retrouv\u00e9 fin novembre 2020 en contrebas d\u2019un muret bordant une route montant vers l\u2019entr\u00e9e du parc de Saint-Cloud (Hauts-de-Seine).<\/p>\n<p class=\" wall-content\">Loretta Denaro a expliqu\u00e9 aupr\u00e8s de l\u2019AFP qu\u2019elle ne veut pas \u00ab\u00a0qu\u2019il y ait d\u2019autres personnes qui puissent \u00eatre mises en d\u00e9tresse\u00a0\u00bb, confiant que \u00ab\u00a0s\u2019il n\u2019y avait pas eu ce feuilleton de B\u00e9ziers, Christophe serait encore l\u00e0\u00a0\u00bb. Elle insiste sur le fait que l\u2019ex-rugbyman \u00ab\u00a0connaissait beaucoup de monde, et donc, int\u00e9ressait les gens derri\u00e8re Sotaco pour en escroquer d\u2019autres\u00a0\u00bb.<\/p>\n<p class=\" wall-content\">Sotaco, soci\u00e9t\u00e9 incarn\u00e9e par les hommes d\u2019affaires Samir Ben Romdhane et Philippe Baillard, portait le projet de rachat du club de B\u00e9ziers, au nom d\u2019investisseurs \u00e9trangers, dont Christophe Dominici \u00e9tait la vitrine m\u00e9diatique.<\/p>\n<p>Plainte contre la veuve de Christophe Dominici<\/p>\n<p class=\" wall-content\">Ce dossier int\u00e9resse tr\u00e8s fortement la justice, 5 ans apr\u00e8s la d\u00e9c\u00e8s tragique de Christophe Dominici. Celle-ci cherche \u00e0 savoir si l\u2019ancien joueur du XV de France n\u2019aurait pas \u00e9t\u00e9 manipul\u00e9 dans le rachat qui a finalement avort\u00e9 en juillet 2020. Le gendarme financier du rugby, faute de garanties suffisantes de Sotaco, avait tout stopp\u00e9.<\/p>\n<p class=\" wall-content\">Loretta Denaro vise ceux qui ont essay\u00e9 de profiter de l\u2019aura, et aussi de l\u2019argent, de son ex-compagnon. <strong>Elle assure ainsi avoir \u00e9vit\u00e9 de justesse que Christophe Dominici ne verse 327 000 euros \u00e0 Sotaco<\/strong>, soci\u00e9t\u00e9 qui disait avoir du mal \u00e0 d\u00e9bloquer des fonds. Selon Me Fr\u00e9d\u00e9ric Simon, avocat du club de B\u00e9ziers, pour qui M. Dominici, \u00ab\u00a0fragile, a \u00e9t\u00e9 manipul\u00e9\u00a0\u00bb.<\/p>\n<p class=\" wall-content\">M. Baillard, qui se pr\u00e9sente comme charg\u00e9 \u00ab\u00a0d\u2019interm\u00e9diation\u00a0\u00bb \u00e0 l\u2019\u00e9poque du projet de rachat, a indiqu\u00e9 \u00e0 l\u2019AFP \u00ab\u00a0porter plainte pour d\u00e9nonciation calomnieuse\u00a0\u00bb en riposte \u00e0 la plainte de Mme Denaro.<\/p>\n<p>Votre r\u00e9gion, votre actu !<\/p>\n<p>Recevez chaque jour les infos qui comptent pour vous.<\/p>\n<p>\t<a href=\"https:\/\/actu.fr\/newsletter\" class=\"ac-btn ac-btn--corner ac-btn--medium ac-btn--blue800\" target=\"_blank\" rel=\"noopener\">S&rsquo;incrire<\/a><\/p>\n<p class=\" wall-content\">M. Ben Romdhane \u00ab\u00a0est r\u00e9sident \u00e0 Abou Dhabi (Emirats arabes unis), il se r\u00e9serve le droit de porter plainte pour diffamation contre Loretta et tous ceux qui l\u2019ont diffam\u00e9\u00a0\u00bb, a r\u00e9pondu de son c\u00f4t\u00e9 par \u00e9crit Sotaco, contact\u00e9e par l\u2019AFP, conseillant de \u00ab\u00a0joindre son avocat Thierry Braillard\u00a0\u00bb.<\/p>\n<p>Un ancien secr\u00e9taire d\u2019Etat aux Sports vis\u00e9<\/p>\n<p class=\" wall-content\">Me Braillard n\u2019a r\u00e9pondu \u00e0 l\u2019AFP que sur un autre volet, une proc\u00e9dure qui le vise au civil, d\u00e9clench\u00e9e par les ayants droit de Christophe Dominici. \u00ab\u00a0Dans le dossier de la reprise du club de rugby de B\u00e9ziers, je n\u2019ai fait que mon travail dans l\u2019int\u00e9r\u00eat de la soci\u00e9t\u00e9 Sotaco\u00a0\u00bb, a r\u00e9torqu\u00e9 Me Braillard, \u00e9galement ancien secr\u00e9taire d\u2019Etat aux Sports en 2017.<\/p>\n<p class=\" wall-content\">Me Jean-Hubert Portejoie, un des avocats de Mme Denaro dans une proc\u00e9dure distincte au civil, accuse Me Braillard de \u00ab\u00a0fautes professionnelles en tant qu\u2019avocat\u00a0\u00bb et sollicite \u00ab\u00a0plus de 3,5 millions d\u2019euros de dommages et int\u00e9r\u00eats\u00a0\u00bb. Me Braillard indique aussi avoir \u00ab\u00a0fait une demande de dommages et int\u00e9r\u00eats pour faire condamner\u00a0\u00bb Mme Denaro pour \u00ab\u00a0pr\u00e9judice\u00a0\u00bb en \u00ab\u00a0termes d\u2019images\u00a0\u00bb.<\/p>\n<p class=\" wall-content\"><strong>A.R avec AFP<\/strong><\/p>\n<p class=\" wall-content\">Personnalisez votre actualit\u00e9 en ajoutant vos villes et m\u00e9dias en favori avec <a href=\"https:\/\/moncompte.actu.fr\" title=\"D\u00e9couvez Mon Actu\" rel=\"nofollow noopener\" data-trk=\"{&quot;cta&quot;:{&quot;action&quot;:&quot;https:\\\/\\\/moncompte.actu.fr&quot;,&quot;category&quot;:&quot;mon compte&quot;,&quot;from&quot;:&quot;article footer&quot;,&quot;name&quot;:&quot;Mon actu&quot;,&quot;type&quot;:&quot;cta&quot;}}\" target=\"_blank\">Mon Actu<\/a>.<\/p>\n","protected":false},"excerpt":{"rendered":"Par R\u00e9daction Rugby Publi\u00e9 le 14 oct. 2025 \u00e0 6h30 Loretta Denaro, veuve de Christophe Dominici, qui a&hellip;\n","protected":false},"author":2,"featured_media":461758,"comment_status":"","ping_status":"","sticky":false,"template":"","format":"standard","meta":{"footnotes":""},"categories":[1416],"tags":[1011,27,303,3788,479,1468,60],"class_list":{"0":"post-461757","1":"post","2":"type-post","3":"status-publish","4":"format-standard","5":"has-post-thumbnail","7":"category-rugby","8":"tag-fr","9":"tag-france","10":"tag-justice","11":"tag-pro","12":"tag-rugby","13":"tag-rugby-football","14":"tag-sports"},"share_on_mastodon":{"url":"https:\/\/pubeurope.com\/@fr\/115371218411495343","error":""},"_links":{"self":[{"href":"https:\/\/www.europesays.com\/fr\/wp-json\/wp\/v2\/posts\/461757","targetHints":{"allow":["GET"]}}],"collection":[{"href":"https:\/\/www.europesays.com\/fr\/wp-json\/wp\/v2\/posts"}],"about":[{"href":"https:\/\/www.europesays.com\/fr\/wp-json\/wp\/v2\/types\/post"}],"author":[{"embeddable":true,"href":"https:\/\/www.europesays.com\/fr\/wp-json\/wp\/v2\/users\/2"}],"replies":[{"embeddable":true,"href":"https:\/\/www.europesays.com\/fr\/wp-json\/wp\/v2\/comments?post=461757"}],"version-history":[{"count":0,"href":"https:\/\/www.europesays.com\/fr\/wp-json\/wp\/v2\/posts\/461757\/revisions"}],"wp:featuredmedia":[{"embeddable":true,"href":"https:\/\/www.europesays.com\/fr\/wp-json\/wp\/v2\/media\/461758"}],"wp:attachment":[{"href":"https:\/\/www.europesays.com\/fr\/wp-json\/wp\/v2\/media?parent=461757"}],"wp:term":[{"taxonomy":"category","embeddable":true,"href":"https:\/\/www.europesays.com\/fr\/wp-json\/wp\/v2\/categories?post=461757"},{"taxonomy":"post_tag","embeddable":true,"href":"https:\/\/www.europesays.com\/fr\/wp-json\/wp\/v2\/tags?post=461757"}],"curies":[{"name":"wp","href":"https:\/\/api.w.org\/{rel}","templated":true}]}}