{"id":461761,"date":"2025-10-14T06:59:11","date_gmt":"2025-10-14T06:59:11","guid":{"rendered":"https:\/\/www.europesays.com\/fr\/461761\/"},"modified":"2025-10-14T06:59:11","modified_gmt":"2025-10-14T06:59:11","slug":"marco-bezzecchi-revele-un-important-risque-quil-a-pris-pour-sa-moto","status":"publish","type":"post","link":"https:\/\/www.europesays.com\/fr\/461761\/","title":{"rendered":"Marco Bezzecchi r\u00e9v\u00e8le un important risque qu&rsquo;il a pris pour sa moto"},"content":{"rendered":"<p>Pr\u00e9sent au Festival dello Sport, Marco Bezzecchi a saisi l&rsquo;occasion pour r\u00e9pondre \u00e0 quelques questions des journalistes. Tout en rassurant sur son \u00e9tat de sant\u00e9 apr\u00e8s son accident avec Marc Marquez, il a annonc\u00e9 la date de son retour. \u00ab Je vais plut\u00f4t bien. Ce sont quelques jours difficiles\u2026 mais je suis en th\u00e9rapie et je fais des examens. Heureusement, tout va bien. Je serai de retour en Australie. \u00bb, a-t-il d\u00e9clar\u00e9, tout en remerciant les fans. \u00ab Merci \u00e0 tous, vous m\u2019avez merveilleusement bien accueilli. J\u2019\u00e9tais vraiment impatient de venir, et je suis content d\u2019\u00eatre ici. \u00bb, a jout\u00e9 le pilote de 26 ans.<\/p>\n<p>\u00ab\u00a0j\u2019ai d\u00fb diriger seul le d\u00e9veloppement de la moto\u00a0\u00bb<\/p>\n<p>Class\u00e9 quatri\u00e8me chez les pilotes, Marco Bezzecchi peut toujours monter sur le podium. A quatre Grands Prix de la fin de la saison en MotoGP, c&rsquo;est dans ses cordes. S&rsquo;il n&rsquo;avait peut-\u00eatre pas chut\u00e9 en Indon\u00e9sie, il pourrait avoir moins d&rsquo;\u00e9cart \u00e0 combler. Et cette performance de sa moto, il ne le doit \u00e0 personne, sinon \u00e0 lui-m\u00eame. \u00ab D\u00e8s le d\u00e9part, j\u2019ai d\u00fb diriger seul le d\u00e9veloppement de la moto. Et m\u00eame si c\u2019\u00e9tait difficile, c\u2019\u00e9tait aussi une b\u00e9n\u00e9diction. Toute l\u2019\u00e9quipe \u00e9tait concentr\u00e9e sur moi. Cela m\u2019a donn\u00e9 tellement d\u2019\u00e9nergie que je n\u2019arrivais pas \u00e0 dormir ; je ne pensais qu\u2019\u00e0 progresser. \u00bb, a-t-il r\u00e9v\u00e9l\u00e9. Une phrase qui en dit long sur la performance du #72.<\/p>\n<p>Interrog\u00e9 \u00e9galement sur ses ambitions pour 2026, Marco Bezzecchi s\u2019est montr\u00e9 tr\u00e8s r\u00e9serv\u00e9. Il ne s\u2019emballe pas trop, malgr\u00e9 les \u00e9loges dont il fait l\u2019objet. \u00ab Ce serait le r\u00eave de toute une vie, mais l\u2019important est de continuer \u00e0 travailler chaque jour pour s\u2019en rapprocher. \u00bb, a confi\u00e9 l&rsquo;Italien.<\/p>\n<p>    Partagez cette info avec vos amis et vos proches en cliquant ici  <\/p>\n<p> Podcasts \u00e0 la une MEN LIFE <\/p>\n<p>    Pour r\u00e9sumer<\/p>\n<p>Recrut\u00e9 chez Aprilia en d\u00e9but de saison, Marco Bezzecchi a r\u00e9v\u00e9l\u00e9 avoir pris un \u00e9norme risque d\u00e8s son arriv\u00e9. Il a d\u00e9cid\u00e9 de prendre en main le d\u00e9veloppement technique de sa moto. Un risque qui en vallait certainement la peine.<\/p>\n<p>R\u00e9dacteur<\/p>\n<p><img decoding=\"async\" width=\"76\" height=\"76\" loading=\"lazy\" src=\"https:\/\/www.europesays.com\/fr\/wp-content\/uploads\/2025\/04\/avatar-sport-am.png\" alt=\"La r\u00e9daction\"\/><\/p>\n","protected":false},"excerpt":{"rendered":"Pr\u00e9sent au Festival dello Sport, Marco Bezzecchi a saisi l&rsquo;occasion pour r\u00e9pondre \u00e0 quelques questions des journalistes. Tout&hellip;\n","protected":false},"author":2,"featured_media":461762,"comment_status":"","ping_status":"","sticky":false,"template":"","format":"standard","meta":{"footnotes":""},"categories":[1413],"tags":[1011,27,1457,1456,60],"class_list":{"0":"post-461761","1":"post","2":"type-post","3":"status-publish","4":"format-standard","5":"has-post-thumbnail","7":"category-moto","8":"tag-fr","9":"tag-france","10":"tag-moto","11":"tag-motocycle","12":"tag-sports"},"share_on_mastodon":{"url":"https:\/\/pubeurope.com\/@fr\/115371230143178825","error":""},"_links":{"self":[{"href":"https:\/\/www.europesays.com\/fr\/wp-json\/wp\/v2\/posts\/461761","targetHints":{"allow":["GET"]}}],"collection":[{"href":"https:\/\/www.europesays.com\/fr\/wp-json\/wp\/v2\/posts"}],"about":[{"href":"https:\/\/www.europesays.com\/fr\/wp-json\/wp\/v2\/types\/post"}],"author":[{"embeddable":true,"href":"https:\/\/www.europesays.com\/fr\/wp-json\/wp\/v2\/users\/2"}],"replies":[{"embeddable":true,"href":"https:\/\/www.europesays.com\/fr\/wp-json\/wp\/v2\/comments?post=461761"}],"version-history":[{"count":0,"href":"https:\/\/www.europesays.com\/fr\/wp-json\/wp\/v2\/posts\/461761\/revisions"}],"wp:featuredmedia":[{"embeddable":true,"href":"https:\/\/www.europesays.com\/fr\/wp-json\/wp\/v2\/media\/461762"}],"wp:attachment":[{"href":"https:\/\/www.europesays.com\/fr\/wp-json\/wp\/v2\/media?parent=461761"}],"wp:term":[{"taxonomy":"category","embeddable":true,"href":"https:\/\/www.europesays.com\/fr\/wp-json\/wp\/v2\/categories?post=461761"},{"taxonomy":"post_tag","embeddable":true,"href":"https:\/\/www.europesays.com\/fr\/wp-json\/wp\/v2\/tags?post=461761"}],"curies":[{"name":"wp","href":"https:\/\/api.w.org\/{rel}","templated":true}]}}