{"id":461765,"date":"2025-10-14T07:01:11","date_gmt":"2025-10-14T07:01:11","guid":{"rendered":"https:\/\/www.europesays.com\/fr\/461765\/"},"modified":"2025-10-14T07:01:11","modified_gmt":"2025-10-14T07:01:11","slug":"alessio-gombaud-change-dequipe-actualite","status":"publish","type":"post","link":"https:\/\/www.europesays.com\/fr\/461765\/","title":{"rendered":"Alessio Gombaud change d&rsquo;\u00e9quipe &#8211; Actualit\u00e9"},"content":{"rendered":"<p style=\"text-align: justify;\">Alessio Gombaud va changer d&rsquo;\u00e9quipe pour 2026. Apr\u00e8s deux saisons avec le Team Adris-La Cr\u00eape de Broc\u00e9liande-BLC, il s&rsquo;est engag\u00e9 avec le Team Pays de Briec.<\/p>\n<p><strong><a href=\"https:\/\/www.directvelo.com\/coureur\/49637\/alessio-gombaud\" target=\"_blank\" rel=\"noopener\">Alessio Gombaud<\/a><\/strong>, 20 ans, s&rsquo;est impos\u00e9 sur la Route des M\u00e9galithes cette saison. Il a \u00e9galement d\u00e9croch\u00e9 la 5e place du Grand Prix d&rsquo;Auray et un Top 10 sur la Ronde Finist\u00e9rienne \u00e0 Saint-Jacques-Guiclan. L&rsquo;an dernier, il avait termin\u00e9 2e du Grand Prix CIC de Vannes.<\/p>\n<p>Auparavant, l&rsquo;\u00e9quipe hors DN bretonne avait annonc\u00e9 l&rsquo;arriv\u00e9e de <strong><a href=\"https:\/\/www.directvelo.com\/coureur\/60059\/jules-peillet\" target=\"_blank\" rel=\"noopener\">Jules Peillet<\/a><\/strong>, 17 ans, qui a termin\u00e9 9e du Prix de la Saint-Laurent Juniors, 10e du Tour du Morbihan, ou encore 11e de la Fl\u00e8che Pl\u00e9dranaise.<\/p>\n<p>Retrouvez toutes les mutations du peloton amateur <strong><a href=\"https:\/\/www.directvelo.com\/mutations\/2026\" target=\"_blank\" rel=\"noopener\">en cliquant ici<\/a><\/strong>.<\/p>\n","protected":false},"excerpt":{"rendered":"Alessio Gombaud va changer d&rsquo;\u00e9quipe pour 2026. Apr\u00e8s deux saisons avec le Team Adris-La Cr\u00eape de Broc\u00e9liande-BLC, il&hellip;\n","protected":false},"author":2,"featured_media":461766,"comment_status":"","ping_status":"","sticky":false,"template":"","format":"standard","meta":{"footnotes":""},"categories":[1411],"tags":[834,828,836,829,837,827,83,826,824,823,1154,207,814,817,815,816,822,821,832,211,839,1011,27,820,818,819,835,831,830,833,838,60,212,208,825],"class_list":{"0":"post-461765","1":"post","2":"type-post","3":"status-publish","4":"format-standard","5":"has-post-thumbnail","7":"category-cyclisme","8":"tag-attaque","9":"tag-belgique","10":"tag-braquet","11":"tag-bretagne","12":"tag-chute","13":"tag-competition","14":"tag-coupe-de-france","15":"tag-coureur","16":"tag-course-cyclisme","17":"tag-course-cycliste","18":"tag-cycling","19":"tag-cyclisme","20":"tag-direct","21":"tag-direct-velo","22":"tag-directvelo","23":"tag-directvelo-com","24":"tag-epreuve","25":"tag-epreuve-cycliste","26":"tag-federation-francaise-de-cyclisme","27":"tag-ffc","28":"tag-flandres","29":"tag-fr","30":"tag-france","31":"tag-live","32":"tag-live-course","33":"tag-live-epreuve","34":"tag-peloton","35":"tag-radio-peloton","36":"tag-radio-tour","37":"tag-ravitaillement","38":"tag-relance","39":"tag-sports","40":"tag-uci","41":"tag-velo","42":"tag-velos"},"share_on_mastodon":{"url":"https:\/\/pubeurope.com\/@fr\/115371237953088857","error":""},"_links":{"self":[{"href":"https:\/\/www.europesays.com\/fr\/wp-json\/wp\/v2\/posts\/461765","targetHints":{"allow":["GET"]}}],"collection":[{"href":"https:\/\/www.europesays.com\/fr\/wp-json\/wp\/v2\/posts"}],"about":[{"href":"https:\/\/www.europesays.com\/fr\/wp-json\/wp\/v2\/types\/post"}],"author":[{"embeddable":true,"href":"https:\/\/www.europesays.com\/fr\/wp-json\/wp\/v2\/users\/2"}],"replies":[{"embeddable":true,"href":"https:\/\/www.europesays.com\/fr\/wp-json\/wp\/v2\/comments?post=461765"}],"version-history":[{"count":0,"href":"https:\/\/www.europesays.com\/fr\/wp-json\/wp\/v2\/posts\/461765\/revisions"}],"wp:featuredmedia":[{"embeddable":true,"href":"https:\/\/www.europesays.com\/fr\/wp-json\/wp\/v2\/media\/461766"}],"wp:attachment":[{"href":"https:\/\/www.europesays.com\/fr\/wp-json\/wp\/v2\/media?parent=461765"}],"wp:term":[{"taxonomy":"category","embeddable":true,"href":"https:\/\/www.europesays.com\/fr\/wp-json\/wp\/v2\/categories?post=461765"},{"taxonomy":"post_tag","embeddable":true,"href":"https:\/\/www.europesays.com\/fr\/wp-json\/wp\/v2\/tags?post=461765"}],"curies":[{"name":"wp","href":"https:\/\/api.w.org\/{rel}","templated":true}]}}