{"id":461769,"date":"2025-10-14T07:03:11","date_gmt":"2025-10-14T07:03:11","guid":{"rendered":"https:\/\/www.europesays.com\/fr\/461769\/"},"modified":"2025-10-14T07:03:11","modified_gmt":"2025-10-14T07:03:11","slug":"meghan-markle-a-new-york-ce-moment-precis-ou-elle-a-deroge-au-texte-de-son-discours","status":"publish","type":"post","link":"https:\/\/www.europesays.com\/fr\/461769\/","title":{"rendered":"Meghan Markle \u00e0 New York : ce moment pr\u00e9cis o\u00f9 elle a d\u00e9rog\u00e9 au texte de son discours"},"content":{"rendered":"<p>Jeudi 9 octobre, la <a href=\"https:\/\/www.closermag.fr\/royautes\/meghan-markle-a-paris-sa-video-pres-du-pont-de-lalma-a-t-elle-vraiment-atterre-le-prince-harry-un-expert-lassure-3586040\" target=\"_blank\" rel=\"noopener\"><br \/>\nduchesse de Sussex<\/a> a brill\u00e9 \u00e0 New York lors d\u2019une prestigieuse<br \/>\nc\u00e9r\u00e9monie de remise de prix. Aux c\u00f4t\u00e9s du prince Harry, Meghan<br \/>\nMarkle, 44 ans, a re\u00e7u le prix des Humanitarians of the Year lors du gala du<br \/>\nProject Healthy Minds.<br \/>\nPour l\u2019occasion, elle a captiv\u00e9 l\u2019assistance dans un \u00e9l\u00e9gant<br \/>\ntailleur pantalon noir sign\u00e9 <a href=\"https:\/\/www.closermag.fr\/people\/mort-de-giorgio-armani-son-testament-a-ete-ouvert-et-cest-un-choc-pour-ses-heritiers-3579208https:\/\/www.closermag.fr\/people\/mort-de-giorgio-armani-son-testament-a-ete-ouvert-et-cest-un-choc-pour-ses-heritiers-3579208\" target=\"_blank\" rel=\"noopener\"><br \/>\nGiorgio Armani<\/a>.<\/p>\n<p>Le couple est mont\u00e9 sur sc\u00e8ne pour prononcer un discours commun<br \/>\nautour de leur initiative, The<br \/>\nParents&rsquo; Network. Le programme aide les<br \/>\n<strong>parents<\/strong> et les aidants \u00e0 soutenir leurs<br \/>\n<strong>enfants<\/strong> touch\u00e9s par les r\u00e9seaux sociaux.<\/p>\n<p>Meghan Markle \u00e9mue et spontan\u00e9e<br \/>\nlors d\u2019une soir\u00e9e new-yorkaise<\/p>\n<p data-start=\"69\" data-end=\"1361\">En pleine <a href=\"https:\/\/www.closermag.fr\/royautes\/meghan-et-harry-a-new-york-archie-et-lilibet-au-coeur-du-discours-inspirant-de-la-duchesse-3585796\" target=\"_blank\" rel=\"noopener\"><br \/>\nallocution<\/a>, Meghan s\u2019est autoris\u00e9e un moment d\u2019improvisation<br \/>\npour \u00e9voquer une \u0153uvre comm\u00e9morative install\u00e9e en avril par leur<br \/>\nfondation Archewell, d\u00e9di\u00e9e aux jeunes victimes du num\u00e9rique.<br \/>\n\u00ab\u00a0Si vous en avez l\u2019occasion, <strong>je vais sortir un peu du<br \/>\ntexte. Allez voir le Lost Screen Memorial<\/strong>. \u00c9coutez les<br \/>\nhistoires de leurs enfants demain. Je pense que cela vous touchera,<br \/>\nj\u2019esp\u00e8re que cela vous touchera autant que cela nous a<br \/>\nmarqu\u00e9s\u00a0\u00bb, a-t-elle d\u00e9clar\u00e9.<\/p>\n<p data-start=\"69\" data-end=\"1361\">Avec humour, elle a ajout\u00e9 :<br \/>\n\u00ab\u00a0<strong>Revenons \u00e0 ce qui \u00e9tait pr\u00e9vu<\/strong>, parfait,<br \/>\nmerci\u00a0\u00bb. \u00a0Le couple avait particip\u00e9 \u00e0 l\u2019inauguration du<br \/>\nm\u00e9morial plus t\u00f4t cette ann\u00e9e, partageant un moment d\u2019\u00e9motion et<br \/>\nd\u2019\u00e9coute avec les familles endeuill\u00e9es.<\/p>\n<p>Les<br \/>\nSussex engag\u00e9s pour la sant\u00e9 mentale des jeunes<\/p>\n<p>Le lendemain, Meghan et <a href=\"https:\/\/www.closermag.fr\/royautes\/elle-ne-peut-pas-se-le-permettre-le-prince-harry-tres-en-colere-apres-le-scandale-provoque-par-meghan-markle-a-paris-3586215\" target=\"_blank\" rel=\"noopener\"><br \/>\nHarry<\/a> ont poursuivi leur engagement en participant au festival<br \/>\nProject Healthy Minds. Un \u00e9v\u00e8nement organis\u00e9 pour la<br \/>\nJourn\u00e9e mondiale de la sant\u00e9 mentale. Ils ont assist\u00e9 ensemble \u00e0<br \/>\nplusieurs discussions sur les effets du num\u00e9rique sur les jeunes.<br \/>\nLes \u00e9changes ont \u00e9galement port\u00e9 sur les moyens de les prot\u00e9ger<br \/>\nface aux <strong>dangers des \u00e9crans<\/strong>. Le prince Harry a<br \/>\npris la parole pour partager une r\u00e9flexion percutante sur la sant\u00e9<br \/>\nmentale : \u00ab\u00a0Ce ne sont pas des probl\u00e8mes isol\u00e9s pour des<br \/>\npersonnes isol\u00e9es. Ce sont des blessures interconnect\u00e9es<br \/>\nde notre communaut\u00e9 mondiale. La sant\u00e9 mentale est fa\u00e7onn\u00e9e par la<br \/>\nsant\u00e9 publique. Mais aussi par la politique \u00e9trang\u00e8re, la politique<br \/>\nclimatique, les choix \u00e9conomiques et la conception des<br \/>\nentreprises\u00a0\u00bb.<\/p>\n<p>Il a \u00e9galement point\u00e9 du doigt la pression du monde digital,<br \/>\nexpliquant que celui-ci \u00ab\u00a0a fondamentalement chang\u00e9 notre<br \/>\nrapport \u00e0 la r\u00e9alit\u00e9\u00a0\u00bb, exposant les jeunes \u00e0 la comparaison,<br \/>\nau harc\u00e8lement et \u00e0 la d\u00e9sinformation. <a href=\"https:\/\/www.closermag.fr\/royautes\/meghan-et-harry-cet-endroit-charmant-ou-ils-pourraient-sinstaller-au-royaume-uni-3586290\" target=\"_blank\" rel=\"noopener\"><br \/>\nMeghan<\/a>, de son c\u00f4t\u00e9, a \u00e9voqu\u00e9 les familles rencontr\u00e9es par leur<br \/>\nfondation dont <strong>les enfants se sont suicid\u00e9s<\/strong> \u00e0<br \/>\ncause des r\u00e9seaux sociaux. Elle a insist\u00e9 sur la n\u00e9cessit\u00e9 d\u2019un<br \/>\nsoutien collectif : \u00ab\u00a0Les parents qui ont perdu leurs enfants \u00e0<br \/>\ncause des r\u00e9seaux sociaux n\u2019avaient pas seulement besoin de<br \/>\n<strong>th\u00e9rapie<\/strong>. Ils avaient besoin d\u2019autres parents<br \/>\ncapables de comprendre leur douleur sp\u00e9cifique. Lorsque ces parents<br \/>\nse sont r\u00e9unis, ils ne faisaient pas que partager leurs histoires.<br \/>\nIls cr\u00e9aient un mouvement\u00a0\u00bb.<\/p>\n","protected":false},"excerpt":{"rendered":"Jeudi 9 octobre, la duchesse de Sussex a brill\u00e9 \u00e0 New York lors d\u2019une prestigieuse c\u00e9r\u00e9monie de remise&hellip;\n","protected":false},"author":2,"featured_media":461770,"comment_status":"","ping_status":"","sticky":false,"template":"","format":"standard","meta":{"footnotes":""},"categories":[1359],"tags":[58,59,1011,27,908,973],"class_list":{"0":"post-461769","1":"post","2":"type-post","3":"status-publish","4":"format-standard","5":"has-post-thumbnail","7":"category-people","8":"tag-divertissement","9":"tag-entertainment","10":"tag-fr","11":"tag-france","12":"tag-meghan-markle","13":"tag-people"},"share_on_mastodon":{"url":"https:\/\/pubeurope.com\/@fr\/115371245850844602","error":""},"_links":{"self":[{"href":"https:\/\/www.europesays.com\/fr\/wp-json\/wp\/v2\/posts\/461769","targetHints":{"allow":["GET"]}}],"collection":[{"href":"https:\/\/www.europesays.com\/fr\/wp-json\/wp\/v2\/posts"}],"about":[{"href":"https:\/\/www.europesays.com\/fr\/wp-json\/wp\/v2\/types\/post"}],"author":[{"embeddable":true,"href":"https:\/\/www.europesays.com\/fr\/wp-json\/wp\/v2\/users\/2"}],"replies":[{"embeddable":true,"href":"https:\/\/www.europesays.com\/fr\/wp-json\/wp\/v2\/comments?post=461769"}],"version-history":[{"count":0,"href":"https:\/\/www.europesays.com\/fr\/wp-json\/wp\/v2\/posts\/461769\/revisions"}],"wp:featuredmedia":[{"embeddable":true,"href":"https:\/\/www.europesays.com\/fr\/wp-json\/wp\/v2\/media\/461770"}],"wp:attachment":[{"href":"https:\/\/www.europesays.com\/fr\/wp-json\/wp\/v2\/media?parent=461769"}],"wp:term":[{"taxonomy":"category","embeddable":true,"href":"https:\/\/www.europesays.com\/fr\/wp-json\/wp\/v2\/categories?post=461769"},{"taxonomy":"post_tag","embeddable":true,"href":"https:\/\/www.europesays.com\/fr\/wp-json\/wp\/v2\/tags?post=461769"}],"curies":[{"name":"wp","href":"https:\/\/api.w.org\/{rel}","templated":true}]}}