{"id":461780,"date":"2025-10-14T07:09:12","date_gmt":"2025-10-14T07:09:12","guid":{"rendered":"https:\/\/www.europesays.com\/fr\/461780\/"},"modified":"2025-10-14T07:09:12","modified_gmt":"2025-10-14T07:09:12","slug":"des-chercheurs-viennent-de-reveler-un-effet-du-covid-que-personne-navait-anticipe","status":"publish","type":"post","link":"https:\/\/www.europesays.com\/fr\/461780\/","title":{"rendered":"Des chercheurs viennent de r\u00e9v\u00e9ler un effet du COVID que personne n\u2019avait anticip\u00e9"},"content":{"rendered":"<p><a href=\"https:\/\/www.presse-citron.net\/la-prochaine-pandemie-quels-sont-les-agents-pathogenes-les-plus-redoutes-selon-loms\/\" target=\"_blank\" rel=\"noopener\">La pand\u00e9mie<\/a> de SARS-CoV-2 sera-t-elle un jour totalement sous contr\u00f4le, ou est-ce un virus avec lequel nous devrons apprendre \u00e0 vivre\u00a0? Une interrogation que les meilleurs \u00e9pid\u00e9miologistes du monde n\u2019arrivent pas \u00e0 trancher, tout comme celle de <strong>l\u2019origine de la persistance des effets post-gu\u00e9rison chez certains patients<\/strong> (le fameux \u00ab\u00a0COVID long\u00a0\u00bb). Fatigue, troubles cognitifs ou atteintes cardiaques, des s\u00e9quelles aujourd\u2019hui bien document\u00e9es, qui concernent une faible portion de la population qui a \u00e9t\u00e9 infect\u00e9e lors des diff\u00e9rentes vagues.<\/p>\n<p>N\u00e9anmoins, pour la toute premi\u00e8re fois, une \u00e9quipe de chercheurs du Florey Institute\u00a0of Neuroscience and Mental Health (Universit\u00e9 de Melbourne) a mis en \u00e9vidence une possible h\u00e9r\u00e9dit\u00e9 \u00e9pig\u00e9n\u00e9tique induite par le virus (transmission biologique sans modification de l\u2019ADN lui-m\u00eame). Leur \u00e9tude, publi\u00e9e le 11 octobre <a href=\"https:\/\/www.nature.com\/articles\/s41467-025-64473-0\" target=\"_blank\" rel=\"false noopener\">dans la revue Nature Communications<\/a>, a mis en \u00e9vidence que chez des souris m\u00e2les infect\u00e9es, le virus alt\u00e8re la r\u00e9gulation de g\u00e8nes cl\u00e9s dans leur sperme, lesquels influencent ensuite <strong>la formation du cerveau de leur prog\u00e9niture<\/strong>.<\/p>\n<p> Un effet du virus transmis de p\u00e8re en fils, sans mutation g\u00e9n\u00e9tique <\/p>\n<p>Pour mener \u00e0 bien leurs travaux, les chercheurs ont volontairement infect\u00e9 des souris m\u00e2les avec le virus, avant de proc\u00e9der \u00e0 leur accouplement avec des femelles non porteuses du virus. \u00ab Nous avons constat\u00e9 que leur descendance pr\u00e9sentait davantage de comportements anxieux que celle issue de p\u00e8res sains\u00a0\u00bb, explique l\u2019autrice principale de l\u2019\u00e9tude, Elizabeth Kleeman. Selon l\u2019\u00e9quipe, toutes les port\u00e9es de souriceaux issus de ces couples m\u00e2les infect\u00e9s\/femelles saines laissaient appara\u00eetre <strong>des signes de modification comportementale<\/strong>.<\/p>\n<p>Principalement chez les jeunes femelles, les chercheurs ont observ\u00e9 <strong>une activit\u00e9 g\u00e9n\u00e9tique anormale dans l\u2019hippocampe<\/strong>. Une structure c\u00e9r\u00e9brale essentielle chez tous les mammif\u00e8res, qui gouverne la m\u00e9moire, la r\u00e9gulation \u00e9motionnelle, la conscience spatiale ou encore l\u2019apprentissage.<\/p>\n<p>Pour Carolina Gubert, co-autrice de l\u2019\u00e9tude, cette alt\u00e9ration des g\u00e8nes dans cette zone du cerveau <strong>a forc\u00e9ment un lien avec l\u2019anxi\u00e9t\u00e9 observ\u00e9e chez les lign\u00e9es concern\u00e9es<\/strong>. \u00ab\u00a0Cela pourrait contribuer \u00e0 l\u2019anxi\u00e9t\u00e9 accrue que nous avons observ\u00e9e chez les descendants, en raison d\u2019une transmission \u00e9pig\u00e9n\u00e9tique et d\u2019un d\u00e9veloppement c\u00e9r\u00e9bral modifi\u00e9\u00a0\u00bb, pr\u00e9cise-t-elle. L\u2019infection virale pourrait laisser une \u00ab\u00a0empreinte biologique\u00a0\u00bb, transmise uniquement par le p\u00e8re, qui influencerait ensuite les g\u00e9n\u00e9rations suivantes, avant m\u00eame leur naissance.<\/p>\n<p> Des traces du virus d\u00e9tect\u00e9es dans les mol\u00e9cules d\u2019ARN du sperme <\/p>\n<p>Le d\u00e9nominateur commun de ces effets \u00e9tant la transmission paternelle, l<strong>es chercheurs ont soup\u00e7onn\u00e9 le sperme d\u2019\u00eatre le support de la trace biologique<\/strong> laiss\u00e9e par le virus et l\u2019ont donc analys\u00e9. Comme tout fluide corporel, le sperme contient une multitude de mol\u00e9cules, dont l\u2019ARN (Acide ribonucl\u00e9ique), une mol\u00e9cule qui sert de messager, transportant les informations g\u00e9n\u00e9tiques contenues dans l\u2019ADN pour la fabrication des prot\u00e9ines et la r\u00e9gulation cellulaire.<\/p>\n<p>Les chercheurs ont d\u00e9couvert que l\u2019infection virale modifiait l\u2019expression de diverses mol\u00e9cules d\u2019ARN contenues dans le sperme des m\u00e2les. Or, il s\u2019av\u00e8re que certaines d\u2019entre elles r\u00e9gulent l\u2019activit\u00e9 de g\u00e8nes fondamentaux pour la construction et le d\u00e9veloppement du cerveau. En alt\u00e9rant ces messagers, le virus pourrait indirectement influencer <strong>la fa\u00e7on dont le cerveau des souriceaux se d\u00e9veloppe<\/strong>. Des r\u00e9sultats qui confirment bien le lien \u00e9pig\u00e9n\u00e9tique\u00a0: m\u00eame si le virus ne modifie pas le code g\u00e9n\u00e9tique, il influence l\u2019interpr\u00e9tation de l\u2019ADN par les cellules, cr\u00e9ant ainsi une forme de \u00ab\u00a0m\u00e9moire biologique h\u00e9r\u00e9ditaire\u00a0\u00bb.<\/p>\n<p>Pour le moment, l\u2019\u00e9quipe insiste bien sur le fait que ces observations <strong>ne sont pas encore extrapolables chez l\u2019humain<\/strong>, m\u00eame si cette probabilit\u00e9 n\u2019est pas \u00e0 \u00e9carter. Si l\u2019hypoth\u00e8se avanc\u00e9e par l\u2019\u00e9quipe devait un jour se confirmer, les effets d\u00e9cel\u00e9s par l\u2019\u00e9quipe pourraient concerner \u00ab\u00a0des millions d\u2019enfants dans le monde\u00a0\u00bb, selon Anthony Hannan, chercheur principal de l\u2019\u00e9tude. Par cons\u00e9quent, d\u2019autres travaux seront n\u00e9cessaires pour d\u00e9terminer <strong>si cette empreinte \u00e9pig\u00e9n\u00e9tique existe aussi chez l\u2019humain<\/strong>, ou si elle concerne uniquement le mod\u00e8le murin. Le COVID-19 serait alors le premier virus connu \u00e0 induire une modification h\u00e9r\u00e9ditaire du comportement, <strong>sans mutation g\u00e9n\u00e9tique d\u00e9tectable<\/strong>. Un tel constat nous obligerait \u00e0 <strong>int\u00e9grer le facteur \u00e9pig\u00e9n\u00e9tique dans le concept de transmission<\/strong>, absent de la vision classique de l\u2019h\u00e9r\u00e9dit\u00e9 qui a domin\u00e9 la biologie depuis <a href=\"https:\/\/www.presse-citron.net\/de-la-bacterie-a-lespece-humaine-comment-comprendre-facilement-la-theorie-de-levolution-de-darwin\/\" target=\"_blank\" rel=\"noopener\">l\u2019\u00e8re darwinienne<\/a>.<\/p>\n<ul class=\"tldr\">\n<li>Des chercheurs australiens ont observ\u00e9 que des souris m\u00e2les infect\u00e9es par le SARS-CoV-2 transmettent \u00e0 leur descendance une pr\u00e9disposition \u00e0 l\u2019anxi\u00e9t\u00e9, sans alt\u00e9ration de l\u2019ADN.<\/li>\n<li>L\u2019origine de cet effet serait une modification des mol\u00e9cules d\u2019ARN pr\u00e9sentes dans le sperme, qui perturberaient l\u2019expression de g\u00e8nes li\u00e9s au d\u00e9veloppement c\u00e9r\u00e9bral.<\/li>\n<li>Ces effets n\u2019ont \u00e9t\u00e9 observ\u00e9s que chez des souris, et il n\u2019est pas encore possible de les confirmer chez l\u2019humain.<\/li>\n<\/ul>\n<blockquote>\n<p class=\"text-base text-neutral-700 dark:text-neutral-300\">\ud83d\udccd Pour ne manquer aucune actualit\u00e9 de Presse-citron, suivez-nous sur <a href=\"https:\/\/news.google.com\/publications\/CAAqBggKMIPiNTC70wU?hl=fr&amp;gl=FR&amp;ceid=FR%3Afr\" target=\"_blank\" rel=\"noopener\">Google Actualit\u00e9s<\/a> et <a href=\"https:\/\/whatsapp.com\/channel\/0029VaCkGuz4NViitBXbEr0b\" target=\"_blank\" rel=\"noopener\">WhatsApp<\/a>.<\/p>\n<\/blockquote>\n<p>            <img decoding=\"async\" src=\"https:\/\/www.europesays.com\/fr\/wp-content\/uploads\/2025\/03\/tous-anti-covid.png\" alt=\"TousAntiCovid\" loading=\"lazy\"\/>                            <\/p>\n","protected":false},"excerpt":{"rendered":"La pand\u00e9mie de SARS-CoV-2 sera-t-elle un jour totalement sous contr\u00f4le, ou est-ce un virus avec lequel nous devrons&hellip;\n","protected":false},"author":2,"featured_media":461781,"comment_status":"","ping_status":"","sticky":false,"template":"","format":"standard","meta":{"footnotes":""},"categories":[10],"tags":[328,1011,27,72,224,71,43],"class_list":{"0":"post-461780","1":"post","2":"type-post","3":"status-publish","4":"format-standard","5":"has-post-thumbnail","7":"category-sante","8":"tag-a-la-une","9":"tag-fr","10":"tag-france","11":"tag-health","12":"tag-medecine","13":"tag-sante","14":"tag-science"},"share_on_mastodon":{"url":"https:\/\/pubeurope.com\/@fr\/115371269508489523","error":""},"_links":{"self":[{"href":"https:\/\/www.europesays.com\/fr\/wp-json\/wp\/v2\/posts\/461780","targetHints":{"allow":["GET"]}}],"collection":[{"href":"https:\/\/www.europesays.com\/fr\/wp-json\/wp\/v2\/posts"}],"about":[{"href":"https:\/\/www.europesays.com\/fr\/wp-json\/wp\/v2\/types\/post"}],"author":[{"embeddable":true,"href":"https:\/\/www.europesays.com\/fr\/wp-json\/wp\/v2\/users\/2"}],"replies":[{"embeddable":true,"href":"https:\/\/www.europesays.com\/fr\/wp-json\/wp\/v2\/comments?post=461780"}],"version-history":[{"count":0,"href":"https:\/\/www.europesays.com\/fr\/wp-json\/wp\/v2\/posts\/461780\/revisions"}],"wp:featuredmedia":[{"embeddable":true,"href":"https:\/\/www.europesays.com\/fr\/wp-json\/wp\/v2\/media\/461781"}],"wp:attachment":[{"href":"https:\/\/www.europesays.com\/fr\/wp-json\/wp\/v2\/media?parent=461780"}],"wp:term":[{"taxonomy":"category","embeddable":true,"href":"https:\/\/www.europesays.com\/fr\/wp-json\/wp\/v2\/categories?post=461780"},{"taxonomy":"post_tag","embeddable":true,"href":"https:\/\/www.europesays.com\/fr\/wp-json\/wp\/v2\/tags?post=461780"}],"curies":[{"name":"wp","href":"https:\/\/api.w.org\/{rel}","templated":true}]}}