{"id":461785,"date":"2025-10-14T07:12:11","date_gmt":"2025-10-14T07:12:11","guid":{"rendered":"https:\/\/www.europesays.com\/fr\/461785\/"},"modified":"2025-10-14T07:12:11","modified_gmt":"2025-10-14T07:12:11","slug":"fin-de-windows-10-des-mises-a-jour-gratuites-sont-encore-possibles-pendant-un-an-en-europe-et-aux-etats-unis","status":"publish","type":"post","link":"https:\/\/www.europesays.com\/fr\/461785\/","title":{"rendered":"Fin de Windows 10\u00a0: des mises \u00e0 jour gratuites sont encore possibles pendant un an en Europe et aux \u00c9tats-Unis"},"content":{"rendered":"<p>Initialement <a href=\"https:\/\/www.letelegramme.fr\/monde\/fin-des-mises-a-jour-de-windows-10-le-14-octobre-quelles-consequences-et-quelles-solutions-6892912.php\" target=\"_blank\" rel=\"nofollow noopener\">termin\u00e9es ce mardi 14 octobre 2025<\/a>, des mises \u00e0 jour de Windows 10, le logiciel d\u2019exploitation de Microsoft, seront finalement encore possibles pendant un an. Cette extension de mises \u00e0 jour sera gratuite pour les particuliers situ\u00e9s dans l\u2019espace \u00e9conomique europ\u00e9en (EEE) avec un compte Microsoft, a indiqu\u00e9 l&rsquo;entreprise le 24 septembre dernier.<\/p>\n<p>Le g\u00e9ant am\u00e9ricain a pr\u00e9cis\u00e9 que les utilisateurs europ\u00e9ens pourraient voir ces op\u00e9rations de maintenance \u00e9tendues pendant un an \u00ab sans co\u00fbt suppl\u00e9mentaire \u00bb, \u00e0 condition de se connecter avec un compte Microsoft.<\/p>\n<p>\u00ab \u00c0 partir du d\u00e9but du mois d\u2019octobre, les clients de l\u2019Espace \u00e9conomique europ\u00e9en (EEE) commenceront \u00e0 voir des notifications sur leurs PC Windows 10 leur offrant la possibilit\u00e9 de s\u2019inscrire \u00bb au programme d\u2019extension des mises \u00e0 jour, a indiqu\u00e9 l\u2019entreprise.<\/p>\n<p>Des associations sont mont\u00e9es au cr\u00e9neau<\/p>\n<p>Aux \u00c9tats-Unis, les utilisateurs b\u00e9n\u00e9ficieront aussi d\u2019une extension gratuite des mises \u00e0 jour, \u00e0 condition d&rsquo;\u00ab utiliser la sauvegarde Windows pour synchroniser (leurs) param\u00e8tres avec le cloud \u00bb.<\/p>\n<p>Dans le cas contraire, les clients pourront choisir de payer cette extension au tarif de 30 dollars. Ils pourront aussi obtenir ce programme avec 1 000 points \u00ab Microsoft Rewards \u00bb, gagn\u00e9s via des activit\u00e9s sur les logiciels de l\u2019entreprise.<\/p>\n<p>Pour plus de facilit\u00e9, le groupe avait conseill\u00e9 aux utilisateurs de basculer vers Windows 11, la nouvelle version du logiciel d\u2019exploitation disponible depuis 2021, mais Microsoft a \u00e9t\u00e9 critiqu\u00e9 par plusieurs associations de consommateurs.<\/p>\n<p>Certains utilisateurs poss\u00e8dent en effet un ordinateur incompatible avec Windows 11, qui risque de devenir vuln\u00e9rable face aux cyberattaques apr\u00e8s l\u2019arr\u00eat des mises \u00e0 jour Windows 10.<\/p>\n<p>D\u2019apr\u00e8s le Public Interest Research Group (PIRG), une association am\u00e9ricaine, jusqu\u2019\u00e0 400 millions d\u2019ordinateurs dans le monde seraient incompatibles avec Windows 11.<\/p>\n<p>Aux \u00c9tats-Unis, l\u2019association Consumer Reports a d\u00e9plor\u00e9 le fait que \u00ab des ordinateurs incapables de faire fonctionner Windows 11 \u00e9taient encore disponibles \u00e0 la vente en 2022 et 2023 \u00bb, et risquent ainsi de devenir obsol\u00e8tes trois ans apr\u00e8s leur achat.<\/p>\n<p>En France, une coalition de 22 associations, dont l\u2019UFC-Que Choisir et Halte \u00e0 l\u2019obsolescence programm\u00e9e (HOP), ont lanc\u00e9 une p\u00e9tition pour demander des mises \u00e0 jour gratuites jusqu\u2019en 2030.<\/p>\n<p>Pour calmer la grogne &#8211; au moins temporairement &#8211; le g\u00e9ant am\u00e9ricain a donc propos\u00e9 cette extension de mises \u00e0 jour pendant une ann\u00e9e.<\/p>\n","protected":false},"excerpt":{"rendered":"Initialement termin\u00e9es ce mardi 14 octobre 2025, des mises \u00e0 jour de Windows 10, le logiciel d\u2019exploitation de&hellip;\n","protected":false},"author":2,"featured_media":461786,"comment_status":"","ping_status":"","sticky":false,"template":"","format":"standard","meta":{"footnotes":""},"categories":[7],"tags":[11,765,1011,27,310,500,74,720,43,40,41,39,42,44],"class_list":{"0":"post-461785","1":"post","2":"type-post","3":"status-publish","4":"format-standard","5":"has-post-thumbnail","7":"category-sciences-et-technologies","8":"tag-actualites","9":"tag-en-continu","10":"tag-fr","11":"tag-france","12":"tag-internet","13":"tag-medias","14":"tag-monde","15":"tag-multimedia","16":"tag-science","17":"tag-science-and-technology","18":"tag-sciences","19":"tag-sciences-et-technologies","20":"tag-technologies","21":"tag-technology"},"share_on_mastodon":{"url":"https:\/\/pubeurope.com\/@fr\/115371281261327915","error":""},"_links":{"self":[{"href":"https:\/\/www.europesays.com\/fr\/wp-json\/wp\/v2\/posts\/461785","targetHints":{"allow":["GET"]}}],"collection":[{"href":"https:\/\/www.europesays.com\/fr\/wp-json\/wp\/v2\/posts"}],"about":[{"href":"https:\/\/www.europesays.com\/fr\/wp-json\/wp\/v2\/types\/post"}],"author":[{"embeddable":true,"href":"https:\/\/www.europesays.com\/fr\/wp-json\/wp\/v2\/users\/2"}],"replies":[{"embeddable":true,"href":"https:\/\/www.europesays.com\/fr\/wp-json\/wp\/v2\/comments?post=461785"}],"version-history":[{"count":0,"href":"https:\/\/www.europesays.com\/fr\/wp-json\/wp\/v2\/posts\/461785\/revisions"}],"wp:featuredmedia":[{"embeddable":true,"href":"https:\/\/www.europesays.com\/fr\/wp-json\/wp\/v2\/media\/461786"}],"wp:attachment":[{"href":"https:\/\/www.europesays.com\/fr\/wp-json\/wp\/v2\/media?parent=461785"}],"wp:term":[{"taxonomy":"category","embeddable":true,"href":"https:\/\/www.europesays.com\/fr\/wp-json\/wp\/v2\/categories?post=461785"},{"taxonomy":"post_tag","embeddable":true,"href":"https:\/\/www.europesays.com\/fr\/wp-json\/wp\/v2\/tags?post=461785"}],"curies":[{"name":"wp","href":"https:\/\/api.w.org\/{rel}","templated":true}]}}