{"id":461788,"date":"2025-10-14T07:14:16","date_gmt":"2025-10-14T07:14:16","guid":{"rendered":"https:\/\/www.europesays.com\/fr\/461788\/"},"modified":"2025-10-14T07:14:16","modified_gmt":"2025-10-14T07:14:16","slug":"abbas-etait-pret-a-le-rencontrer-pourquoi-netanyahou-a-finalement-renonce-a-se-rendre-au-sommet-sur-gaza","status":"publish","type":"post","link":"https:\/\/www.europesays.com\/fr\/461788\/","title":{"rendered":"\u00ab\u00a0Abbas \u00e9tait pr\u00eat \u00e0 le rencontrer\u00a0\u00bb\u00a0: pourquoi Netanyahou a finalement renonc\u00e9 \u00e0 se rendre au sommet sur Gaza\u00a0?"},"content":{"rendered":"<p class=\"paragraph text_align_left lp-f-body-02\">L\u2019annonce de la venue de <a href=\"https:\/\/www.leparisien.fr\/international\/israel\/benyamin-netanyahou\/\" target=\"_blank\" rel=\"noreferrer noopener\">Benyamin Netanyahou<\/a> au <a href=\"https:\/\/www.leparisien.fr\/international\/un-flou-artistique-le-plan-trump-pour-gaza-est-il-tenable-13-10-2025-ZASC4Y4AAZGMJPZE3A4EKYVPXY.php\" target=\"_blank\" rel=\"noreferrer noopener\">sommet sur Gaza lundi \u00e0 Charm el-Cheikh<\/a> a suscit\u00e9 lundi une lev\u00e9e de boucliers de dirigeants de la r\u00e9gion et provoqu\u00e9 un r\u00e9trop\u00e9dalage rapide du Premier ministre isra\u00e9lien, selon plusieurs sources diplomatiques. \u00ab En tout cas (le pr\u00e9sident de l\u2019Autorit\u00e9 palestinienne Mahmoud) Abbas \u00e9tait pr\u00eat \u00e0 le rencontrer. C\u2019est dommage \u00bb, glisse \u00e0 l\u2019AFP une source diplomatique occidentale.<\/p>\n<p class=\"paragraph text_align_left lp-f-body-02\">La participation du dirigeant palestinien a \u00e9t\u00e9 annonc\u00e9e en derni\u00e8re minute, puis confirm\u00e9e lundi matin par le pr\u00e9sident fran\u00e7ais <a href=\"https:\/\/www.leparisien.fr\/politique\/emmanuel-macron\/\" target=\"_blank\" rel=\"noreferrer noopener\">Emmanuel Macron<\/a> \u00e0 son arriv\u00e9e \u00e0 ce sommet cens\u00e9 consacrer le plan Trump qui a permis un cessez-le-feu \u00e0 Gaza et pr\u00e9voit de mettre fin d\u00e9finitivement au <a href=\"https:\/\/www.leparisien.fr\/international\/israel\/\" target=\"_blank\" rel=\"noreferrer noopener\">conflit entre Isra\u00ebl et le Hamas<\/a>.<\/p>\n<p class=\"paragraph text_align_left lp-f-body-02\">Peu apr\u00e8s, la radiot\u00e9l\u00e9vision publique isra\u00e9lienne annon\u00e7ait que Benyamin Netanyahou se rendrait aussi au sommet, une information confirm\u00e9e dans un communiqu\u00e9 de la pr\u00e9sidence \u00e9gyptienne.<\/p>\n<p>\u00ab La plupart des Isra\u00e9liens ne sont pas convaincus par cet argument \u00bb<\/p>\n<p class=\"paragraph text_align_left lp-f-body-02\">Un responsable de la Maison Blanche assurait que le pr\u00e9sident am\u00e9ricain, en visite en Isra\u00ebl avant d\u2019aller en \u00c9gypte, avait organis\u00e9 un appel avec son homologue \u00e9gyptien Abdel Fattah al-Sissi au cours duquel le Premier ministre isra\u00e9lien avait \u00e9t\u00e9 invit\u00e9.<\/p>\n<p class=\"paragraph text_align_left lp-f-body-02\">Mais une heure plus tard, marche arri\u00e8re : Benyamin Netanyahou \u00ab a remerci\u00e9 Donald Trump pour l\u2019invitation mais d\u00e9clar\u00e9 qu\u2019il ne pourrait pas assister au sommet en raison de la f\u00eate \u00bb juive de <a href=\"https:\/\/www.leparisien.fr\/international\/ils-ont-tire-sur-tout-ce-quils-voyaient-en-israel-un-samedi-dangoisse-sous-les-roquettes-et-les-sirenes-07-10-2023-JYJCVUPRLRGX3CPB2ADFVZS5NU.php\" target=\"_blank\" rel=\"noreferrer noopener\">Simchat Torah<\/a> (\u00ab Joie de la Torah \u00bb) commen\u00e7ant lundi \u00e0 la tomb\u00e9e de la nuit, faisaient savoir ses services dans un communiqu\u00e9.<\/p>\n<p class=\"paragraph text_align_left lp-f-body-02\">Michael Milshtein, ancien officier du renseignement militaire, aujourd\u2019hui expert en affaires palestiniennes au Moshe Dayan Center de l\u2019Universit\u00e9 de Tel-Aviv, souligne que \u00ab la plupart des Isra\u00e9liens ne sont pas convaincus par cet argument selon lequel c\u2019\u00e9tait \u00e0 cause des vacances \u00bb et penche lui-m\u00eame pour des \u00ab consid\u00e9rations politiques \u00bb, \u00ab peut-\u00eatre li\u00e9es \u00e0 sa peur des Haredim \u00bb (partis ultraorthodoxes).<\/p>\n<p>Une pression turque et une menace irakienne<\/p>\n<p class=\"paragraph text_align_left lp-f-body-02\">La Turquie soutenue par des pays arabes affirme pour sa part avoir fait pression pour emp\u00eacher sa venue, a indiqu\u00e9 \u00e0 l\u2019AFP une source diplomatique turque. \u00ab \u00c0 l\u2019initiative du pr\u00e9sident (Recep Tayyip) Erdogan et gr\u00e2ce aux efforts diplomatiques de la Turquie, avec le soutien des autres dirigeants, Netanyahou n\u2019assistera pas \u00e0 la r\u00e9union en \u00c9gypte \u00bb, s\u2019est f\u00e9licit\u00e9e cette source.<\/p>\n<p class=\"paragraph text_align_left lp-f-body-02\">La Turquie, proche des dirigeants politiques du Hamas, a particip\u00e9 aux n\u00e9gociations avec le mouvement palestinien \u00e0 Doha, au c\u00f4t\u00e9 du Qatar et de l\u2019\u00c9gypte et entend jouer un r\u00f4le dans l\u2019application et la surveillance du cessez-le-feu \u00e0 Gaza.<\/p>\n<p class=\"paragraph text_align_left lp-f-body-02\">L\u2019Irak, qui ne reconna\u00eet pas Isra\u00ebl, a \u00e9galement menac\u00e9 de se retirer du sommet \u00ab si Netanyahou y participait \u00bb, a confi\u00e9 \u00e0 l\u2019AFP Ali al-Mousawi, conseiller du Premier ministre irakien.<\/p>\n<p>\u00ab C\u2019\u00e9tait mieux de faire comme \u00e7a \u00bb, estime Macron<\/p>\n<p class=\"paragraph text_align_left lp-f-body-02\">Selon lui, \u00ab la partie \u00e9gyptienne a entendu et a inform\u00e9 Netanyahou qu\u2019il ne pouvait pas \u00eatre re\u00e7u, ce qui a conduit \u00e0 l\u2019annulation de sa participation \u00bb au sommet. \u00ab Il y a ici plein de pays qui ne reconnaissent pas Isra\u00ebl, certains ont paniqu\u00e9, ils ne voulaient pas la photo avec lui \u00bb, a expliqu\u00e9 un membre d\u2019une autre d\u00e9l\u00e9gation \u00e0 Charm el-Cheikh. \u00ab Donc il a r\u00e9trop\u00e9dal\u00e9. \u00bb<\/p>\n<p class=\"paragraph text_align_left lp-f-body-02\">\u00ab Je pense qu\u2019il y avait beaucoup de dirigeants que \u00e7a mettait en porte-\u00e0-faux et donc je pense que c\u2019\u00e9tait mieux de faire comme \u00e7a \u00bb, a pour sa part comment\u00e9 le pr\u00e9sident Macron avant son d\u00e9part, tout en soulignant que \u00ab les choses ont \u00e9t\u00e9 tr\u00e8s bien organis\u00e9es \u00bb. \u00ab Je pense que le pr\u00e9sident Trump aime faire des op\u00e9rations. J\u2019ai un peu le m\u00eame temp\u00e9rament. Je comprends tr\u00e8s bien \u00bb, a-t-il dit.<\/p>\n","protected":false},"excerpt":{"rendered":"L\u2019annonce de la venue de Benyamin Netanyahou au sommet sur Gaza lundi \u00e0 Charm el-Cheikh a suscit\u00e9 lundi&hellip;\n","protected":false},"author":2,"featured_media":461789,"comment_status":"","ping_status":"","sticky":false,"template":"","format":"standard","meta":{"footnotes":""},"categories":[5],"tags":[11,1011,27,14,664,12,28],"class_list":{"0":"post-461788","1":"post","2":"type-post","3":"status-publish","4":"format-standard","5":"has-post-thumbnail","7":"category-international","8":"tag-actualites","9":"tag-fr","10":"tag-france","11":"tag-international","12":"tag-israel","13":"tag-news","14":"tag-world"},"share_on_mastodon":{"url":"https:\/\/pubeurope.com\/@fr\/115371289087359439","error":""},"_links":{"self":[{"href":"https:\/\/www.europesays.com\/fr\/wp-json\/wp\/v2\/posts\/461788","targetHints":{"allow":["GET"]}}],"collection":[{"href":"https:\/\/www.europesays.com\/fr\/wp-json\/wp\/v2\/posts"}],"about":[{"href":"https:\/\/www.europesays.com\/fr\/wp-json\/wp\/v2\/types\/post"}],"author":[{"embeddable":true,"href":"https:\/\/www.europesays.com\/fr\/wp-json\/wp\/v2\/users\/2"}],"replies":[{"embeddable":true,"href":"https:\/\/www.europesays.com\/fr\/wp-json\/wp\/v2\/comments?post=461788"}],"version-history":[{"count":0,"href":"https:\/\/www.europesays.com\/fr\/wp-json\/wp\/v2\/posts\/461788\/revisions"}],"wp:featuredmedia":[{"embeddable":true,"href":"https:\/\/www.europesays.com\/fr\/wp-json\/wp\/v2\/media\/461789"}],"wp:attachment":[{"href":"https:\/\/www.europesays.com\/fr\/wp-json\/wp\/v2\/media?parent=461788"}],"wp:term":[{"taxonomy":"category","embeddable":true,"href":"https:\/\/www.europesays.com\/fr\/wp-json\/wp\/v2\/categories?post=461788"},{"taxonomy":"post_tag","embeddable":true,"href":"https:\/\/www.europesays.com\/fr\/wp-json\/wp\/v2\/tags?post=461788"}],"curies":[{"name":"wp","href":"https:\/\/api.w.org\/{rel}","templated":true}]}}