{"id":46179,"date":"2025-04-23T09:08:07","date_gmt":"2025-04-23T09:08:07","guid":{"rendered":"https:\/\/www.europesays.com\/fr\/46179\/"},"modified":"2025-04-23T09:08:07","modified_gmt":"2025-04-23T09:08:07","slug":"jean-imbert-accuse-par-ses-ex-de-violences-pourquoi-avait-il-rompu-avec-lex-miss-france-alexandra-rosenfeld","status":"publish","type":"post","link":"https:\/\/www.europesays.com\/fr\/46179\/","title":{"rendered":"Jean Imbert accus\u00e9 par ses ex de violences : pourquoi avait-il rompu avec l\u2019ex Miss France, Alexandra Rosenfeld ?"},"content":{"rendered":"<p>      R\u00e9sum\u00e9<\/p>\n<p>Le c\u00e9l\u00e8bre chef Jean Imbert fait face \u00e0 des accusations de violences psychologiques et physiques de la part de ses ex-compagnes.<\/p>\n<p>        Sommaire<\/p>\n<p>C&rsquo;est une enqu\u00eate choc qui pourrait s\u00e9rieusement \u00e9corner la r\u00e9putation du c\u00e9l\u00e8bre chef <a href=\"https:\/\/www.public.fr\/tag\/jean-imbert\" target=\"_blank\" rel=\"noopener\"><strong>Jean<\/strong> <strong>Imbert<\/strong><\/a>. <\/p>\n<p>Ce mercredi 23 avril 2025, <a href=\"https:\/\/www.elle.fr\/Societe\/Les-enquetes\/Exclusif-quatre-ex-compagnes-de-Jean-Imbert-temoignent-de-violences-conjugales-4342334\" target=\"_blank\" rel=\"noreferrer noopener\">Elle<\/a> a publi\u00e9 des t\u00e9moignages troublants de plusieurs de ses ex-compagnes. <\/p>\n<p>\u00c0 travers des r\u00e9cits concordants, <strong>quatre femmes d\u00e9crivent un engrenage de <a href=\"https:\/\/www.public.fr\/jean-imbert-plusieurs-ex-compagnes-du-celebre-chef-denoncent-des-violences-psychologiques-et-physiques\" target=\"_blank\" rel=\"noopener\">violences psychologiques r\u00e9p\u00e9t\u00e9es et, pour certaines, physiques. <\/a><\/strong><\/p>\n<p>Jean Imbert accus\u00e9 du pire<\/p>\n<p>Celles-ci d\u00e9noncent une emprise insidieuse, faite de jalousie maladive, de critiques incessantes et de r\u00e9actions d\u00e9mesur\u00e9es. <\/p>\n<p>\u00ab\u00a0J\u2019ai r\u00e9pondu oui \u00e0 ces phrases : &lsquo;Il p\u00e8te les plombs lorsque quelque chose lui d\u00e9pla\u00eet&rsquo;, &lsquo;Il est jaloux&rsquo;, &lsquo;Il te manipule&rsquo;, &lsquo;Il rabaisse tes opinions et tes projets&rsquo;, &lsquo;Il t\u2019isole de ta famille et de tes amis&rsquo;&#8230;\u00a0\u00bb, a notamment confi\u00e9 Zo\u00e9 (le pr\u00e9nom a \u00e9t\u00e9 modifi\u00e9). \u00ab\u00a0<strong>Il contr\u00f4lait les personnes avec qui je sortais, \u00e0 quelle heure je rentrais. Il me reprochait de parler \u00e0 certains de mes amis hommes qu&rsquo;il soup\u00e7onnait d&rsquo;\u00eatre amoureux de moi<\/strong>\u00ab\u00a0.<\/p>\n<p>Lila, comme Zo\u00e9, t\u00e9moigne \u00e9galement d&rsquo;un \u00e9pisode de violence. Dans ELLE, elle raconte une nuit o\u00f9, en pleine crise de col\u00e8re, Jean Imbert aurait violemment frapp\u00e9 \u00e0 sa porte avant d&rsquo;en d\u00e9foncer les battants \u00e0 coups de poing et de pied. Une sc\u00e8ne particuli\u00e8rement traumatisante.<\/p>\n<p>Alexandra Rosenfeld : l&rsquo;une des ex du chef<\/p>\n<p>\u00c0 l&rsquo;heure o\u00f9 plusieurs femmes brisent le silence sur le comportement toxique de Jean Imbert, rappelons que ce dernier a \u00e9t\u00e9 <strong>en couple avec une c\u00e9l\u00e8bre Miss.<\/strong><\/p>\n<p>Avant de rencontrer Hugo Cl\u00e9ment, <strong>Alexandra<\/strong> <strong>Rosenfeld<\/strong> a en effet entretenu une liaison avec le chef. C&rsquo;est en 2013 que le couple a d&rsquo;ailleurs officialis\u00e9 son histoire en assistant \u00e0 l&rsquo;avant-premi\u00e8re du film\u00a0Malavita de Luc Besson. <\/p>\n<p>Ensemble, la reine de beaut\u00e9 et le cuisinier ont m\u00eame travaill\u00e9 sur un court format de cuisine \u00e0 la t\u00e9l\u00e9vision. <\/p>\n<p>Malheureusement, les deux tourtereaux ont pris la d\u00e9cision de se s\u00e9parer apr\u00e8s seulement un an de relation. <\/p>\n<p>Si les raisons de leur rupture n&rsquo;ont jamais \u00e9t\u00e9 officiellement d\u00e9voil\u00e9es, un d\u00e9tail n&rsquo;avait pas \u00e9chapp\u00e9 aux habitu\u00e9s : la c\u00e9l\u00e8bre salade \u00ab\u00a0Alex\u00a0\u00bb, autrefois \u00e0 la carte du restaurant de Jean Imbert, avait subitement disparu du menu&#8230;<\/p>\n<p>      Mentionn\u00e9s dans cet article<\/p>\n<p>\u00c0 lire aussi<\/p>\n","protected":false},"excerpt":{"rendered":"R\u00e9sum\u00e9 Le c\u00e9l\u00e8bre chef Jean Imbert fait face \u00e0 des accusations de violences psychologiques et physiques de la&hellip;\n","protected":false},"author":2,"featured_media":46180,"comment_status":"","ping_status":"","sticky":false,"template":"","format":"standard","meta":{"footnotes":""},"categories":[8],"tags":[13558,58,59,1011,27,13518,3034,13559],"class_list":{"0":"post-46179","1":"post","2":"type-post","3":"status-publish","4":"format-standard","5":"has-post-thumbnail","7":"category-divertissement","8":"tag-alexandra-rosenfeld","9":"tag-divertissement","10":"tag-entertainment","11":"tag-fr","12":"tag-france","13":"tag-jean-imbert","14":"tag-miss-france","15":"tag-rupture"},"share_on_mastodon":{"url":"https:\/\/pubeurope.com\/@fr\/114386495373904672","error":""},"_links":{"self":[{"href":"https:\/\/www.europesays.com\/fr\/wp-json\/wp\/v2\/posts\/46179","targetHints":{"allow":["GET"]}}],"collection":[{"href":"https:\/\/www.europesays.com\/fr\/wp-json\/wp\/v2\/posts"}],"about":[{"href":"https:\/\/www.europesays.com\/fr\/wp-json\/wp\/v2\/types\/post"}],"author":[{"embeddable":true,"href":"https:\/\/www.europesays.com\/fr\/wp-json\/wp\/v2\/users\/2"}],"replies":[{"embeddable":true,"href":"https:\/\/www.europesays.com\/fr\/wp-json\/wp\/v2\/comments?post=46179"}],"version-history":[{"count":0,"href":"https:\/\/www.europesays.com\/fr\/wp-json\/wp\/v2\/posts\/46179\/revisions"}],"wp:featuredmedia":[{"embeddable":true,"href":"https:\/\/www.europesays.com\/fr\/wp-json\/wp\/v2\/media\/46180"}],"wp:attachment":[{"href":"https:\/\/www.europesays.com\/fr\/wp-json\/wp\/v2\/media?parent=46179"}],"wp:term":[{"taxonomy":"category","embeddable":true,"href":"https:\/\/www.europesays.com\/fr\/wp-json\/wp\/v2\/categories?post=46179"},{"taxonomy":"post_tag","embeddable":true,"href":"https:\/\/www.europesays.com\/fr\/wp-json\/wp\/v2\/tags?post=46179"}],"curies":[{"name":"wp","href":"https:\/\/api.w.org\/{rel}","templated":true}]}}