{"id":461790,"date":"2025-10-14T07:15:14","date_gmt":"2025-10-14T07:15:14","guid":{"rendered":"https:\/\/www.europesays.com\/fr\/461790\/"},"modified":"2025-10-14T07:15:14","modified_gmt":"2025-10-14T07:15:14","slug":"en-direct-crise-politique-un-blocage-reel-de-la-reforme-des-retraites-reclame-par-fabien-roussel-pcf-sur-tf1","status":"publish","type":"post","link":"https:\/\/www.europesays.com\/fr\/461790\/","title":{"rendered":"EN DIRECT &#8211; Crise politique : \u00ab\u00a0Un blocage r\u00e9el de la r\u00e9forme des retraites\u00a0\u00bb r\u00e9clam\u00e9 par Fabien Roussel (PCF) sur TF1"},"content":{"rendered":"<p>Apr\u00e8s des passations de pouvoir que Matignon a souhait\u00e9 \u00ab\u00a0sobres\u00a0\u00bb, sans presse, sans invit\u00e9s et en int\u00e9rieur, le chef de gouvernement a r\u00e9uni ses nouveaux ministres \u00e0 Matignon lundi \u00e0 14h30. Leur priorit\u00e9 est de \u00ab\u00a0donner un budget \u00e0 la France d&rsquo;ici la fin de l&rsquo;ann\u00e9e\u00a0\u00bb, et d&rsquo;essayer de sortir la France d&rsquo;une crise politique in\u00e9dite.<\/p>\n<p>&#8211; Un premier conseil des ministres doit se tenir ce mardi \u00e0 10H. Le gouvernement doit y adopter un projet de budget afin qu&rsquo;il puisse \u00eatre transmis dans la journ\u00e9e au Parlement, puis \u00eatre d\u00e9battu dans les temps impartis. La Constitution pr\u00e9voit que le Parlement dispose de 70 jours pour l&rsquo;examiner et l&rsquo;adopter avant le 31 d\u00e9cembre.\u00a0<\/p>\n<p>&#8211; Alors que le gouvernement pr\u00e9sente mardi les deux projets de budget en conseil des ministres, la commission des Finances de l&rsquo;Assembl\u00e9e nationale, pr\u00e9sid\u00e9e par le d\u00e9put\u00e9 LFI Eric Coquerel, commence dans le m\u00eame temps ses auditions. Elle entendra \u00e0 10h30 le pr\u00e9sident de la cour des comptes et du Haut conseil des finances publiques Pierre Moscovici, puis \u00e0 19H le ministre de l&rsquo;\u00c9conomie Roland Lescure et la ministre de l&rsquo;Action et des comptes publics Am\u00e9lie de Montchalin.<\/p>\n<p>&#8211; Le Premier ministre prononcera \u00e0 15h sa traditionnelle, et tr\u00e8s attendue, d\u00e9claration de politique g\u00e9n\u00e9rale (DPG), o\u00f9 il donnera sa feuille de route alors qu&rsquo;il reste comme ses pr\u00e9d\u00e9cesseurs priv\u00e9 de majorit\u00e9.<\/p>\n","protected":false},"excerpt":{"rendered":"Apr\u00e8s des passations de pouvoir que Matignon a souhait\u00e9 \u00ab\u00a0sobres\u00a0\u00bb, sans presse, sans invit\u00e9s et en int\u00e9rieur, le&hellip;\n","protected":false},"author":2,"featured_media":461791,"comment_status":"","ping_status":"","sticky":false,"template":"","format":"standard","meta":{"footnotes":""},"categories":[4],"tags":[1111,11,1921,416,1073,1011,27,1922,58410,12,4393,25,11067,133,4530],"class_list":{"0":"post-461790","1":"post","2":"type-post","3":"status-publish","4":"format-standard","5":"has-post-thumbnail","7":"category-france","8":"tag-actu","9":"tag-actualites","10":"tag-article-video","11":"tag-assemblee-nationale","12":"tag-emmanuel-macron","13":"tag-fr","14":"tag-france","15":"tag-info","16":"tag-lecornu-ii-le-nouveau-gouvernement-officialise-avec-34-ministres","17":"tag-news","18":"tag-olivier-faure","19":"tag-republique-francaise","20":"tag-sebastien-lecornu","21":"tag-video","22":"tag-video-politique"},"share_on_mastodon":{"url":"https:\/\/pubeurope.com\/@fr\/115371293004747431","error":""},"_links":{"self":[{"href":"https:\/\/www.europesays.com\/fr\/wp-json\/wp\/v2\/posts\/461790","targetHints":{"allow":["GET"]}}],"collection":[{"href":"https:\/\/www.europesays.com\/fr\/wp-json\/wp\/v2\/posts"}],"about":[{"href":"https:\/\/www.europesays.com\/fr\/wp-json\/wp\/v2\/types\/post"}],"author":[{"embeddable":true,"href":"https:\/\/www.europesays.com\/fr\/wp-json\/wp\/v2\/users\/2"}],"replies":[{"embeddable":true,"href":"https:\/\/www.europesays.com\/fr\/wp-json\/wp\/v2\/comments?post=461790"}],"version-history":[{"count":0,"href":"https:\/\/www.europesays.com\/fr\/wp-json\/wp\/v2\/posts\/461790\/revisions"}],"wp:featuredmedia":[{"embeddable":true,"href":"https:\/\/www.europesays.com\/fr\/wp-json\/wp\/v2\/media\/461791"}],"wp:attachment":[{"href":"https:\/\/www.europesays.com\/fr\/wp-json\/wp\/v2\/media?parent=461790"}],"wp:term":[{"taxonomy":"category","embeddable":true,"href":"https:\/\/www.europesays.com\/fr\/wp-json\/wp\/v2\/categories?post=461790"},{"taxonomy":"post_tag","embeddable":true,"href":"https:\/\/www.europesays.com\/fr\/wp-json\/wp\/v2\/tags?post=461790"}],"curies":[{"name":"wp","href":"https:\/\/api.w.org\/{rel}","templated":true}]}}