{"id":461794,"date":"2025-10-14T07:17:12","date_gmt":"2025-10-14T07:17:12","guid":{"rendered":"https:\/\/www.europesays.com\/fr\/461794\/"},"modified":"2025-10-14T07:17:12","modified_gmt":"2025-10-14T07:17:12","slug":"saint-chamond-pourquoi-les-personnels-du-college-jean-rostand-seront-en-greve-ce-mardi","status":"publish","type":"post","link":"https:\/\/www.europesays.com\/fr\/461794\/","title":{"rendered":"Saint-Chamond. Pourquoi les personnels du coll\u00e8ge Jean-Rostand seront en gr\u00e8ve ce mardi"},"content":{"rendered":"<p>Ils protestent contre la d\u00e9gradation de leurs conditions de travail et les suppressions de postes. \u00ab\u00a0Les personnels du coll\u00e8ge Jean-Rostand \u00e0 Saint-Chamond ont d\u00e9cid\u00e9 de se mettre en gr\u00e8ve, ce\u00a0mardi 14\u00a0octobre, pour enfin \u00eatre entendus par la DSDEN de la Loire\u00a0\u00bb, indique, par voie de communiqu\u00e9 de presse, la CGT Educ\u2019Action 42, qui appelle \u00e0 se retrouver \u00e0 7\u00a0h\u00a030.<\/p>\n<p>Depuis la rentr\u00e9e, ils tirent la sonnette d\u2019alarme sur la baisse des moyens qui met en p\u00e9ril la p\u00e9rennit\u00e9 de\u00a0certains projets et dispositifs, dans un \u00e9tablissement REP +. Par exemple, \u00ab\u00a0le dispositif \u201cdevoirs faits\u201d commence plus tard et se finira plus t\u00f4t dans l\u2019ann\u00e9e, des sorties p\u00e9dagogiques pour lesquelles les accompagnateurs ne seront plus r\u00e9mun\u00e9r\u00e9s, la disparition de la mission \u201cprojets innovants\u201d, la disparition de la mission \u201cr\u00e9f\u00e9rent d\u00e9crochage\u201d et l\u2019inqui\u00e9tude au sujet de la poursuite de projets tels que le Parcours Avenir +\u00a0qui a commenc\u00e9 sans aucune\u00a0garantie que le programme soit tenu jusqu\u2019au bout.\u00a0\u00bb<\/p>\n<p>  Un manque d\u2019AESH<\/p>\n<p>Le syndicat d\u00e9plore aussi que \u00ab\u00a0l\u2019\u00e9tablissement fonctionne sans secr\u00e9taire de direction et avec un demi-poste de\u00a0secr\u00e9taire g\u00e9n\u00e9ral depuis le 1er \u00a0septembre, ainsi que le manque d\u2019AESH (Accompagnants des \u00e9l\u00e8ves en situation de handicap)\u00a0\u00bb.<\/p>\n<p>\u00ab\u00a0Cela a de lourdes cons\u00e9quences sur le suivi des\u00a0\u00e9l\u00e8ves notifi\u00e9s Ulis qui ne b\u00e9n\u00e9ficient que de quelques heures d\u2019accompagnement, explique-t-on dans le communiqu\u00e9. Il en va de m\u00eame\u00a0pour les 4,5 postes d\u2019AED (Assistants d\u2019\u00e9ducation) qui ne suffisent plus \u00e0 assurer un cadre serein alors que les effectifs sont en\u00a0augmentation constante depuis des ann\u00e9es (473 \u00e9l\u00e8ves aujourd\u2019hui, contre moins de 400 quatre ou cinq ans auparavant, 19 classes au lieu de 16). Cette situation rend le travail des AED et AESH difficile et nuit \u00e0 leur bien-\u00eatre\u00a0professionnel.\u00a0\u00bb<\/p>\n","protected":false},"excerpt":{"rendered":"Ils protestent contre la d\u00e9gradation de leurs conditions de travail et les suppressions de postes. \u00ab\u00a0Les personnels du&hellip;\n","protected":false},"author":2,"featured_media":461795,"comment_status":"","ping_status":"","sticky":false,"template":"","format":"standard","meta":{"footnotes":""},"categories":[9653],"tags":[1111,11,2430,3599,7539,1057,1777,674,1011,27,12,25,9669,9670,4001,801],"class_list":{"0":"post-461794","1":"post","2":"type-post","3":"status-publish","4":"format-standard","5":"has-post-thumbnail","7":"category-saint-etienne","8":"tag-actu","9":"tag-actualites","10":"tag-auvergne-rhone-alpes","11":"tag-college-lycee","12":"tag-edition-loire-sud","13":"tag-education","14":"tag-eu","15":"tag-europe","16":"tag-fr","17":"tag-france","18":"tag-news","19":"tag-republique-francaise","20":"tag-saint-chamond","21":"tag-saint-chamond-ville","22":"tag-saint-etienne","23":"tag-social"},"share_on_mastodon":{"url":"https:\/\/pubeurope.com\/@fr\/115371300856094041","error":""},"_links":{"self":[{"href":"https:\/\/www.europesays.com\/fr\/wp-json\/wp\/v2\/posts\/461794","targetHints":{"allow":["GET"]}}],"collection":[{"href":"https:\/\/www.europesays.com\/fr\/wp-json\/wp\/v2\/posts"}],"about":[{"href":"https:\/\/www.europesays.com\/fr\/wp-json\/wp\/v2\/types\/post"}],"author":[{"embeddable":true,"href":"https:\/\/www.europesays.com\/fr\/wp-json\/wp\/v2\/users\/2"}],"replies":[{"embeddable":true,"href":"https:\/\/www.europesays.com\/fr\/wp-json\/wp\/v2\/comments?post=461794"}],"version-history":[{"count":0,"href":"https:\/\/www.europesays.com\/fr\/wp-json\/wp\/v2\/posts\/461794\/revisions"}],"wp:featuredmedia":[{"embeddable":true,"href":"https:\/\/www.europesays.com\/fr\/wp-json\/wp\/v2\/media\/461795"}],"wp:attachment":[{"href":"https:\/\/www.europesays.com\/fr\/wp-json\/wp\/v2\/media?parent=461794"}],"wp:term":[{"taxonomy":"category","embeddable":true,"href":"https:\/\/www.europesays.com\/fr\/wp-json\/wp\/v2\/categories?post=461794"},{"taxonomy":"post_tag","embeddable":true,"href":"https:\/\/www.europesays.com\/fr\/wp-json\/wp\/v2\/tags?post=461794"}],"curies":[{"name":"wp","href":"https:\/\/api.w.org\/{rel}","templated":true}]}}