{"id":461798,"date":"2025-10-14T07:19:29","date_gmt":"2025-10-14T07:19:29","guid":{"rendered":"https:\/\/www.europesays.com\/fr\/461798\/"},"modified":"2025-10-14T07:19:29","modified_gmt":"2025-10-14T07:19:29","slug":"les-entreprises-sunissent-pour-lutter-contre-la-precarite-des-jeunes","status":"publish","type":"post","link":"https:\/\/www.europesays.com\/fr\/461798\/","title":{"rendered":"les entreprises s\u2019unissent pour lutter contre la pr\u00e9carit\u00e9 des jeunes"},"content":{"rendered":"<p>        <strong>Un an apr\u00e8s son lancement, le dispositif de m\u00e9c\u00e9nat social Reso, initi\u00e9 par la Maison de l\u2019emploi du Grand Nancy, la M\u00e9tropole du Grand Nancy et l\u2019\u00c9tat, affiche des r\u00e9sultats prometteurs. Douze entreprises locales ont d\u00e9j\u00e0 rejoint cette d\u00e9marche collective pour soutenir financi\u00e8rement des projets associatifs d\u00e9di\u00e9s \u00e0 la lutte contre la pr\u00e9carit\u00e9 des jeunes.<\/strong><\/p>\n<p>Un jeune sur cinq en France vit sous le seuil de pauvret\u00e9, un chiffre qui continue d\u2019augmenter, malgr\u00e9 la d\u00e9termination des pouvoirs publics \u00e0 enrayer ce fl\u00e9au. Parmi les populations les plus expos\u00e9es, des jeunes sans emploi ni formation depuis un an ou plus, et dont la situation s&rsquo;est d\u00e9grad\u00e9e avec la crise sanitaire. C&rsquo;est dans ce contexte et pour en finir avec la pauvret\u00e9 et le d\u00e9terminisme social que la Dotation d\u2019Action Territoriale (DAT) s&rsquo;est progressivement d\u00e9ploy\u00e9e en France mobilisant les entreprises \u00e0 l\u2019\u00e9chelle locale, au b\u00e9n\u00e9fice de la jeunesse. Dans le Grand Nancy, cette d\u00e9marche a \u00e9galement pris corps \u00e0 travers le dispositif de m\u00e9c\u00e9nat social Reso, lanc\u00e9 par la Maison de l&rsquo;Emploi, la M\u00e9tropole du Grand Nancy et l&rsquo;\u00c9tat.\u00a0<\/p>\n<p>R\u00e9unis vendredi 10 octobre dans les locaux de l\u2019entreprise Saint-Hubert \u00e0 Ludres, les partenaires publics et priv\u00e9s du programme ont dress\u00e9 le bilan de cette premi\u00e8re ann\u00e9e d\u2019exp\u00e9rimentation.\u00a0Le r\u00e9seau compte d\u00e9sormais douze entreprises m\u00e9c\u00e8nes, parmi lesquelles Enedis, Saint-Hubert et Veolia, ainsi que plusieurs PME locales. Depuis le lancement du programme et \u00e0 la date du 3 octobre 2025, huit projets associatifs \u00e0 fort impact social ont \u00e9t\u00e9 s\u00e9lectionn\u00e9s, dont trois d\u00e9j\u00e0 financ\u00e9s \u00e0 100 %. Au total, 182 500 euros de dons ou promesses de dons ont \u00e9t\u00e9 recueillis, permettant d\u2019accompagner pr\u00e8s de 500 jeunes au cours de la premi\u00e8re ann\u00e9e.<\/p>\n<p>Ces projets couvrent un large champ d\u2019actions, de la petite enfance \u00e0 l\u2019acc\u00e8s \u00e0 l\u2019emploi. Le Secours populaire 54 accompagne par exemple les parents dans l\u2019apprentissage du langage chez les tout-petits, tandis que Le Labo des Histoires lutte contre le d\u00e9crochage scolaire \u00e0 travers l\u2019\u00e9criture cr\u00e9ative. D\u2019autres initiatives, port\u00e9es par Fusion Jeunesse, C\u2019Possible, Article 1, La Fabrique des Possibles ou encore R\u00e9seau \u00c9tincelle, accompagnent les coll\u00e9giens, lyc\u00e9ens et jeunes adultes dans la d\u00e9couverte des m\u00e9tiers d\u2019avenir et la construction de leur parcours professionnel. Le Centre social Beauregard, de son c\u00f4t\u00e9, a cr\u00e9\u00e9 un tiers-lieu port\u00e9 par et pour les jeunes du quartier.<\/p>\n<p>Pour \u00c9velyne Beaudeux, vice-pr\u00e9sidente de la M\u00e9tropole du Grand Nancy, cette mobilisation vertueuse illustre\u00a0le renforcement du lien entre le monde \u00e9conomique et les acteurs sociaux. Selon elle, le dispositif constitue \u00ab un triptyque entre associations, entreprises et collectivit\u00e9s \u00bb, mobilis\u00e9 pour agir sur trois priorit\u00e9s, la petite enfance, la lutte contre le d\u00e9crochage scolaire et l\u2019insertion professionnelle.<\/p>\n<p>D\u00e9sormais structur\u00e9e sous la marque Reso, R\u00e9seau d\u2019entreprises solidaires, le dispositif poursuit son d\u00e9veloppement avec une ambition renforc\u00e9e pour \u00e9largir le cercle des m\u00e9c\u00e8nes et financer davantage de projets d\u00e8s 2026. \u00ab C\u2019est vraiment un travail collectif \u00bb, souligne Anne Atlas, coordinatrice du programme au sein de la Maison de l\u2019Emploi.\u00a0<\/p>\n<p>\u00a0<\/p>\n<p>\t\t\t\t\t\t<a href=\"https:\/\/www.pinterest.com\/pin\/create\/button\/\" data-pin-do=\"buttonBookmark\" data-pin-color=\"red\" rel=\"nofollow noopener\" target=\"_blank\"><img decoding=\"async\" src=\"https:\/\/www.europesays.com\/fr\/wp-content\/uploads\/2025\/04\/pinit_fg_en_rect_red_20.png\" alt=\"Pin It\"\/><\/a><\/p>\n","protected":false},"excerpt":{"rendered":"Un an apr\u00e8s son lancement, le dispositif de m\u00e9c\u00e9nat social Reso, initi\u00e9 par la Maison de l\u2019emploi du&hellip;\n","protected":false},"author":2,"featured_media":461799,"comment_status":"","ping_status":"","sticky":false,"template":"","format":"standard","meta":{"footnotes":""},"categories":[9635],"tags":[1111,11,1777,674,1011,27,775,1702,12,25],"class_list":{"0":"post-461798","1":"post","2":"type-post","3":"status-publish","4":"format-standard","5":"has-post-thumbnail","7":"category-nancy","8":"tag-actu","9":"tag-actualites","10":"tag-eu","11":"tag-europe","12":"tag-fr","13":"tag-france","14":"tag-grand-est","15":"tag-nancy","16":"tag-news","17":"tag-republique-francaise"},"share_on_mastodon":{"url":"https:\/\/pubeurope.com\/@fr\/115371309366326948","error":""},"_links":{"self":[{"href":"https:\/\/www.europesays.com\/fr\/wp-json\/wp\/v2\/posts\/461798","targetHints":{"allow":["GET"]}}],"collection":[{"href":"https:\/\/www.europesays.com\/fr\/wp-json\/wp\/v2\/posts"}],"about":[{"href":"https:\/\/www.europesays.com\/fr\/wp-json\/wp\/v2\/types\/post"}],"author":[{"embeddable":true,"href":"https:\/\/www.europesays.com\/fr\/wp-json\/wp\/v2\/users\/2"}],"replies":[{"embeddable":true,"href":"https:\/\/www.europesays.com\/fr\/wp-json\/wp\/v2\/comments?post=461798"}],"version-history":[{"count":0,"href":"https:\/\/www.europesays.com\/fr\/wp-json\/wp\/v2\/posts\/461798\/revisions"}],"wp:featuredmedia":[{"embeddable":true,"href":"https:\/\/www.europesays.com\/fr\/wp-json\/wp\/v2\/media\/461799"}],"wp:attachment":[{"href":"https:\/\/www.europesays.com\/fr\/wp-json\/wp\/v2\/media?parent=461798"}],"wp:term":[{"taxonomy":"category","embeddable":true,"href":"https:\/\/www.europesays.com\/fr\/wp-json\/wp\/v2\/categories?post=461798"},{"taxonomy":"post_tag","embeddable":true,"href":"https:\/\/www.europesays.com\/fr\/wp-json\/wp\/v2\/tags?post=461798"}],"curies":[{"name":"wp","href":"https:\/\/api.w.org\/{rel}","templated":true}]}}