{"id":461800,"date":"2025-10-14T07:21:18","date_gmt":"2025-10-14T07:21:18","guid":{"rendered":"https:\/\/www.europesays.com\/fr\/461800\/"},"modified":"2025-10-14T07:21:18","modified_gmt":"2025-10-14T07:21:18","slug":"un-lundi-tout-en-douceur-et-en-subtilite","status":"publish","type":"post","link":"https:\/\/www.europesays.com\/fr\/461800\/","title":{"rendered":"un lundi tout en douceur et en subtilit\u00e9\u00a0!"},"content":{"rendered":"<p>Si ce lundi a marqu\u00e9 le lancement des concerts de jazz \u00e0 La Manufacture, le Chapiteau a propos\u00e9 un plateau de grande qualit\u00e9, exclusivement f\u00e9minin. Avec, en ouverture, l\u2019hypnotique Gildaa qui a livr\u00e9 un concert flirtant avec la performance. De quoi mettre dans de bonnes conditions celle que tout le monde attendait. Solann et ses musiciens ont d\u00e9roul\u00e9 un set dense, puissant, musical et tr\u00e8s fouill\u00e9\u2026 Tout comme la pop d\u2019Emma Peters qui a ferm\u00e9 le ban.<\/p>\n","protected":false},"excerpt":{"rendered":"Si ce lundi a marqu\u00e9 le lancement des concerts de jazz \u00e0 La Manufacture, le Chapiteau a propos\u00e9&hellip;\n","protected":false},"author":2,"featured_media":461801,"comment_status":"","ping_status":"","sticky":false,"template":"","format":"standard","meta":{"footnotes":""},"categories":[9635],"tags":[1111,11,1704,1777,674,1011,27,2798,775,1702,21112,12,25],"class_list":{"0":"post-461800","1":"post","2":"type-post","3":"status-publish","4":"format-standard","5":"has-post-thumbnail","7":"category-nancy","8":"tag-actu","9":"tag-actualites","10":"tag-edition-nancy-et-agglomeration","11":"tag-eu","12":"tag-europe","13":"tag-fr","14":"tag-france","15":"tag-galerie-photo","16":"tag-grand-est","17":"tag-nancy","18":"tag-nancy-jazz-pulsations","19":"tag-news","20":"tag-republique-francaise"},"share_on_mastodon":{"url":"https:\/\/pubeurope.com\/@fr\/115371316609052581","error":""},"_links":{"self":[{"href":"https:\/\/www.europesays.com\/fr\/wp-json\/wp\/v2\/posts\/461800","targetHints":{"allow":["GET"]}}],"collection":[{"href":"https:\/\/www.europesays.com\/fr\/wp-json\/wp\/v2\/posts"}],"about":[{"href":"https:\/\/www.europesays.com\/fr\/wp-json\/wp\/v2\/types\/post"}],"author":[{"embeddable":true,"href":"https:\/\/www.europesays.com\/fr\/wp-json\/wp\/v2\/users\/2"}],"replies":[{"embeddable":true,"href":"https:\/\/www.europesays.com\/fr\/wp-json\/wp\/v2\/comments?post=461800"}],"version-history":[{"count":0,"href":"https:\/\/www.europesays.com\/fr\/wp-json\/wp\/v2\/posts\/461800\/revisions"}],"wp:featuredmedia":[{"embeddable":true,"href":"https:\/\/www.europesays.com\/fr\/wp-json\/wp\/v2\/media\/461801"}],"wp:attachment":[{"href":"https:\/\/www.europesays.com\/fr\/wp-json\/wp\/v2\/media?parent=461800"}],"wp:term":[{"taxonomy":"category","embeddable":true,"href":"https:\/\/www.europesays.com\/fr\/wp-json\/wp\/v2\/categories?post=461800"},{"taxonomy":"post_tag","embeddable":true,"href":"https:\/\/www.europesays.com\/fr\/wp-json\/wp\/v2\/tags?post=461800"}],"curies":[{"name":"wp","href":"https:\/\/api.w.org\/{rel}","templated":true}]}}