{"id":461813,"date":"2025-10-14T07:29:13","date_gmt":"2025-10-14T07:29:13","guid":{"rendered":"https:\/\/www.europesays.com\/fr\/461813\/"},"modified":"2025-10-14T07:29:13","modified_gmt":"2025-10-14T07:29:13","slug":"rugby-pro-d2-sur-quelle-chaine-regarder-mont-de-marsan","status":"publish","type":"post","link":"https:\/\/www.europesays.com\/fr\/461813\/","title":{"rendered":"Rugby. Pro D2 : sur quelle cha\u00eene regarder Mont-de-Marsan"},"content":{"rendered":"<p>Apr\u00e8s deux semaines tumulteuses marqu\u00e9es par la mise \u00e0 pied et\u00a0<a href=\"https:\/\/www.ledauphine.com\/sport\/2025\/10\/08\/fcg-c-est-termine-pour-nicolas-nadau-qui-quitte-le-club-avec-effet-immediat\" target=\"_blank\" rel=\"noopener\">le d\u00e9part de Nicolas Nadau<\/a>, puis l&rsquo;arriv\u00e9e de <a href=\"https:\/\/www.ledauphine.com\/sport\/2025\/10\/10\/fcg-c-est-officiel-jeff-dubois-devient-le-nouvel-entraineur-principal-et-le-patron-du-sportif\" target=\"_blank\" rel=\"noopener\">Jeff Dubois au poste d&rsquo;entra\u00eeneur principal<\/a>, le FCG retrouve le championnat ce vendredi (19h30).<\/p>\n<p>Pour le compte de la 7e journ\u00e9e de Pro D2, les Is\u00e9rois se d\u00e9placent sur la pelouse de Mont-de-Marsan, une formation en grande difficult\u00e9e, avant-derni\u00e8re au classement avec seulement\u00a05 points pris depuis le d\u00e9but de saison.<\/p>\n<p><strong><a href=\"https:\/\/www.ledauphine.com\/sport\/calendrier-resultats\/rugby\/national-pro-d2-saison-reguliere\" target=\"_blank\" rel=\"noopener\">&gt;&gt; Les affiches de la 7e journ\u00e9e et le classement de la Pro D2<\/a><\/strong><\/p>\n<p>Descendus \u00e0 la 8e place du classement (15 pts), Grenoble doit \u00e0 tout prix l&#8217;emporter chez une \u00e9quipe qui reste sur une d\u00e9faite \u00e0 Valence-Romans (35-21), quand les Is\u00e9rois perdaient s&rsquo;inclinait sur le fil contre Provence Rugby au Stade des Alpes.<\/p>\n","protected":false},"excerpt":{"rendered":"Apr\u00e8s deux semaines tumulteuses marqu\u00e9es par la mise \u00e0 pied et\u00a0le d\u00e9part de Nicolas Nadau, puis l&rsquo;arriv\u00e9e de&hellip;\n","protected":false},"author":2,"featured_media":461814,"comment_status":"","ping_status":"","sticky":false,"template":"","format":"standard","meta":{"footnotes":""},"categories":[9566],"tags":[1111,11,2430,112,113,114,1777,674,2727,1701,1011,27,2731,2732,108,12,2308,25,517,1947,2205],"class_list":{"0":"post-461813","1":"post","2":"type-post","3":"status-publish","4":"format-standard","5":"has-post-thumbnail","7":"category-grenoble","8":"tag-actu","9":"tag-actualites","10":"tag-auvergne-rhone-alpes","11":"tag-edition-grenoble-agglomeration","12":"tag-edition-gresivaudan-oisans","13":"tag-edition-voiron-saint-marcellin","14":"tag-eu","15":"tag-europe","16":"tag-fcg-fc-grenoble-rugby","17":"tag-fil-info-sport","18":"tag-fr","19":"tag-france","20":"tag-grenoble","21":"tag-grenoble-bassin","22":"tag-isere","23":"tag-news","24":"tag-pro-d2","25":"tag-republique-francaise","26":"tag-sport","27":"tag-sport-national","28":"tag-television-medias"},"share_on_mastodon":{"url":"https:\/\/pubeurope.com\/@fr\/115371348011268736","error":""},"_links":{"self":[{"href":"https:\/\/www.europesays.com\/fr\/wp-json\/wp\/v2\/posts\/461813","targetHints":{"allow":["GET"]}}],"collection":[{"href":"https:\/\/www.europesays.com\/fr\/wp-json\/wp\/v2\/posts"}],"about":[{"href":"https:\/\/www.europesays.com\/fr\/wp-json\/wp\/v2\/types\/post"}],"author":[{"embeddable":true,"href":"https:\/\/www.europesays.com\/fr\/wp-json\/wp\/v2\/users\/2"}],"replies":[{"embeddable":true,"href":"https:\/\/www.europesays.com\/fr\/wp-json\/wp\/v2\/comments?post=461813"}],"version-history":[{"count":0,"href":"https:\/\/www.europesays.com\/fr\/wp-json\/wp\/v2\/posts\/461813\/revisions"}],"wp:featuredmedia":[{"embeddable":true,"href":"https:\/\/www.europesays.com\/fr\/wp-json\/wp\/v2\/media\/461814"}],"wp:attachment":[{"href":"https:\/\/www.europesays.com\/fr\/wp-json\/wp\/v2\/media?parent=461813"}],"wp:term":[{"taxonomy":"category","embeddable":true,"href":"https:\/\/www.europesays.com\/fr\/wp-json\/wp\/v2\/categories?post=461813"},{"taxonomy":"post_tag","embeddable":true,"href":"https:\/\/www.europesays.com\/fr\/wp-json\/wp\/v2\/tags?post=461813"}],"curies":[{"name":"wp","href":"https:\/\/api.w.org\/{rel}","templated":true}]}}