{"id":461821,"date":"2025-10-14T07:33:12","date_gmt":"2025-10-14T07:33:12","guid":{"rendered":"https:\/\/www.europesays.com\/fr\/461821\/"},"modified":"2025-10-14T07:33:12","modified_gmt":"2025-10-14T07:33:12","slug":"capitaine-de-strasbourg-emegha-pourrait-manquer-le-match","status":"publish","type":"post","link":"https:\/\/www.europesays.com\/fr\/461821\/","title":{"rendered":"capitaine de Strasbourg, Emegha pourrait manquer le match"},"content":{"rendered":"<p>                            <img width=\"770\" height=\"433\" src=\"https:\/\/www.europesays.com\/fr\/wp-content\/uploads\/2025\/04\/AFP__20250328__38CE6TX__v1__HighRes__FblFraLigue1StrasbourgLyon-e1743231849439-770x433.jpg\" class=\"attachment-article size-article wp-post-image\" alt=\"Clinton Mata (OL) face \u00e0 Emegha (Strasbourg)\" decoding=\"async\" fetchpriority=\"high\"  \/><\/p>\n<p>Clinton Mata (OL) face \u00e0 Emegha (Strasbourg) (Photo by SEBASTIEN BOZON \/ AFP)<\/p>\n<p>Sorti pr\u00e9matur\u00e9ment contre Marseille le 26 septembre dernier, Emmanuel Emegha devrait manquer encore deux semaines de comp\u00e9tition. L&rsquo;attaquant et capitaine de Strasbourg pourrait ainsi \u00eatre forfait contre l&rsquo;OL.<\/p>\n<p>Le 26 septembre dernier, Strasbourg a non seulement perdu \u00e0 la derni\u00e8re minute contre Marseille (1-2), mais il a surtout vu son capitaine rejoindre l&rsquo;infirmerie. D\u00e9terminant dans cette \u00e9quipe du Racing, Emmanuel <strong>Emegha <\/strong>est touch\u00e9 aux ischios depuis plus de deux semaines. Cela n&rsquo;a pas emp\u00each\u00e9 les Strasbourgeois de gagner contre le Slovan Brastislava (1-2) puis de corriger Angers (5-0).<\/p>\n<p>Mais la route va s&rsquo;\u00e9lever pour les hommes de Liam <strong>Rosenior<\/strong>, qui affrontent le Paris Saint-Germain vendredi (20h45). Pour cette confrontation, ainsi que pour les suivantes, les Alsaciens devront se passer de leur avant-centre n\u00e9erlandais. Ainsi que l&rsquo;annoncent Alsa&rsquo;Sports et L&rsquo;\u00c9quipe, le buteur de 22 ans devrait s&rsquo;absenter au minimum deux semaines suppl\u00e9mentaires. <\/p>\n<p>Panichelli ou Ouattara pour le remplacer<\/p>\n<p>Un d\u00e9lai qui comprendrait notamment le d\u00e9placement dans le Rh\u00f4ne. Les co\u00e9quipiers de <a href=\"https:\/\/www.olympique-et-lyonnais.com\/mercato-sarr-ex-ol-profite-encore-de-la-passerelle-chelsea-strasbourg,373801.html\" target=\"_blank\" rel=\"noopener\">Mamadou <strong>Sarr<\/strong><\/a>, lui aussi bless\u00e9 et en phase de reprise, d\u00e9fient l&rsquo;OL le dimanche 26 octobre (20h45). Emegha pourrait ainsi rater ce match entre deux formations europ\u00e9ennes. Un choc dira-t-on, puisque les deux \u00e9quipes <a href=\"https:\/\/www.olympique-et-lyonnais.com\/lol-lache-du-lest-et-voit-lom-et-strasbourg-passer-devant,381892.html\" target=\"_blank\" rel=\"noopener\">comptent 15 points<\/a> apr\u00e8s sept journ\u00e9es, et se classent respectivement quatri\u00e8me (l&rsquo;Olympique lyonnais) et troisi\u00e8me (Strasbourg).<\/p>\n<p>Pour remplacer son attaquant, le club alsacien s&rsquo;appuiera s\u00fbrement sur Joaqu\u00edn <strong>Panichelli <\/strong>ou Adboul <strong>Ouattara<\/strong>. Avec ses nombreuses recrues estivales, il ne sera de toute mani\u00e8re pas trop g\u00ean\u00e9 quantitativement cette saison, sauf h\u00e9catombe. <\/p>\n","protected":false},"excerpt":{"rendered":"Clinton Mata (OL) face \u00e0 Emegha (Strasbourg) (Photo by SEBASTIEN BOZON \/ AFP) Sorti pr\u00e9matur\u00e9ment contre Marseille le&hellip;\n","protected":false},"author":2,"featured_media":829,"comment_status":"","ping_status":"","sticky":false,"template":"","format":"standard","meta":{"footnotes":""},"categories":[2820],"tags":[1111,11,52286,1777,674,1011,27,775,12,241,25,640],"class_list":{"0":"post-461821","1":"post","2":"type-post","3":"status-publish","4":"format-standard","5":"has-post-thumbnail","7":"category-strasbourg","8":"tag-actu","9":"tag-actualites","10":"tag-emegha","11":"tag-eu","12":"tag-europe","13":"tag-fr","14":"tag-france","15":"tag-grand-est","16":"tag-news","17":"tag-ol","18":"tag-republique-francaise","19":"tag-strasbourg"},"share_on_mastodon":{"url":"https:\/\/pubeurope.com\/@fr\/115371363801913654","error":""},"_links":{"self":[{"href":"https:\/\/www.europesays.com\/fr\/wp-json\/wp\/v2\/posts\/461821","targetHints":{"allow":["GET"]}}],"collection":[{"href":"https:\/\/www.europesays.com\/fr\/wp-json\/wp\/v2\/posts"}],"about":[{"href":"https:\/\/www.europesays.com\/fr\/wp-json\/wp\/v2\/types\/post"}],"author":[{"embeddable":true,"href":"https:\/\/www.europesays.com\/fr\/wp-json\/wp\/v2\/users\/2"}],"replies":[{"embeddable":true,"href":"https:\/\/www.europesays.com\/fr\/wp-json\/wp\/v2\/comments?post=461821"}],"version-history":[{"count":0,"href":"https:\/\/www.europesays.com\/fr\/wp-json\/wp\/v2\/posts\/461821\/revisions"}],"wp:featuredmedia":[{"embeddable":true,"href":"https:\/\/www.europesays.com\/fr\/wp-json\/wp\/v2\/media\/829"}],"wp:attachment":[{"href":"https:\/\/www.europesays.com\/fr\/wp-json\/wp\/v2\/media?parent=461821"}],"wp:term":[{"taxonomy":"category","embeddable":true,"href":"https:\/\/www.europesays.com\/fr\/wp-json\/wp\/v2\/categories?post=461821"},{"taxonomy":"post_tag","embeddable":true,"href":"https:\/\/www.europesays.com\/fr\/wp-json\/wp\/v2\/tags?post=461821"}],"curies":[{"name":"wp","href":"https:\/\/api.w.org\/{rel}","templated":true}]}}