{"id":461822,"date":"2025-10-14T07:34:10","date_gmt":"2025-10-14T07:34:10","guid":{"rendered":"https:\/\/www.europesays.com\/fr\/461822\/"},"modified":"2025-10-14T07:34:10","modified_gmt":"2025-10-14T07:34:10","slug":"les-peines-de-prison-tombent","status":"publish","type":"post","link":"https:\/\/www.europesays.com\/fr\/461822\/","title":{"rendered":"les peines de prison tombent"},"content":{"rendered":"<p>            Par<br \/>\n        <strong><br \/>\n            <a href=\"https:\/\/actu.fr\/auteur\/ugo-maillard\" title=\"Consulter tous les articles de Ugo Maillard\" target=\"_blank\" rel=\"noopener\">Ugo Maillard<\/a><br \/>\n        <\/strong><\/p>\n<p>        Publi\u00e9 le<\/p>\n<p>            14 oct. 2025 \u00e0 9h16        <\/p>\n<p>L\u2019objectif des services de police demeure la lutte contre les r\u00e9seaux de livraison de produits stup\u00e9fiants. Lors de la semaine du lundi\u00a06 au dimanche 12\u00a0octobre 2025, le service local de police judiciaire de Nice (<a href=\"https:\/\/actu.fr\/provence-alpes-cote-d-azur\/alpes-maritimes_06\" target=\"_blank\" rel=\"noopener\">Alpes-Maritimes<\/a>) a organis\u00e9 une <strong>vague d\u2019interpellations<\/strong> dans plusieurs quartiers de la commune.<\/p>\n<p class=\" wall-content\">Le procureur de Nice, Damien Martinelli, indique \u00e0 <a href=\"https:\/\/actu.fr\/nice\/\" target=\"_blank\" rel=\"noopener\">actu Nice<\/a> que des perquisitions ont \u00e9t\u00e9 men\u00e9es dans plusieurs appartements situ\u00e9s \u00e0 Nice ouest, mais \u00e9galement dans diff\u00e9rents quartiers du centre et de l\u2019est de la ville.<\/p>\n<p class=\" wall-content\">Au total, les fonctionnaires de police ont saisi un kilo de coca\u00efne, deux armes de poing, 17000 euros et deux v\u00e9hicules.<\/p>\n<p class=\" wall-content\">Une op\u00e9ration coup de poing qui s\u2019inscrit dans un <strong>contexte lourd \u00e0 Nice<\/strong>. Le 3\u00a0octobre dernier, <a href=\"https:\/\/actu.fr\/provence-alpes-cote-d-azur\/nice_06088\/deux-morts-et-des-blesses-qui-sont-les-victimes-de-la-fusillade-qui-a-eclate-a-nice_63256933.html\" target=\"_blank\" rel=\"noopener\">deux personnes avaient perdu la vie<\/a> dans une fusillade li\u00e9e au trafic de drogue, dans le quartier des Moulins.<\/p>\n<p>Les neuf personnes condamn\u00e9es<\/p>\n<p class=\" wall-content\">Neuf personnes ont \u00e9t\u00e9 interpell\u00e9es, plac\u00e9es en garde \u00e0 vue, puis d\u00e9f\u00e9r\u00e9es dans le cadre d\u2019une comparution sur reconnaissance pr\u00e9alable de culpabilit\u00e9.<\/p>\n<p class=\" wall-content\">Le parquet de Nice ajoute que les neuf individus\u00a0ont \u00e9t\u00e9 condamn\u00e9s \u00e0 des peines d\u2019emprisonnement d\u00e9lictuel, avec ou sans sursis, allant <strong>de 6 \u00e0 30\u00a0mois<\/strong>.<\/p>\n<p class=\" wall-content\">Personnalisez votre actualit\u00e9 en ajoutant vos villes et m\u00e9dias en favori avec <a href=\"https:\/\/moncompte.actu.fr\" title=\"D\u00e9couvez Mon Actu\" rel=\"nofollow noopener\" data-trk=\"{&quot;cta&quot;:{&quot;action&quot;:&quot;https:\\\/\\\/moncompte.actu.fr&quot;,&quot;category&quot;:&quot;mon compte&quot;,&quot;from&quot;:&quot;article footer&quot;,&quot;name&quot;:&quot;Mon actu&quot;,&quot;type&quot;:&quot;cta&quot;}}\" target=\"_blank\">Mon Actu<\/a>.<\/p>\n","protected":false},"excerpt":{"rendered":"Par Ugo Maillard Publi\u00e9 le 14 oct. 2025 \u00e0 9h16 L\u2019objectif des services de police demeure la lutte&hellip;\n","protected":false},"author":2,"featured_media":114204,"comment_status":"","ping_status":"","sticky":false,"template":"","format":"standard","meta":{"footnotes":""},"categories":[2819],"tags":[1111,11,1777,674,118,1011,27,813,12,2401,1072,882,25],"class_list":{"0":"post-461822","1":"post","2":"type-post","3":"status-publish","4":"format-standard","5":"has-post-thumbnail","7":"category-nice","8":"tag-actu","9":"tag-actualites","10":"tag-eu","11":"tag-europe","12":"tag-faits-divers","13":"tag-fr","14":"tag-france","15":"tag-narcotrafiquants","16":"tag-news","17":"tag-nice","18":"tag-police","19":"tag-provence-alpes-cote-dazur","20":"tag-republique-francaise"},"share_on_mastodon":{"url":"https:\/\/pubeurope.com\/@fr\/115371367722125955","error":""},"_links":{"self":[{"href":"https:\/\/www.europesays.com\/fr\/wp-json\/wp\/v2\/posts\/461822","targetHints":{"allow":["GET"]}}],"collection":[{"href":"https:\/\/www.europesays.com\/fr\/wp-json\/wp\/v2\/posts"}],"about":[{"href":"https:\/\/www.europesays.com\/fr\/wp-json\/wp\/v2\/types\/post"}],"author":[{"embeddable":true,"href":"https:\/\/www.europesays.com\/fr\/wp-json\/wp\/v2\/users\/2"}],"replies":[{"embeddable":true,"href":"https:\/\/www.europesays.com\/fr\/wp-json\/wp\/v2\/comments?post=461822"}],"version-history":[{"count":0,"href":"https:\/\/www.europesays.com\/fr\/wp-json\/wp\/v2\/posts\/461822\/revisions"}],"wp:featuredmedia":[{"embeddable":true,"href":"https:\/\/www.europesays.com\/fr\/wp-json\/wp\/v2\/media\/114204"}],"wp:attachment":[{"href":"https:\/\/www.europesays.com\/fr\/wp-json\/wp\/v2\/media?parent=461822"}],"wp:term":[{"taxonomy":"category","embeddable":true,"href":"https:\/\/www.europesays.com\/fr\/wp-json\/wp\/v2\/categories?post=461822"},{"taxonomy":"post_tag","embeddable":true,"href":"https:\/\/www.europesays.com\/fr\/wp-json\/wp\/v2\/tags?post=461822"}],"curies":[{"name":"wp","href":"https:\/\/api.w.org\/{rel}","templated":true}]}}