{"id":461823,"date":"2025-10-14T07:35:13","date_gmt":"2025-10-14T07:35:13","guid":{"rendered":"https:\/\/www.europesays.com\/fr\/461823\/"},"modified":"2025-10-14T07:35:13","modified_gmt":"2025-10-14T07:35:13","slug":"henry-mathey-nouveau-president-de-lumih-nice-cote-dazur","status":"publish","type":"post","link":"https:\/\/www.europesays.com\/fr\/461823\/","title":{"rendered":"Henry Mathey, nouveau pr\u00e9sident de l\u2019UMIH Nice C\u00f4te d\u2019Azur"},"content":{"rendered":"<p>                    <img loading=\"lazy\" decoding=\"async\" src=\"https:\/\/www.europesays.com\/fr\/wp-content\/uploads\/2025\/10\/f2883a6a9c141bedb65fdd1223243e.jpg\" class=\"img-responsive post-image\" width=\"680\" height=\"510\" alt=\"Henry Mathey, nouveau (\u2026)\" title=\"Henry Mathey, nouveau pr\u00e9sident de l'UMIH Nice C\u00f4te d'Azur\"\/><\/p>\n<p>Le 9 octobre, s\u2019est tenue sous la pr\u00e9sidence de No\u00ebl Ajoury l\u2019assembl\u00e9e g\u00e9n\u00e9rale de l\u2019UMIH NCA, en pr\u00e9sence de l\u2019ensemble des pr\u00e9sidents UMIH du d\u00e9partement, \u00e0 l\u2019h\u00f4tel 1932 MGallery \u00e0 Juan-les-Pins.<br class=\"chapo\"\/><br \/>\nApr\u00e8s avoir pr\u00e9sent\u00e9 le bilan de son mandat et \u00e9voqu\u00e9 l\u2019actualit\u00e9 des m\u00e9tiers, No\u00ebl Ajoury a proc\u00e9d\u00e9 \u00e0 l\u2019\u00e9lection du nouveau pr\u00e9sident de l\u2019UMIH NCA\u00a0: Henry Mathey a \u00e9t\u00e9 \u00e9lu \u00e0 l\u2019unanimit\u00e9 pour un mandat de deux ans.<\/p>\n<p class=\"texte\">Anciennement UPCR (Union Patronale des Cafetiers Restaurateurs), l\u2019UMIH NCA (l\u2019Union Patronale des Caf\u00e9s, Restaurateurs, Bars, H\u00f4tels, Monde de la Nuit et Traiteurs) apporte son soutien et son expertise \u00e0 tous les professionnels du secteur C.H.R.<\/p>\n<p>Photo de Une\u00a0: passation de pouvoir entre Noel Ajoury (premier sur la photo \u00e0 gauche) et Henry Mathey (trois\u00e8me sur la photot en partant de la gauche) \u00a9UMIH NCA sur LinkedIn<\/p>\n","protected":false},"excerpt":{"rendered":"Le 9 octobre, s\u2019est tenue sous la pr\u00e9sidence de No\u00ebl Ajoury l\u2019assembl\u00e9e g\u00e9n\u00e9rale de l\u2019UMIH NCA, en pr\u00e9sence&hellip;\n","protected":false},"author":2,"featured_media":461824,"comment_status":"","ping_status":"","sticky":false,"template":"","format":"standard","meta":{"footnotes":""},"categories":[2819],"tags":[1111,11,2408,1777,674,1011,27,12,2401,882,25],"class_list":{"0":"post-461823","1":"post","2":"type-post","3":"status-publish","4":"format-standard","5":"has-post-thumbnail","7":"category-nice","8":"tag-actu","9":"tag-actualites","10":"tag-appels-d","11":"tag-eu","12":"tag-europe","13":"tag-fr","14":"tag-france","15":"tag-news","16":"tag-nice","17":"tag-provence-alpes-cote-dazur","18":"tag-republique-francaise"},"share_on_mastodon":{"url":"https:\/\/pubeurope.com\/@fr\/115371372422539450","error":""},"_links":{"self":[{"href":"https:\/\/www.europesays.com\/fr\/wp-json\/wp\/v2\/posts\/461823","targetHints":{"allow":["GET"]}}],"collection":[{"href":"https:\/\/www.europesays.com\/fr\/wp-json\/wp\/v2\/posts"}],"about":[{"href":"https:\/\/www.europesays.com\/fr\/wp-json\/wp\/v2\/types\/post"}],"author":[{"embeddable":true,"href":"https:\/\/www.europesays.com\/fr\/wp-json\/wp\/v2\/users\/2"}],"replies":[{"embeddable":true,"href":"https:\/\/www.europesays.com\/fr\/wp-json\/wp\/v2\/comments?post=461823"}],"version-history":[{"count":0,"href":"https:\/\/www.europesays.com\/fr\/wp-json\/wp\/v2\/posts\/461823\/revisions"}],"wp:featuredmedia":[{"embeddable":true,"href":"https:\/\/www.europesays.com\/fr\/wp-json\/wp\/v2\/media\/461824"}],"wp:attachment":[{"href":"https:\/\/www.europesays.com\/fr\/wp-json\/wp\/v2\/media?parent=461823"}],"wp:term":[{"taxonomy":"category","embeddable":true,"href":"https:\/\/www.europesays.com\/fr\/wp-json\/wp\/v2\/categories?post=461823"},{"taxonomy":"post_tag","embeddable":true,"href":"https:\/\/www.europesays.com\/fr\/wp-json\/wp\/v2\/tags?post=461823"}],"curies":[{"name":"wp","href":"https:\/\/api.w.org\/{rel}","templated":true}]}}