{"id":461837,"date":"2025-10-14T07:42:23","date_gmt":"2025-10-14T07:42:23","guid":{"rendered":"https:\/\/www.europesays.com\/fr\/461837\/"},"modified":"2025-10-14T07:42:23","modified_gmt":"2025-10-14T07:42:23","slug":"roubaix-caches-dans-le-faux-plafond-dune-banque-ils-esperaient-y-trouver-des-billets-la-bri-debarque","status":"publish","type":"post","link":"https:\/\/www.europesays.com\/fr\/461837\/","title":{"rendered":"Roubaix. Cach\u00e9s dans le faux plafond d&rsquo;une banque, ils esp\u00e9raient y trouver des billets : la BRI d\u00e9barque"},"content":{"rendered":"<p>            Par<br \/>\n        <strong><br \/>\n            <a href=\"https:\/\/actu.fr\/auteur\/margot-nicodeme\" title=\"Consulter tous les articles de Margot Nicod\u00e8me\" target=\"_blank\" rel=\"noopener\">Margot Nicod\u00e8me<\/a><br \/>\n        <\/strong><\/p>\n<p>        Publi\u00e9 le<\/p>\n<p>            13 oct. 2025 \u00e0 13h10        <\/p>\n<p>Le plan maniganc\u00e9 par <b>deux amis de la m\u00e9tropole lilloise<\/b> n\u2019est pas sans rappeler les films d\u2019action les plus cultes.<b> Ils ont cibl\u00e9 une banque <\/b>\u00e0 <a href=\"https:\/\/actu.fr\/hauts-de-france\/roubaix_59512\" target=\"_blank\" rel=\"noopener\">Roubaix<\/a> (Nord), qui venait de fermer d\u00e9finitivement, mais dans laquelle ils esp\u00e9raient trouver des objets \u00e0 voler ou, mieux encore, <b>des billets laiss\u00e9s sur place<\/b>. Ils sont parvenus \u00e0 p\u00e9n\u00e9trer dans les locaux, la nuit du 11 ao\u00fbt 2025, et <b>se sont m\u00eames aventur\u00e9s dans le faux plafond<\/b>. Muni d\u2019une cam\u00e9ra endoscopique, il a cherch\u00e9 \u00e0 voir ce qui se trouvait dans la salle du distributeur de billets automatique\u2026 avant que<b> l\u2019alarme ne retentisse, et n\u2019ameute la BRI, la police anti-gang<\/b>. R\u00e9cit.\u00a0<\/p>\n<p>\u00ab\u00a0J\u2019\u00e9tais un peu en panique quand j\u2019ai vu que c\u2019\u00e9tait la BRI, je ne savais pas que c\u2019\u00e9tait aussi grave\u00a0\u00bb<\/p>\n<p class=\" wall-content\">Au tribunal correctionnel de <a href=\"https:\/\/actu.fr\/hauts-de-france\/lille_59350\" target=\"_blank\" rel=\"noopener\">Lille<\/a>, le 6 octobre dernier, un pr\u00e9venu compara\u00eet libre, Nabil*, 33 ans, quand son complice, Sylvain*, \u00e2g\u00e9 de 37 ans, a \u00e9t\u00e9 lui plac\u00e9 en d\u00e9tention provisoire apr\u00e8s les faits. C\u2019est ce dernier qui a eu l\u2019id\u00e9e de p\u00e9n\u00e9trer en pleine nuit dans l\u2019agence de la Banque Populaire, rue de l\u2019\u00c9peule \u00e0 Roubaix. \u00ab\u00a0J\u2019ai eu une id\u00e9e b\u00eate, je savais que c\u2019\u00e9tait un b\u00e2timent en travaux\u00a0\u00bb, reconna\u00eet Sylvain.<b> Les lieux \u00e9taient inoccup\u00e9s depuis mars 2025<\/b>.\u00a0<\/p>\n<p class=\" wall-content\">Pour autant, les deux trentenaires avaient espoir d\u2019y trouver un butin, quel qu\u2019il soit. Ils se lancent ainsi dans leur folle entreprise, aux alentours de 3h du matin cette nuit d\u2019ao\u00fbt 2025. \u00ab\u00a0C\u2019est moi qui ai ouvert la porte avec un tournevis. Je voulais savoir s\u2019il y avait des choses \u00e0 voler, du mat\u00e9riel, de l\u2019argent\u2026\u00a0\u00bb Son ami Nabil est \u00e0 ses c\u00f4t\u00e9s. Lui dit au tribunal que \u00ab\u00a0\u00e7a s\u2019est fait sur un coup de t\u00eate\u00a0\u00bb.\u00a0<\/p>\n<p class=\" wall-content\">La pr\u00e9m\u00e9ditation ou non de ce cambriolage est au c\u0153ur des d\u00e9bats, ce 6 octobre. Les policiers qui les ont arr\u00eat\u00e9s sont persuad\u00e9s que les deux comparses avaient pour but de d\u00e9poser du mat\u00e9riel de surveillance, d\u2019o\u00f9 la cam\u00e9ra endoscopique, \u00ab\u00a0pour r\u00e9colter des donn\u00e9es et pr\u00e9parer un plus gros vol par la suite\u00a0\u00bb. Ce que r\u00e9futent les pr\u00e9venus.\u00a0<\/p>\n<p class=\" wall-content\">Retour sur la nuit du vol. Une fois \u00e0 l\u2019int\u00e9rieur de la banque, Nabil entreprend de \u00ab\u00a0d\u00e9couper une grille qui m\u00e8ne \u00e0 un faux plafond\u00a0\u00bb. Ils utilisent une \u00e9chelle qui se trouve sur place, et Sylvain grimpe ainsi dans cet espace tr\u00e8s \u00e9troit. Il veut acc\u00e9der jusqu\u2019\u00e0 la salle o\u00f9 se trouve le distributeur de billets. Depuis le faux plafond, il y a introduit la petite cam\u00e9ra pour voir ce qui s\u2019y passe. C\u2019est l\u00e0 que l\u2019alarme s\u2019enclenche, pr\u00e9venant une soci\u00e9t\u00e9 de s\u00e9curit\u00e9 et la police par la m\u00eame occasion. La vid\u00e9osurveillance est consult\u00e9e : on y voit la tige de la cam\u00e9ra endoscopique appara\u00eetre sur l\u2019\u00e9cran.<\/p>\n<p class=\" wall-content\">Le dispositif est impressionnant, puisque c\u2019est la brigade de recherche et d\u2019intervention (BRI), aussi connue sous le nom de brigade anti-gang, qui intervient. M\u00eame Sylvain, alors dissimul\u00e9 dans le faux plafond, est abasourdi :<\/p>\n<p>Votre r\u00e9gion, votre actu !<\/p>\n<p>Recevez chaque jour les infos qui comptent pour vous.<\/p>\n<p>\t<a href=\"https:\/\/actu.fr\/newsletter\" class=\"ac-btn ac-btn--corner ac-btn--medium ac-btn--blue800\" target=\"_blank\" rel=\"noopener\">S&rsquo;incrire<\/a><\/p>\n<blockquote class=\"ac-article-quote wall-content\">\n<p>J\u2019\u00e9tais un peu en panique quand j\u2019ai vu que c\u2019\u00e9tait la BRI. Je ne pensais pas que c\u2019\u00e9tait aussi grave.<\/p>\n<\/blockquote>\n<p>La police fait usage de gaz lacrymog\u00e8ne pour les faire sortir du faux plafond<\/p>\n<p class=\" wall-content\">Les policiers p\u00e9n\u00e8trent dans la banque, apr\u00e8s avoir vu les traces de pes\u00e9e sur la porte. Ils ne trouvent d\u2019abord personne, puisque Sylvain et Nabil, qui l\u2019a rejoint, sont dissimul\u00e9s dans le faux plafond. Mais ils font du bruit : les agents <b>usent alors de gaz lacrymog\u00e8ne<\/b> pour les faire descendre. Un bout du plafond c\u00e8de sous leur poids.<b> La Banque populaire leur r\u00e9clame d\u2019ailleurs plus de 2 500 \u20ac<\/b> pour ces dommages.<\/p>\n<p class=\" wall-content\">Les deux individus sont interpell\u00e9s. Ils n\u2019ont rien eu le temps de voler, puisqu\u2019ils n\u2019ont pas r\u00e9ussi \u00e0 avoir acc\u00e8s au distributeur de billets. Le d\u00e9tail de leurs casiers judiciaires est donn\u00e9 : 17 mentions pour Sylvain, principalement pour des vols avec violences et des vols aggrav\u00e9s. Celui de Nabil est moins lourd, avec des condamnations pour vol avec effraction et trafic de stup\u00e9fiants.<\/p>\n<p class=\" wall-content\">Sylvain n\u2019avait plus \u00e9t\u00e9 condamn\u00e9 depuis 2014, il explique avoir perdu pied quand il a \u00e9t\u00e9 licenci\u00e9 de son travail plus t\u00f4t en 2025. Le procureur requiert contre lui 20 mois de prison avec maintien en d\u00e9tention, et 15 mois de prison contre Nabil avec mandat de d\u00e9p\u00f4t \u00e0 d\u00e9lai diff\u00e9r\u00e9. Ils sont respectivement condamn\u00e9s \u00e0 <b>12 mois de prison avec maintien en d\u00e9tention<\/b>, et \u00e0 <b>8 mois de prison am\u00e9nag\u00e9s \u00e0 domicile <\/b>sous surveillance \u00e9lectronique.<\/p>\n<p class=\" wall-content\">*Les pr\u00e9noms ont \u00e9t\u00e9 chang\u00e9s<\/p>\n<p class=\" wall-content\">Personnalisez votre actualit\u00e9 en ajoutant vos villes et m\u00e9dias en favori avec <a href=\"https:\/\/moncompte.actu.fr\" title=\"D\u00e9couvez Mon Actu\" rel=\"nofollow noopener\" data-trk=\"{&quot;cta&quot;:{&quot;action&quot;:&quot;https:\\\/\\\/moncompte.actu.fr&quot;,&quot;category&quot;:&quot;mon compte&quot;,&quot;from&quot;:&quot;article footer&quot;,&quot;name&quot;:&quot;Mon actu&quot;,&quot;type&quot;:&quot;cta&quot;}}\" target=\"_blank\">Mon Actu<\/a>.<\/p>\n","protected":false},"excerpt":{"rendered":"Par Margot Nicod\u00e8me Publi\u00e9 le 13 oct. 2025 \u00e0 13h10 Le plan maniganc\u00e9 par deux amis de la&hellip;\n","protected":false},"author":2,"featured_media":461838,"comment_status":"","ping_status":"","sticky":false,"template":"","format":"standard","meta":{"footnotes":""},"categories":[2815],"tags":[1111,11,1777,674,118,1011,27,811,303,1307,12,1072,25],"class_list":{"0":"post-461837","1":"post","2":"type-post","3":"status-publish","4":"format-standard","5":"has-post-thumbnail","7":"category-lille","8":"tag-actu","9":"tag-actualites","10":"tag-eu","11":"tag-europe","12":"tag-faits-divers","13":"tag-fr","14":"tag-france","15":"tag-hauts-de-france","16":"tag-justice","17":"tag-lille","18":"tag-news","19":"tag-police","20":"tag-republique-francaise"},"share_on_mastodon":{"url":"https:\/\/pubeurope.com\/@fr\/115371399204582019","error":""},"_links":{"self":[{"href":"https:\/\/www.europesays.com\/fr\/wp-json\/wp\/v2\/posts\/461837","targetHints":{"allow":["GET"]}}],"collection":[{"href":"https:\/\/www.europesays.com\/fr\/wp-json\/wp\/v2\/posts"}],"about":[{"href":"https:\/\/www.europesays.com\/fr\/wp-json\/wp\/v2\/types\/post"}],"author":[{"embeddable":true,"href":"https:\/\/www.europesays.com\/fr\/wp-json\/wp\/v2\/users\/2"}],"replies":[{"embeddable":true,"href":"https:\/\/www.europesays.com\/fr\/wp-json\/wp\/v2\/comments?post=461837"}],"version-history":[{"count":0,"href":"https:\/\/www.europesays.com\/fr\/wp-json\/wp\/v2\/posts\/461837\/revisions"}],"wp:featuredmedia":[{"embeddable":true,"href":"https:\/\/www.europesays.com\/fr\/wp-json\/wp\/v2\/media\/461838"}],"wp:attachment":[{"href":"https:\/\/www.europesays.com\/fr\/wp-json\/wp\/v2\/media?parent=461837"}],"wp:term":[{"taxonomy":"category","embeddable":true,"href":"https:\/\/www.europesays.com\/fr\/wp-json\/wp\/v2\/categories?post=461837"},{"taxonomy":"post_tag","embeddable":true,"href":"https:\/\/www.europesays.com\/fr\/wp-json\/wp\/v2\/tags?post=461837"}],"curies":[{"name":"wp","href":"https:\/\/api.w.org\/{rel}","templated":true}]}}