{"id":461839,"date":"2025-10-14T07:43:44","date_gmt":"2025-10-14T07:43:44","guid":{"rendered":"https:\/\/www.europesays.com\/fr\/461839\/"},"modified":"2025-10-14T07:43:44","modified_gmt":"2025-10-14T07:43:44","slug":"alerte-casting-a-lille-et-dunkerque","status":"publish","type":"post","link":"https:\/\/www.europesays.com\/fr\/461839\/","title":{"rendered":"Alerte casting \u00e0 Lille et Dunkerque"},"content":{"rendered":"<p>Pour le nouveau film d\u2019Emmanuelle Bercot, adapt\u00e9 d\u2019un roman de Sorj Chalandon, on cherche un jeune homme \u00e2g\u00e9 de 15 \u00e0 19\u00a0ans. Le tournage est pr\u00e9vu en f\u00e9vrier en Bretagne mais l\u2019\u00e9quipe est actuellement\u00a0dans les Hauts-de-France pour rep\u00e9rer de futurs jeunes talents. Des journ\u00e9es de casting seront\u00a0organis\u00e9es \u00e0 Lille et Dunkerque en octobre.<\/p>\n<p><img decoding=\"async\" class=\"wp-image-1130112 lazyload\" alt=\"\" src=\"https:\/\/www.europesays.com\/fr\/wp-content\/uploads\/2025\/10\/630\"\/><br \/>\nLe casting passera par le Nord en octobre. Le tournage aura lieu en f\u00e9vrier\u00a02026 dans le Morbihan. \u00a9 Marko Milivojevic Pixnio<\/p>\n<p>1934. Cinquante-six jeunes s\u2019\u00e9vadent de la colonie p\u00e9nitentiaire de Belle-\u00cele-en-Mer. Parmi eux, Jules Bonneau, surnomm\u00e9\u00a0La Teigne, est le seul \u00e0 ne pas \u00eatre rattrap\u00e9. Cach\u00e9 sur l\u2019\u00eele, il devra affronter ses peurs et survivre face \u00e0 lui-m\u00eame.<\/p>\n<p>Le prochain long-m\u00e9trage d\u2019Emmanuelle Bercot (La T\u00eate haute, De son vivant), adapt\u00e9 du roman\u00a0L\u2019Enrag\u00e9 de\u00a0Sorj Chalandon, et produit par\u00a0Les Films du Worso\u00a0et\u00a0Path\u00e9, sera tourn\u00e9 en f\u00e9vrier\u00a02026 dans le Morbihan en Bretagne.<\/p>\n<p>L\u2019\u00e9quipe est \u00e0 la recherche du r\u00f4le principal\u00a0: un\u00a0jeune homme entre 15 et 19\u00a0ans, de type europ\u00e9en, vif, d\u00e9brouillard, avec un fort caract\u00e8re. Le casting est\u00a0ouvert \u00e0 tous les jeunes, avec ou sans exp\u00e9rience de th\u00e9\u00e2tre. Les profils\u00a0sportifs ou manuels (ex\u00a0: apprentis menuisiers, carrossiers, marins p\u00eacheurs\u2026) sont particuli\u00e8rement bienvenus.<\/p>\n<p>\u00ab\u00a0Nous recherchons avant tout des personnalit\u00e9s\u00a0!\u00a0\u00bb, explique Aline Dalbis, la directrice de casting pour le cin\u00e9ma sp\u00e9cialis\u00e9e dans le \u00ab\u00a0casting sauvage\u00a0\u00bb. Elle \u00e9tait notamment en charge du casting de \u00ab\u00a0L\u2019histoire de Souleymane\u00a0\u00bb dont l\u2019acteur, Abou Sangare, qui n\u2019avait jamais fait de cin\u00e9ma, a remport\u00e9 le C\u00e9sar de Meilleure r\u00e9v\u00e9lation masculine 2024 et le prix d\u2019interpr\u00e9tation.<\/p>\n<p>Aucune exp\u00e9rience de jeu n\u00e9cessaire\u00a0! R\u00e9mun\u00e9r\u00e9 (418\u20ac brut\/jour). Tournage en f\u00e9vrier\u00a02026.<\/p>\n<p>Pour vous inscrire, envoyez vos Pr\u00e9nom, nom, \u00e2ge, date de naissance, taille, ville r\u00e9sidence, t\u00e9l\u00e9phone, coordonn\u00e9es des parents pour les mineurs, photos r\u00e9centes (sans filtre) et une vid\u00e9o de pr\u00e9sentation (2 min max) \u00e0\u00a0: castinglacolonie@gmail.com<\/p>\n<p><strong>J. D. P.<\/strong><\/p>\n","protected":false},"excerpt":{"rendered":"Pour le nouveau film d\u2019Emmanuelle Bercot, adapt\u00e9 d\u2019un roman de Sorj Chalandon, on cherche un jeune homme \u00e2g\u00e9&hellip;\n","protected":false},"author":2,"featured_media":461840,"comment_status":"","ping_status":"","sticky":false,"template":"","format":"standard","meta":{"footnotes":""},"categories":[2815],"tags":[1111,11,1777,674,2081,1011,27,811,1307,12,25],"class_list":{"0":"post-461839","1":"post","2":"type-post","3":"status-publish","4":"format-standard","5":"has-post-thumbnail","7":"category-lille","8":"tag-actu","9":"tag-actualites","10":"tag-eu","11":"tag-europe","12":"tag-film","13":"tag-fr","14":"tag-france","15":"tag-hauts-de-france","16":"tag-lille","17":"tag-news","18":"tag-republique-francaise"},"share_on_mastodon":{"url":"https:\/\/pubeurope.com\/@fr\/115371403806358119","error":""},"_links":{"self":[{"href":"https:\/\/www.europesays.com\/fr\/wp-json\/wp\/v2\/posts\/461839","targetHints":{"allow":["GET"]}}],"collection":[{"href":"https:\/\/www.europesays.com\/fr\/wp-json\/wp\/v2\/posts"}],"about":[{"href":"https:\/\/www.europesays.com\/fr\/wp-json\/wp\/v2\/types\/post"}],"author":[{"embeddable":true,"href":"https:\/\/www.europesays.com\/fr\/wp-json\/wp\/v2\/users\/2"}],"replies":[{"embeddable":true,"href":"https:\/\/www.europesays.com\/fr\/wp-json\/wp\/v2\/comments?post=461839"}],"version-history":[{"count":0,"href":"https:\/\/www.europesays.com\/fr\/wp-json\/wp\/v2\/posts\/461839\/revisions"}],"wp:featuredmedia":[{"embeddable":true,"href":"https:\/\/www.europesays.com\/fr\/wp-json\/wp\/v2\/media\/461840"}],"wp:attachment":[{"href":"https:\/\/www.europesays.com\/fr\/wp-json\/wp\/v2\/media?parent=461839"}],"wp:term":[{"taxonomy":"category","embeddable":true,"href":"https:\/\/www.europesays.com\/fr\/wp-json\/wp\/v2\/categories?post=461839"},{"taxonomy":"post_tag","embeddable":true,"href":"https:\/\/www.europesays.com\/fr\/wp-json\/wp\/v2\/tags?post=461839"}],"curies":[{"name":"wp","href":"https:\/\/api.w.org\/{rel}","templated":true}]}}