{"id":461843,"date":"2025-10-14T07:45:16","date_gmt":"2025-10-14T07:45:16","guid":{"rendered":"https:\/\/www.europesays.com\/fr\/461843\/"},"modified":"2025-10-14T07:45:16","modified_gmt":"2025-10-14T07:45:16","slug":"quartiers-nord-reouverture-lieu-culturel-singulier-marseille-gare-franche","status":"publish","type":"post","link":"https:\/\/www.europesays.com\/fr\/461843\/","title":{"rendered":"Quartiers Nord, r\u00e9ouverture lieu culturel singulier Marseille &#8211; Gare Franche"},"content":{"rendered":"<p>                    <img loading=\"lazy\" decoding=\"async\" src=\"https:\/\/www.europesays.com\/fr\/wp-content\/uploads\/2025\/10\/774b88029d13a1baa68b9da58da6d2.png\" class=\"img-responsive post-image\" width=\"680\" height=\"510\" alt=\"Quartiers Nord, r\u00e9ouvertu\" title=\"Quartiers Nord, r\u00e9ouverture lieu culturel singulier Marseille - Gare Franche\"\/><\/p>\n<p class=\"chapo\">Apr\u00e8s deux ans et demi de travaux, LE ZEF, sc\u00e8ne nationale de Marseille, a rouvert les portes de son site Gare Franche (15\u00e8me arrondissement), il y a quelques jours, \u00e0 l\u2019occasion d\u2019une soir\u00e9e d\u2019inauguration festive.<\/p>\n<p>\u00c0 la fois lieu de r\u00e9sidence et de fabrique artistique, d\u2019ateliers cuisine et jardins, d\u2019\u00e9changes et de convivialit\u00e9, l\u2019espace Gare Franche s\u2019affirme plus que jamais comme un espace ouvert sur son quartier, le Plan d\u2019Aou, sur ses habitants et sur les compagnies.<\/p>\n<p>Cette r\u00e9habilitation marque une nouvelle \u00e9tape dans la vie de la sc\u00e8ne nationale de Marseille, qui retrouve d\u00e9sormais l\u2019usage de ses deux sites\u00a0: LE ZEF \u2013 Merlan et LE ZEF \u2013 Gare Franche.<br class=\"texte\"\/><br \/>\nAvec ces nouveaux espaces, LE ZEF confirme sa vocation\u00a0: \u00eatre \u00e0 la fois un lieu de cr\u00e9ation et de fabrique artistique, mais surtout un lieu de partage, au croisement des artistes, des habitants et des partenaires du territoire.<\/p>\n","protected":false},"excerpt":{"rendered":"Apr\u00e8s deux ans et demi de travaux, LE ZEF, sc\u00e8ne nationale de Marseille, a rouvert les portes de&hellip;\n","protected":false},"author":2,"featured_media":461844,"comment_status":"","ping_status":"","sticky":false,"template":"","format":"standard","meta":{"footnotes":""},"categories":[2814],"tags":[1111,11,2408,1777,674,1011,27,884,12,882,25],"class_list":{"0":"post-461843","1":"post","2":"type-post","3":"status-publish","4":"format-standard","5":"has-post-thumbnail","7":"category-marseille","8":"tag-actu","9":"tag-actualites","10":"tag-appels-d","11":"tag-eu","12":"tag-europe","13":"tag-fr","14":"tag-france","15":"tag-marseille","16":"tag-news","17":"tag-provence-alpes-cote-dazur","18":"tag-republique-francaise"},"share_on_mastodon":{"url":"https:\/\/pubeurope.com\/@fr\/115371411400035201","error":""},"_links":{"self":[{"href":"https:\/\/www.europesays.com\/fr\/wp-json\/wp\/v2\/posts\/461843","targetHints":{"allow":["GET"]}}],"collection":[{"href":"https:\/\/www.europesays.com\/fr\/wp-json\/wp\/v2\/posts"}],"about":[{"href":"https:\/\/www.europesays.com\/fr\/wp-json\/wp\/v2\/types\/post"}],"author":[{"embeddable":true,"href":"https:\/\/www.europesays.com\/fr\/wp-json\/wp\/v2\/users\/2"}],"replies":[{"embeddable":true,"href":"https:\/\/www.europesays.com\/fr\/wp-json\/wp\/v2\/comments?post=461843"}],"version-history":[{"count":0,"href":"https:\/\/www.europesays.com\/fr\/wp-json\/wp\/v2\/posts\/461843\/revisions"}],"wp:featuredmedia":[{"embeddable":true,"href":"https:\/\/www.europesays.com\/fr\/wp-json\/wp\/v2\/media\/461844"}],"wp:attachment":[{"href":"https:\/\/www.europesays.com\/fr\/wp-json\/wp\/v2\/media?parent=461843"}],"wp:term":[{"taxonomy":"category","embeddable":true,"href":"https:\/\/www.europesays.com\/fr\/wp-json\/wp\/v2\/categories?post=461843"},{"taxonomy":"post_tag","embeddable":true,"href":"https:\/\/www.europesays.com\/fr\/wp-json\/wp\/v2\/tags?post=461843"}],"curies":[{"name":"wp","href":"https:\/\/api.w.org\/{rel}","templated":true}]}}