{"id":461847,"date":"2025-10-14T07:47:09","date_gmt":"2025-10-14T07:47:09","guid":{"rendered":"https:\/\/www.europesays.com\/fr\/461847\/"},"modified":"2025-10-14T07:47:09","modified_gmt":"2025-10-14T07:47:09","slug":"nouveau-rebondissement-la-piste-terroriste-envisagee","status":"publish","type":"post","link":"https:\/\/www.europesays.com\/fr\/461847\/","title":{"rendered":"nouveau rebondissement, la piste terroriste envisag\u00e9e"},"content":{"rendered":"<p>            Par<br \/>\n        <strong><br \/>\n            <a href=\"https:\/\/actu.fr\/auteur\/julien-damboise\" title=\"Consulter tous les articles de Julien Damboise\" target=\"_blank\" rel=\"noopener\">Julien Damboise<\/a><br \/>\n        <\/strong><\/p>\n<p>        Publi\u00e9 le<\/p>\n<p>            14 oct. 2025 \u00e0 9h37        <\/p>\n<p>Dix jours apr\u00e8s <a href=\"https:\/\/actu.fr\/auvergne-rhone-alpes\/lyon_69123\/lyon-meurtre-d-ashur-sarnaya-la-police-retrouve-un-suspect-en-italie-ce-que-l-on-sait_63250645.html\" target=\"_blank\" rel=\"noopener\">l\u2019interpellation du meurtrier pr\u00e9sum\u00e9<\/a> d\u2019Ashur Sarnaya, tu\u00e9 \u00e0 l\u2019arme blanche le soir du 10 septembre au pied de son immeuble \u00e0 <a href=\"https:\/\/actu.fr\/lyon\/\" target=\"_blank\" rel=\"noopener\">Lyon<\/a>, l\u2019enqu\u00eate connait un nouveau tournant depuis ce lundi. Les investigations ont \u00e9t\u00e9 confi\u00e9es au <strong>p\u00f4le antiterroriste<\/strong>.<\/p>\n<p>Le p\u00f4le antiterroriste saisi<\/p>\n<p class=\" wall-content\">Dix jours apr\u00e8s l\u2019arrestation d\u2019un Alg\u00e9rien \u00e2g\u00e9 de 28 ans en Italie dans le cadre de cette enqu\u00eate, les recherches sont d\u00e9sormais entre les mains du <strong>p\u00f4le antiterroriste du tribunal judiciaire de Paris<\/strong>, apr\u00e8s le dessaisissement du parquet de Lyon, a appris actu Lyon.<\/p>\n<p class=\" wall-content\">\u00ab\u00a0Au regard des derni\u00e8res avanc\u00e9es de l\u2019enqu\u00eate intervenues\u00a0\u00bb, l\u2019information judiciaire a \u00e9t\u00e9 \u00e9tendue le 9 octobre aux infractions d&rsquo;\u00a0\u00bbassassinat en relation avec une entreprise terroriste\u00a0\u00bb et \u00ab\u00a0association de malfaiteurs terroriste criminelle\u00a0\u00bb, indiquent le procureur de Lyon Thierry Dran et le procureur antiterroriste Olivier Christen dans un communiqu\u00e9 commun.<\/p>\n<p class=\" wall-content\">Le parquet national antiterroriste (PNAT) avait jusqu\u2019alors fait savoir qu\u2019il \u00e9tait \u00ab\u00a0en observation\u00a0\u00bb sur ce dossier. Toutefois, aucune information n\u2019a encore filtr\u00e9 pour d\u00e9terminer <strong>les raisons de ce changement<\/strong> d\u2019envergure dans les investigations.<\/p>\n<p class=\" wall-content\">C\u2019est le troisi\u00e8me <a href=\"https:\/\/actu.fr\/tag\/meurtre\" target=\"_blank\" rel=\"noopener\">meurtre<\/a> dont se saisit la justice antiterroriste depuis le d\u00e9but de l\u2019ann\u00e9e, apr\u00e8s l\u2019attaque au couteau jihadiste de Mulhouse (Haut-Rhin) en f\u00e9vrier dans laquelle est mort Lino Sousa Loureiro, un Portugais de 69 ans, puis l\u2019assassinat fin mai \u00e0 Puget-sur-Argens d\u2019Hichem Miraoui, un quadrag\u00e9naire tunisien.<\/p>\n<p>Un suspect toujours en Italie\u00a0<\/p>\n<p>D&rsquo;apr\u00e8s l&rsquo;AFP, l&rsquo;Alg\u00e9rien \u00e2g\u00e9 de 28 ans soup\u00e7onn\u00e9 d\u2019\u00eatre l&rsquo;auteur du meurtre du citoyen Irakien est toujours en Italie actuellement. Son interpellation avait \u00e9t\u00e9 r\u00e9alis\u00e9e jeudi 2 octobre pr\u00e8s de la ville de Bari, chef-lieu des Pouilles dans le sud de l\u2019Italie, apr\u00e8s la diffusion d\u2019un mandat d\u2019arr\u00eat europ\u00e9en.<\/p>\n<p>Un live consacr\u00e9 \u00e0 la religion chr\u00e9tienne<\/p>\n<p class=\" wall-content\">Pour rappel, la victime avait \u00e9t\u00e9 <strong>frapp\u00e9e au cou \u00e0 l\u2019arme blanche<\/strong> le soir du 10 septembre au pied de son immeuble \u00e0 Lyon par un homme qui l\u2019attendait et qui avait pris la fuite \u00e0 pied.<\/p>\n<p>Votre r\u00e9gion, votre actu !<\/p>\n<p>Recevez chaque jour les infos qui comptent pour vous.<\/p>\n<p>\t<a href=\"https:\/\/actu.fr\/newsletter\" class=\"ac-btn ac-btn--corner ac-btn--medium ac-btn--blue800\" target=\"_blank\" rel=\"noopener\">S&rsquo;incrire<\/a><\/p>\n<p class=\" wall-content\">Au moment de l\u2019attaque, cet homme en situation de handicap \u00e9tait en train de faire un live vid\u00e9o <strong>consacr\u00e9 \u00e0 la religion chr\u00e9tienne<\/strong>, comme il en avait l\u2019habitude. Les pompiers n\u2019avaient pas pu le ranimer.<\/p>\n<p class=\" wall-content\">La victime vivait avec sa s\u0153ur depuis au moins dix ans \u00e0 Lyon. Sur ses comptes en ligne, cet homme s\u2019exprimait en arabe et postait des vid\u00e9os souvent consacr\u00e9es \u00e0 la religion chr\u00e9tienne.<\/p>\n<p class=\" wall-content\">Sur l\u2019une d\u2019elles, visible sur TikTok, le quadrag\u00e9naire affirmait que ses contenus \u00e9taient r\u00e9guli\u00e8rement bloqu\u00e9s et ses comptes suspendus en raison, selon lui, de <strong>signalements<\/strong> faits par des utilisateurs musulmans.<\/p>\n<p class=\" wall-content\"><strong>Avec AFP<\/strong><\/p>\n<p class=\" wall-content\">Personnalisez votre actualit\u00e9 en ajoutant vos villes et m\u00e9dias en favori avec <a href=\"https:\/\/moncompte.actu.fr\" title=\"D\u00e9couvez Mon Actu\" rel=\"nofollow noopener\" data-trk=\"{&quot;cta&quot;:{&quot;action&quot;:&quot;https:\\\/\\\/moncompte.actu.fr&quot;,&quot;category&quot;:&quot;mon compte&quot;,&quot;from&quot;:&quot;article footer&quot;,&quot;name&quot;:&quot;Mon actu&quot;,&quot;type&quot;:&quot;cta&quot;}}\" target=\"_blank\">Mon Actu<\/a>.<\/p>\n","protected":false},"excerpt":{"rendered":"Par Julien Damboise Publi\u00e9 le 14 oct. 2025 \u00e0 9h37 Dix jours apr\u00e8s l\u2019interpellation du meurtrier pr\u00e9sum\u00e9 d\u2019Ashur&hellip;\n","protected":false},"author":2,"featured_media":461848,"comment_status":"","ping_status":"","sticky":false,"template":"","format":"standard","meta":{"footnotes":""},"categories":[1889],"tags":[1111,11,2430,1777,674,118,1011,27,2428,777,12,4020,25,1254],"class_list":{"0":"post-461847","1":"post","2":"type-post","3":"status-publish","4":"format-standard","5":"has-post-thumbnail","7":"category-lyon","8":"tag-actu","9":"tag-actualites","10":"tag-auvergne-rhone-alpes","11":"tag-eu","12":"tag-europe","13":"tag-faits-divers","14":"tag-fr","15":"tag-france","16":"tag-lyon","17":"tag-meurtre","18":"tag-news","19":"tag-religion","20":"tag-republique-francaise","21":"tag-terrorisme"},"share_on_mastodon":{"url":"https:\/\/pubeurope.com\/@fr\/115371418794263740","error":""},"_links":{"self":[{"href":"https:\/\/www.europesays.com\/fr\/wp-json\/wp\/v2\/posts\/461847","targetHints":{"allow":["GET"]}}],"collection":[{"href":"https:\/\/www.europesays.com\/fr\/wp-json\/wp\/v2\/posts"}],"about":[{"href":"https:\/\/www.europesays.com\/fr\/wp-json\/wp\/v2\/types\/post"}],"author":[{"embeddable":true,"href":"https:\/\/www.europesays.com\/fr\/wp-json\/wp\/v2\/users\/2"}],"replies":[{"embeddable":true,"href":"https:\/\/www.europesays.com\/fr\/wp-json\/wp\/v2\/comments?post=461847"}],"version-history":[{"count":0,"href":"https:\/\/www.europesays.com\/fr\/wp-json\/wp\/v2\/posts\/461847\/revisions"}],"wp:featuredmedia":[{"embeddable":true,"href":"https:\/\/www.europesays.com\/fr\/wp-json\/wp\/v2\/media\/461848"}],"wp:attachment":[{"href":"https:\/\/www.europesays.com\/fr\/wp-json\/wp\/v2\/media?parent=461847"}],"wp:term":[{"taxonomy":"category","embeddable":true,"href":"https:\/\/www.europesays.com\/fr\/wp-json\/wp\/v2\/categories?post=461847"},{"taxonomy":"post_tag","embeddable":true,"href":"https:\/\/www.europesays.com\/fr\/wp-json\/wp\/v2\/tags?post=461847"}],"curies":[{"name":"wp","href":"https:\/\/api.w.org\/{rel}","templated":true}]}}