{"id":461849,"date":"2025-10-14T07:49:14","date_gmt":"2025-10-14T07:49:14","guid":{"rendered":"https:\/\/www.europesays.com\/fr\/461849\/"},"modified":"2025-10-14T07:49:14","modified_gmt":"2025-10-14T07:49:14","slug":"un-francilien-sur-dix-est-mal-loge-selon-la-fondation-pour-le-logement","status":"publish","type":"post","link":"https:\/\/www.europesays.com\/fr\/461849\/","title":{"rendered":"Un Francilien sur dix est mal log\u00e9, selon la Fondation pour le logement"},"content":{"rendered":"<p>En \u00cele-de-France, 1,3 million de personnes sont en situation de mal-logement, soit 10% de la population de la r\u00e9gion. C&rsquo;est ce qui ressort d&rsquo;un rapport de la Fondation pour le logement des d\u00e9favoris\u00e9s publi\u00e9 lundi. <\/p>\n<p>C&rsquo;est un \u00ab\u00a0tableau noir\u00a0\u00bb que dresse le directeur r\u00e9gional pour l&rsquo;\u00cele-de-France de la Fondation pour le logement des d\u00e9favoris\u00e9s, Eric Constantin. Dans le rapport qu&rsquo;il publie ce lundi, il voit \u00ab\u00a0une aggravation du nombre de m\u00e9nages en surpeuplement accentu\u00e9 et du nombre de personnes sans domicile personnel\u00a0\u00bb. Au total, \u00e0 l&rsquo;\u00e9chelle r\u00e9gionale, 1,3 million de personnes en situation de mal-logement.<\/p>\n<p>Parmi elles, pr\u00e8s de la moiti\u00e9, 634.000 vivent dans un logement qui manque d&rsquo;au moins deux pi\u00e8ces par rapport \u00e0 une occupation normale. Ce chiffre a progress\u00e9 de 8% entre 2013 et 2020, date de la derni\u00e8re enqu\u00eate nationale logement de l&rsquo;Insee. <strong>1,2 million de personnes sont en situation de surpeuplement mod\u00e9r\u00e9<\/strong>. Presque 30% des locataires sont concern\u00e9s par la sur-occupation.<\/p>\n<p>Un ph\u00e9nom\u00e8ne francilien<\/p>\n<p>Parmi les 288.000 personnes sans logement personnel, la moiti\u00e9 se retrouvent <strong>contraintes d&rsquo;\u00eatre h\u00e9berg\u00e9es chez un tiers<\/strong>. \u00ab\u00a0Le ph\u00e9nom\u00e8ne est tr\u00e8s francilien\u00a0\u00bb selon Eric Constantin qui note \u00ab\u00a0les difficult\u00e9s d&rsquo;acc\u00e8s pour les jeunes \u00e0 un logement autonome, ils quittent le domicile familial deux ans plus tard qu&rsquo;ailleurs en France\u00a0\u00bb.<\/p>\n<p>Les loyers franciliens ont augment\u00e9 1,6 fois plus vite entre 2002 et 2022 que les revenus des m\u00e9nages, qui consacrent 34% de leurs revenus au logement.<\/p>\n","protected":false},"excerpt":{"rendered":"En \u00cele-de-France, 1,3 million de personnes sont en situation de mal-logement, soit 10% de la population de la&hellip;\n","protected":false},"author":2,"featured_media":461850,"comment_status":"","ping_status":"","sticky":false,"template":"","format":"standard","meta":{"footnotes":""},"categories":[1592],"tags":[1111,11,1777,674,1011,27,662,12,626,25],"class_list":{"0":"post-461849","1":"post","2":"type-post","3":"status-publish","4":"format-standard","5":"has-post-thumbnail","7":"category-ile-de-france","8":"tag-actu","9":"tag-actualites","10":"tag-eu","11":"tag-europe","12":"tag-fr","13":"tag-france","14":"tag-ile-de-france","15":"tag-news","16":"tag-paris","17":"tag-republique-francaise"},"share_on_mastodon":{"url":"https:\/\/pubeurope.com\/@fr\/115371426701470847","error":""},"_links":{"self":[{"href":"https:\/\/www.europesays.com\/fr\/wp-json\/wp\/v2\/posts\/461849","targetHints":{"allow":["GET"]}}],"collection":[{"href":"https:\/\/www.europesays.com\/fr\/wp-json\/wp\/v2\/posts"}],"about":[{"href":"https:\/\/www.europesays.com\/fr\/wp-json\/wp\/v2\/types\/post"}],"author":[{"embeddable":true,"href":"https:\/\/www.europesays.com\/fr\/wp-json\/wp\/v2\/users\/2"}],"replies":[{"embeddable":true,"href":"https:\/\/www.europesays.com\/fr\/wp-json\/wp\/v2\/comments?post=461849"}],"version-history":[{"count":0,"href":"https:\/\/www.europesays.com\/fr\/wp-json\/wp\/v2\/posts\/461849\/revisions"}],"wp:featuredmedia":[{"embeddable":true,"href":"https:\/\/www.europesays.com\/fr\/wp-json\/wp\/v2\/media\/461850"}],"wp:attachment":[{"href":"https:\/\/www.europesays.com\/fr\/wp-json\/wp\/v2\/media?parent=461849"}],"wp:term":[{"taxonomy":"category","embeddable":true,"href":"https:\/\/www.europesays.com\/fr\/wp-json\/wp\/v2\/categories?post=461849"},{"taxonomy":"post_tag","embeddable":true,"href":"https:\/\/www.europesays.com\/fr\/wp-json\/wp\/v2\/tags?post=461849"}],"curies":[{"name":"wp","href":"https:\/\/api.w.org\/{rel}","templated":true}]}}