{"id":461851,"date":"2025-10-14T07:50:17","date_gmt":"2025-10-14T07:50:17","guid":{"rendered":"https:\/\/www.europesays.com\/fr\/461851\/"},"modified":"2025-10-14T07:50:17","modified_gmt":"2025-10-14T07:50:17","slug":"la-pilule-promet-detre-amere-pour-letat-mais-aussi-pour-la-securite-sociale","status":"publish","type":"post","link":"https:\/\/www.europesays.com\/fr\/461851\/","title":{"rendered":"la pilule promet d&rsquo;\u00eatre am\u00e8re pour l&rsquo;\u00c9tat mais aussi pour la S\u00e9curit\u00e9 sociale"},"content":{"rendered":"<p class=\"c-chapo \">\n  Mardi apr\u00e8s-midi, le gouvernement va pr\u00e9senter en Conseil des ministres son projet de budget pour l&rsquo;\u00c9tat, mais aussi pour la S\u00e9curit\u00e9 sociale. L\u00e0 aussi, un important tour de vis est pr\u00e9vu.\n<\/p>\n<p>      lire plus tard<\/p>\n<p id=\"dialog__title\" class=\"dialog__title\">Pour sauvegarder cet article, connectez-vous ou cr\u00e9ez un compte franceinfo<\/p>\n<p class=\"dialog__description\">Sans paiement. Sans abonnement.<\/p>\n<p>        Fermer la fen\u00eatre d\u2019activation des notifications France Info<\/p>\n<p>      cr\u00e9er votre compte<\/p>\n<p>      se connecter<\/p>\n<p>        Fermer la fen\u00eatre de pr\u00e9sentation<\/p>\n<p>    <img loading=\"lazy\" decoding=\"async\" class=\"signature__image lazyload\" width=\"100\" height=\"100\" data- alt=\"\" src=\"https:\/\/www.europesays.com\/fr\/wp-content\/uploads\/2025\/10\/fanny-guinochet-65e60267ebb86457775765.png\"\/><\/p>\n<p>    Publi\u00e9 le 14\/10\/2025 08:42<\/p>\n<p>        Temps de lecture : 2min<\/p>\n<p>    <img decoding=\"async\"  alt=\"La nouvelle ministre de la Sant\u00e9 St\u00e9phanie Rist, le 13 octobre 2025. (ALEXIS SCIARD \/ MAXPPP)\" width=\"432\" height=\"243\" src=\"https:\/\/www.europesays.com\/fr\/wp-content\/uploads\/2025\/10\/maxnewsfrsix111333-68edec1fc6608479867195.jpg\" fetchpriority=\"high\"\/><\/p>\n<p>      La nouvelle ministre de la Sant\u00e9 St\u00e9phanie Rist, le 13 octobre 2025. (ALEXIS SCIARD \/ MAXPPP)<\/p>\n<p>Pour le budget de l&rsquo;\u00c9tat mais aussi de la S\u00e9curit\u00e9 sociale, la pilule promet d&rsquo;\u00eatre am\u00e8re, alors que S\u00e9bastien Lecornu s&rsquo;appr\u00eate \u00e0 faire <a href=\"https:\/\/www.franceinfo.fr\/politique\/gouvernement-de-sebastien-lecornu\/direct-gouvernement-lecornu-ii-le-conseil-des-ministres-se-reunit-ce-matin-avant-la-tres-attendue-declaration-de-politique-generale-de-sebastien-lecornu_7551463.html\" rel=\"nofollow noopener\" target=\"_blank\">sa d\u00e9claration de politique g\u00e9n\u00e9rale<\/a> devant l&rsquo;Assembl\u00e9e, mardi 14\u00a0octobre. Pour tenir la trajectoire budg\u00e9taire globale, il faut r\u00e9duire le train de vie de l&rsquo;\u00c9tat, des collectivit\u00e9s mais aussi de la S\u00e9curit\u00e9 sociale, alors que les comptes sociaux d\u00e9rapent.<\/p>\n<p>\u00c0 la fin 2025, le d\u00e9ficit de la S\u00e9curit\u00e9 sociale tournera autour de 23\u00a0milliards d&rsquo;euros, c&rsquo;est deux fois plus qu&rsquo;il y a deux ans seulement. Et selon le gouvernement, <a href=\"http:\/\/www.franceinfo.fr\/economie\/deficit\/sans-mesures-le-deficit-de-la-securite-sociale-depassera-3-points-de-pib-en-2040_7509481.html#:~:text=Le%20d%C3%A9ficit%20de%20la%20S%C3%A9curit%C3%A9%20sociale%20a%20atteint%20en%202024,%2C3%20milliards%20d&#039;euros.\" rel=\"nofollow noopener\" target=\"_blank\">si on ne fait rien<\/a>, en 2026, ce d\u00e9ficit s&rsquo;approchera des 30\u00a0milliards d&rsquo;euros. En cause\u00a0: l&rsquo;inflation, mais aussi le vieillissement de la population, les retrait\u00e9s de plus en plus nombreux, les niveaux de pensions sup\u00e9rieures, car ils ont eu de meilleures carri\u00e8res que leurs pr\u00e9d\u00e9cesseurs, plus de maladies chroniques etc.<\/p>\n<p> Pour 2026, l&rsquo;objectif du gouvernement est ambitieux\u00a0: ramener le d\u00e9ficit global de la s\u00e9curit\u00e9 sociale, \u00e0 17 ou 18\u00a0milliards d&rsquo;euros. Cela signifie qu&rsquo;il faut faire plus de 10 milliards d&rsquo;euros d&rsquo;\u00e9conomie sur les postes de retraites et de maladie.<\/p>\n<p>Dans le texte qui sera pr\u00e9sent\u00e9, mardi 14 octobre, il y a les mesures habituelles\u00a0: demander aux h\u00f4pitaux de mutualiser leurs achats, limiter les prescriptions, r\u00e9duire les remboursements de transports sanitaires. Mais il s&rsquo;y trouve aussi des dispositions tr\u00e8s irritantes, comme le doublement des franchises sur les m\u00e9dicaments et les consultations. Le gouvernement promet aussi de renforcer la lutte contre la fraude, avec des contr\u00f4les plus importants par exemple <a href=\"https:\/\/www.franceinfo.fr\/sante\/maladie\/la-cnam-met-fin-au-deploiement-de-son-logiciel-arpege-apres-de-nombreuses-defaillances-dans-le-traitement-des-indemnites-des-arrets-de-travail_7542640.html\" rel=\"nofollow noopener\" target=\"_blank\">sur les arr\u00eats maladies<\/a>.<\/p>\n<p>Sur la partie retraite, ce texte ne pr\u00e9voit pas de suspension de la r\u00e9forme puisque ce document a \u00e9t\u00e9\u00a0 envoy\u00e9 il y a une dizaine de jours au Haut conseil des finances publiques et au conseil d&rsquo;\u00c9tat, par S\u00e9bastien Lecornu. C&rsquo;\u00e9tait donc bien avant tous les d\u00e9bats sur le sujet. <\/p>\n<p>Mais il comporte des points d\u00e9licats, comme le gel des prestations au titre de l&rsquo;ann\u00e9e \u00ab\u00a0blanche\u00a0\u00bb. Ce gel concerne les pensions de retraite, y compris le minimum vieillesse, mais aussi les allocations familiales et autres prestations sociales. Elles ne seront donc pas revaloris\u00e9es sur l&rsquo;inflation d&rsquo;apr\u00e8s ce plan, sachant que ce document a vocation \u00e0 bouger. De m\u00eame pour le projet de budget, il promet d&rsquo;\u00eatre largement amend\u00e9 par les parlementaires. On parle d&rsquo;un texte \u00ab\u00a0martyr\u00a0\u00bb pour le budget, ce sera pareil concernant celui de la S\u00e9curit\u00e9 sociale.<\/p>\n","protected":false},"excerpt":{"rendered":"Mardi apr\u00e8s-midi, le gouvernement va pr\u00e9senter en Conseil des ministres son projet de budget pour l&rsquo;\u00c9tat, mais aussi&hellip;\n","protected":false},"author":2,"featured_media":461852,"comment_status":"","ping_status":"","sticky":false,"template":"","format":"standard","meta":{"footnotes":""},"categories":[1888],"tags":[1111,1928,11,1927,1777,674,1011,27,12,1926,626,1925,25],"class_list":{"0":"post-461851","1":"post","2":"type-post","3":"status-publish","4":"format-standard","5":"has-post-thumbnail","7":"category-paris","8":"tag-actu","9":"tag-actu-paris","10":"tag-actualites","11":"tag-actualites-paris","12":"tag-eu","13":"tag-europe","14":"tag-fr","15":"tag-france","16":"tag-news","17":"tag-news-paris","18":"tag-paris","19":"tag-paris-news","20":"tag-republique-francaise"},"share_on_mastodon":{"url":"https:\/\/pubeurope.com\/@fr\/115371431086601306","error":""},"_links":{"self":[{"href":"https:\/\/www.europesays.com\/fr\/wp-json\/wp\/v2\/posts\/461851","targetHints":{"allow":["GET"]}}],"collection":[{"href":"https:\/\/www.europesays.com\/fr\/wp-json\/wp\/v2\/posts"}],"about":[{"href":"https:\/\/www.europesays.com\/fr\/wp-json\/wp\/v2\/types\/post"}],"author":[{"embeddable":true,"href":"https:\/\/www.europesays.com\/fr\/wp-json\/wp\/v2\/users\/2"}],"replies":[{"embeddable":true,"href":"https:\/\/www.europesays.com\/fr\/wp-json\/wp\/v2\/comments?post=461851"}],"version-history":[{"count":0,"href":"https:\/\/www.europesays.com\/fr\/wp-json\/wp\/v2\/posts\/461851\/revisions"}],"wp:featuredmedia":[{"embeddable":true,"href":"https:\/\/www.europesays.com\/fr\/wp-json\/wp\/v2\/media\/461852"}],"wp:attachment":[{"href":"https:\/\/www.europesays.com\/fr\/wp-json\/wp\/v2\/media?parent=461851"}],"wp:term":[{"taxonomy":"category","embeddable":true,"href":"https:\/\/www.europesays.com\/fr\/wp-json\/wp\/v2\/categories?post=461851"},{"taxonomy":"post_tag","embeddable":true,"href":"https:\/\/www.europesays.com\/fr\/wp-json\/wp\/v2\/tags?post=461851"}],"curies":[{"name":"wp","href":"https:\/\/api.w.org\/{rel}","templated":true}]}}