{"id":461855,"date":"2025-10-14T07:52:18","date_gmt":"2025-10-14T07:52:18","guid":{"rendered":"https:\/\/www.europesays.com\/fr\/461855\/"},"modified":"2025-10-14T07:52:18","modified_gmt":"2025-10-14T07:52:18","slug":"nemo-a-ete-devore-en-pleine-rue-une-plainte-deposee-apres-lattaque-dun-chien-a-paris","status":"publish","type":"post","link":"https:\/\/www.europesays.com\/fr\/461855\/","title":{"rendered":"\u00ab\u00a0N\u00e9mo a \u00e9t\u00e9 d\u00e9vor\u00e9 en pleine rue\u00a0\u00bb\u00a0: une plainte d\u00e9pos\u00e9e apr\u00e8s l\u2019attaque d\u2019un chien \u00e0 Paris"},"content":{"rendered":"<p class=\"paragraph text_align_left lp-f-body-02\">\u00ab C\u2019est encore tr\u00e8s difficile d\u2019en parler \u00bb, confie Jane, traumatis\u00e9e par la sc\u00e8ne qui s\u2019est d\u00e9roul\u00e9e devant ses yeux. Dix jours apr\u00e8s l\u2019<a href=\"https:\/\/www.leparisien.fr\/yvelines-78\/yvelines-une-femme-de-55-ans-legerement-blessee-attaquee-par-trois-american-staff-en-plein-footing-05-10-2025-75SYXHDJJFE43EAGV4F4HVTO7E.php\" target=\"_blank\" rel=\"noreferrer nofollow noopener\">attaque<\/a> mortelle de son chien N\u00e9mo, cette Parisienne du <a href=\"https:\/\/www.leparisien.fr\/paris-75\/paris-75020\/\" target=\"_blank\" rel=\"noreferrer nofollow noopener\">XXe arrondissement<\/a> peine \u00e0 \u00e9voquer le drame.<\/p>\n<p class=\"paragraph text_align_left lp-f-body-02\">Le mardi 30 septembre, vers 18 heures, Jane effectue comme \u00e0 son habitude sa promenade avec N\u00e9mo, son spitz noir, animal de compagnie de la famille depuis 2020. \u00ab J\u2019avais en t\u00eate de rejoindre le parc des Buttes Chaumont \u00bb, se rem\u00e9more-t-elle. Mais au num\u00e9ro 150 rue M\u00e9nilmontant, \u00e0 l\u2019angle de la rue H\u00e9l\u00e8ne Jacubowicz, leur routine bascule.<\/p>\n<p>Secou\u00e9 et mordu violemment<\/p>\n<p class=\"paragraph text_align_left lp-f-body-02\">Un chien \u00ab de type p<a href=\"https:\/\/www.leparisien.fr\/oise-60\/treize-points-de-suture-a-la-tempe-et-une-greffe-au-bras-le-chien-a-attaque-un-enfant-de-sept-ans-21-08-2024-GJLRXDNVGVBJXASDZSQHDQIMC4.php\" target=\"_blank\" rel=\"noreferrer nofollow noopener\">itbull<\/a>, beige clair, de corpulence muscl\u00e9e \u00bb a surgi \u00ab de nulle part \u00bb, non tenu en laisse, sans museli\u00e8re, ni collier. \u00ab Il provenait d\u2019une sortie d\u2019immeuble mal ferm\u00e9e en raison d\u2019un chantier temporaire. Il a fonc\u00e9 \u00e0 toute allure vers mon petit spitz noir et l\u2019a attaqu\u00e9 tr\u00e8s violemment. Il l\u2019a pris dans la gueule et secou\u00e9 \u00e0 plusieurs reprises avant de le mordre violemment au thorax \u00bb, d\u00e9taille Jane.<\/p>\n<p class=\"paragraph text_align_left lp-f-body-02\">Face \u00e0 cette agression \u00e9clair, la propri\u00e9taire se retrouve d\u00e9munie. \u00ab J\u2019\u00e9tais tr\u00e8s choqu\u00e9 de ce que je voyais, je n\u2019ai m\u00eame pas eu le temps de r\u00e9agir et de le prendre dans les bras comme j\u2019aurais fait habituellement en cas de danger, culpabilise la ma\u00eetresse. J\u2019\u00e9tais impuissante, c\u2019\u00e9tait trop rapide, trop brusque. \u00bb<\/p>\n<p class=\"paragraph text_align_left lp-f-body-02\">Si Jane a tout de m\u00eame tent\u00e9 de le d\u00e9gager de la gueule du chien agressif, \u00ab c\u2019\u00e9tait trop difficile, comme il ne portait pas de collier je ne pouvais pas l\u2019attraper \u00bb, poursuit-elle. Avec l\u2019aide de trois jeunes \u00ab qui semblaient surveiller le chien de loin \u00bb, le chien beige a finalement l\u00e2ch\u00e9 N\u00e9mo mais \u00ab le mal \u00e9tait fait \u00bb.<\/p>\n<p class=\"paragraph text_align_left lp-f-body-02\">Jane retrouve son chien \u00ab sur le sol, dans un bain de sang. Il \u00e9tait encore en vie \u00e0 ce moment-l\u00e0, mais il \u00e9tait absolument incapable de marcher \u00bb. Elle court avec son animal dans les bras jusqu\u2019\u00e0 un taxi pour rejoindre la clinique v\u00e9t\u00e9rinaire d\u2019urgence, rue des Pyr\u00e9n\u00e9es. \u00ab On m\u2019a expliqu\u00e9 que sa colonne vert\u00e9brale a \u00e9t\u00e9 d\u00e9plac\u00e9e par les secousses. Il est d\u00e9c\u00e9d\u00e9 dans l\u2019heure qui a suivi. Mon petit chien a \u00e9t\u00e9 d\u00e9vor\u00e9 en pleine rue \u00bb, s\u2019\u00e9meut Jane.<\/p>\n<p>Recherche du propri\u00e9taire<\/p>\n<p class=\"paragraph text_align_left lp-f-body-02\">\u00ab Sur le moment, je ne pensais qu\u2019\u00e0 la survie de mon chien. Je n\u2019ai pas demand\u00e9 \u00e0 qui appartenait le chien qui l\u2019a attaqu\u00e9 mais les jeunes m\u2019ont dit qu\u2019il n\u2019\u00e9tait pas \u00e0 eux \u00bb, explique Jane. Depuis, elle est retourn\u00e9e sur les lieux pour tenter de retrouver le ma\u00eetre, en vain.<\/p>\n<p class=\"paragraph text_align_left lp-f-body-02\">Elle a d\u00e9pos\u00e9 plainte ce vendredi 10 octobre au commissariat du XXe. \u00ab J\u2019esp\u00e8re que l\u2019enqu\u00eate et les vid\u00e9os surveillances nous permettront d\u2019identifier le propri\u00e9taire. Le chien est extr\u00eamement dangereux et pourrait tuer d\u2019autres chiens si rien n\u2019est fait \u00bb, insiste-t-elle.<\/p>\n<p class=\"paragraph text_align_left lp-f-body-02\">\u00ab Quand un chien blesse ou tue un autre animal, il n\u2019existe rien sur le plan p\u00e9nal, \u00e7a rel\u00e8ve du Code civil \u00bb, expliquait d\u00e9j\u00e0 <a href=\"https:\/\/www.leparisien.fr\/essonne-91\/il-y-avait-des-excrements-partout-a-etampes-sept-chiens-sauves-dune-maison-insalubre-05-08-2025-QYYZPPA5XZGQHPLK7RULOGYAXI.php\" target=\"_blank\" rel=\"noreferrer nofollow noopener\">St\u00e9phane Lamart<\/a>, pr\u00e9sident de l\u2019association \u00e9ponyme pour la d\u00e9fense des animaux, dans une affaire similaire. Les propri\u00e9taires peuvent demander un d\u00e9dommagement des frais v\u00e9t\u00e9rinaires, d\u2019incin\u00e9ration et une somme pour pr\u00e9judice moral.<\/p>\n<p class=\"paragraph text_align_left lp-f-body-02\">L\u2019association rappelle que le maire peut aussi d\u00e9cider de placer le chien en fourri\u00e8re et demander \u00e0 la police municipale de d\u00e9livrer des contraventions de 38 euros aux propri\u00e9taires de chiens errants.<\/p>\n<p class=\"paragraph text_align_left lp-f-body-02\">S\u2019il s\u2019agit r\u00e9ellement d\u2019un pitbull, chien de cat\u00e9gorie 1, la loi est plus s\u00e9v\u00e8re. La r\u00e9glementation fran\u00e7aise interdit leur acquisition, vente et importation. Sur la voie publique, ils doivent obligatoirement \u00eatre musel\u00e9s et tenus en laisse par une personne majeure. Leur propri\u00e9taire doit d\u00e9tenir un permis sp\u00e9cifique apr\u00e8s formation et \u00e9valuation comportementale. Le non-respect expose \u00e0 six mois de prison, 7 500 euros d\u2019amende et la confiscation de l\u2019animal.<\/p>\n","protected":false},"excerpt":{"rendered":"\u00ab C\u2019est encore tr\u00e8s difficile d\u2019en parler \u00bb, confie Jane, traumatis\u00e9e par la sc\u00e8ne qui s\u2019est d\u00e9roul\u00e9e devant&hellip;\n","protected":false},"author":2,"featured_media":461856,"comment_status":"","ping_status":"","sticky":false,"template":"","format":"standard","meta":{"footnotes":""},"categories":[1888],"tags":[11,1777,674,118,1011,27,1944,12,626,25],"class_list":{"0":"post-461855","1":"post","2":"type-post","3":"status-publish","4":"format-standard","5":"has-post-thumbnail","7":"category-paris","8":"tag-actualites","9":"tag-eu","10":"tag-europe","11":"tag-faits-divers","12":"tag-fr","13":"tag-france","14":"tag-ma-ville","15":"tag-news","16":"tag-paris","17":"tag-republique-francaise"},"share_on_mastodon":{"url":"https:\/\/pubeurope.com\/@fr\/115371438489177314","error":""},"_links":{"self":[{"href":"https:\/\/www.europesays.com\/fr\/wp-json\/wp\/v2\/posts\/461855","targetHints":{"allow":["GET"]}}],"collection":[{"href":"https:\/\/www.europesays.com\/fr\/wp-json\/wp\/v2\/posts"}],"about":[{"href":"https:\/\/www.europesays.com\/fr\/wp-json\/wp\/v2\/types\/post"}],"author":[{"embeddable":true,"href":"https:\/\/www.europesays.com\/fr\/wp-json\/wp\/v2\/users\/2"}],"replies":[{"embeddable":true,"href":"https:\/\/www.europesays.com\/fr\/wp-json\/wp\/v2\/comments?post=461855"}],"version-history":[{"count":0,"href":"https:\/\/www.europesays.com\/fr\/wp-json\/wp\/v2\/posts\/461855\/revisions"}],"wp:featuredmedia":[{"embeddable":true,"href":"https:\/\/www.europesays.com\/fr\/wp-json\/wp\/v2\/media\/461856"}],"wp:attachment":[{"href":"https:\/\/www.europesays.com\/fr\/wp-json\/wp\/v2\/media?parent=461855"}],"wp:term":[{"taxonomy":"category","embeddable":true,"href":"https:\/\/www.europesays.com\/fr\/wp-json\/wp\/v2\/categories?post=461855"},{"taxonomy":"post_tag","embeddable":true,"href":"https:\/\/www.europesays.com\/fr\/wp-json\/wp\/v2\/tags?post=461855"}],"curies":[{"name":"wp","href":"https:\/\/api.w.org\/{rel}","templated":true}]}}