{"id":461864,"date":"2025-10-14T07:57:10","date_gmt":"2025-10-14T07:57:10","guid":{"rendered":"https:\/\/www.europesays.com\/fr\/461864\/"},"modified":"2025-10-14T07:57:10","modified_gmt":"2025-10-14T07:57:10","slug":"marchandage-migratoire-entre-le-royaume-uni-et-la-france-des-associations-attaquent-laccord-de-la-honte","status":"publish","type":"post","link":"https:\/\/www.europesays.com\/fr\/461864\/","title":{"rendered":"Marchandage migratoire entre le Royaume Uni et la France : Des associations attaquent l\u2019accord de la honte"},"content":{"rendered":"<p class=\"Standard\" style=\"text-align: justify; text-justify: inter-ideograph;\">Pr\u00e9sent\u00e9 comme visant \u00e0 pr\u00e9venir les travers\u00e9es p\u00e9rilleuses de la Manche \u00e0 l\u2019aide d\u2019embarcations pr\u00e9caires (\u00ab\u00a0small boats\u00a0\u00bb) par les personnes cherchant refuge au Royaume Uni, cet accord pr\u00e9voit que pour chaque personne renvoy\u00e9e en France apr\u00e8s avoir rejoint les c\u00f4tes anglaises, une autre personne, s\u00e9lectionn\u00e9e en France, pourra entrer au Royaume-Uni munie d\u2019un visa.<\/p>\n<p class=\"Standard\" style=\"text-align: justify; text-justify: inter-ideograph;\">Rebaptis\u00e9 \u00ab\u00a0one in, one out\u00a0\u00bb par la presse britannique, il lie donc les deux \u00c9tats dans un dispositif de marchandage qui passe l\u2019acc\u00e8s \u00e0 une protection internationale par pertes et profits au nom d\u2019une logique purement comptable r\u00e9duisant les personnes en cause \u00e0 des unit\u00e9s interchangeables.<\/p>\n<p class=\"Standard\" style=\"text-align: justify; text-justify: inter-ideograph;\">Plus concr\u00e8tement, en instituant un cadre sp\u00e9cifique en mati\u00e8re d\u2019admissions et r\u00e9admissions de personnes \u00e9trang\u00e8res, il conduit \u00e0 des privations de libert\u00e9 aussi bien au Royaume Uni qu\u2019en France, y compris dans le cadre d\u2019op\u00e9rations de transferts forc\u00e9s sous encadrement d\u2019escortes britanniques, impactant ainsi l\u2019exercice de libert\u00e9s publiques.<\/p>\n<p class=\"Standard\" style=\"text-align: justify; text-justify: inter-ideograph;\">La logique r\u00e9pressive qui a pr\u00e9sid\u00e9 \u00e0 la conclusion de ce \u00ab\u00a0deal\u00a0\u00bb comme les lourdes cons\u00e9quences de sa mise en \u0153uvre, d\u00e9but\u00e9e \u00e0 la mi-septembre, pour les personnes renvoy\u00e9es en France, justifient la saisine du Conseil d\u2019\u00c9tat, charg\u00e9 de contr\u00f4ler les conditions dans lesquelles sont approuv\u00e9s ou ratifi\u00e9s les engagements internationaux de la France.<\/p>\n<p class=\"Standard\" style=\"text-align: justify; text-justify: inter-ideograph;\">Les organisations soussign\u00e9es d\u00e9noncent le proc\u00e9d\u00e9 par lequel le gouvernement, au d\u00e9tour d\u2019un simple d\u00e9cret, a rendu cet accord de la honte applicable, au d\u00e9triment des droits fondamentaux des personnes concern\u00e9es.<\/p>\n<p class=\"Standard\" style=\"text-align: right;\" align=\"right\"><b>Paris, le 13 octobre 2025<\/b><\/p>\n<p>\u00a0<\/p>\n<p><strong>Accueil Demandeurs d\u2019Asile\u00a0 \u00a0 \u00a0 \u00a0 \u00a0 \u00a0 \u00a0 \u00a0 \u00a0 \u00a0 \u00a0 \u00a0 \u00a0 \u00a0Gisti<\/strong><\/p>\n<p><strong>Anaf\u00e9\u00a0\u00a0\u00a0\u00a0\u00a0\u00a0\u00a0\u00a0\u00a0\u00a0\u00a0\u00a0\u00a0\u00a0\u00a0\u00a0\u00a0\u00a0\u00a0\u00a0\u00a0\u00a0\u00a0\u00a0\u00a0\u00a0\u00a0\u00a0\u00a0\u00a0\u00a0\u00a0\u00a0\u00a0\u00a0\u00a0\u00a0\u00a0\u00a0\u00a0\u00a0\u00a0\u00a0\u00a0\u00a0\u00a0\u00a0\u00a0\u00a0\u00a0\u00a0\u00a0\u00a0\u00a0\u00a0\u00a0\u00a0\u00a0\u00a0\u00a0\u00a0\u00a0\u00a0\u00a0\u00a0\u00a0\u00a0\u00a0\u00a0\u00a0\u00a0 Human Rights Observers<\/strong><\/p>\n<p><strong>Ardhis\u00a0\u00a0\u00a0\u00a0\u00a0\u00a0\u00a0\u00a0\u00a0\u00a0\u00a0\u00a0\u00a0\u00a0\u00a0\u00a0\u00a0\u00a0\u00a0\u00a0\u00a0\u00a0\u00a0\u00a0\u00a0\u00a0\u00a0\u00a0\u00a0\u00a0\u00a0\u00a0\u00a0\u00a0\u00a0\u00a0\u00a0\u00a0\u00a0\u00a0\u00a0\u00a0\u00a0\u00a0\u00a0\u00a0\u00a0\u00a0\u00a0\u00a0\u00a0\u00a0\u00a0\u00a0\u00a0\u00a0\u00a0\u00a0\u00a0\u00a0\u00a0\u00a0\u00a0\u00a0\u00a0\u00a0\u00a0\u00a0\u00a0\u00a0 JRS France<\/strong><\/p>\n<p><strong>L\u2019Auberge des migrants\u00a0 \u00a0 \u00a0 \u00a0 \u00a0 \u00a0 \u00a0 \u00a0 \u00a0 \u00a0 \u00a0 \u00a0 \u00a0 \u00a0 \u00a0 \u00a0 \u00a0 \u00a0 Ligue des droits de l\u2019Homme<\/strong><\/p>\n<p><strong>La Cimade\u00a0 \u00a0 \u00a0 \u00a0 \u00a0 \u00a0 \u00a0 \u00a0 \u00a0 \u00a0 \u00a0 \u00a0 \u00a0 \u00a0 \u00a0 \u00a0 \u00a0 \u00a0 \u00a0 \u00a0 \u00a0 \u00a0 \u00a0 \u00a0 \u00a0 \u00a0 \u00a0 \u00a0 \u00a0 \u00a0 \u00a0 M\u00e9decins du Monde<\/strong><\/p>\n<p><strong>Dom\u2019asile\u00a0 \u00a0 \u00a0 \u00a0 \u00a0 \u00a0 \u00a0 \u00a0 \u00a0 \u00a0 \u00a0 \u00a0 \u00a0 \u00a0 \u00a0 \u00a0 \u00a0 \u00a0 \u00a0 \u00a0 \u00a0 \u00a0 \u00a0 \u00a0 \u00a0 \u00a0 \u00a0 \u00a0 \u00a0 \u00a0 \u00a0 \u00a0 Salam<\/strong><\/p>\n<p><strong>Fasti\u00a0\u00a0\u00a0\u00a0\u00a0\u00a0\u00a0\u00a0\u00a0\u00a0\u00a0\u00a0\u00a0\u00a0\u00a0\u00a0\u00a0\u00a0\u00a0\u00a0\u00a0\u00a0\u00a0\u00a0\u00a0\u00a0\u00a0\u00a0\u00a0\u00a0\u00a0\u00a0\u00a0\u00a0\u00a0\u00a0\u00a0\u00a0\u00a0\u00a0\u00a0\u00a0\u00a0\u00a0\u00a0\u00a0\u00a0\u00a0\u00a0\u00a0\u00a0\u00a0\u00a0\u00a0\u00a0\u00a0\u00a0\u00a0\u00a0\u00a0\u00a0\u00a0\u00a0\u00a0\u00a0\u00a0\u00a0\u00a0\u00a0\u00a0\u00a0\u00a0\u00a0 Syndicat des avocats de France<\/strong><\/p>\n<p><strong>Groupe Accueil et Solidarit\u00e9\u00a0 \u00a0 \u00a0 \u00a0 \u00a0 \u00a0 \u00a0 \u00a0 \u00a0 \u00a0 \u00a0 \u00a0 \u00a0 \u00a0Utopia 56<\/strong><\/p>\n<p>\u00a0<\/p>\n<p>Auteur: <a href=\"https:\/\/www.lacimade.org\/author\/service-communication\/\" rel=\"nofollow noopener\" target=\"_blank\">Service communication<\/a><\/p>\n","protected":false},"excerpt":{"rendered":"Pr\u00e9sent\u00e9 comme visant \u00e0 pr\u00e9venir les travers\u00e9es p\u00e9rilleuses de la Manche \u00e0 l\u2019aide d\u2019embarcations pr\u00e9caires (\u00ab\u00a0small boats\u00a0\u00bb) par&hellip;\n","protected":false},"author":2,"featured_media":9029,"comment_status":"","ping_status":"","sticky":false,"template":"","format":"standard","meta":{"footnotes":""},"categories":[1588],"tags":[11,1777,674,12,473,1853,1851,1850,1852],"class_list":{"0":"post-461864","1":"post","2":"type-post","3":"status-publish","4":"format-standard","5":"has-post-thumbnail","7":"category-royaume-uni","8":"tag-actualites","9":"tag-eu","10":"tag-europe","11":"tag-news","12":"tag-royaume-uni","13":"tag-royaume-uni-de-grande-bretagne-et-dirlande-du-nord","14":"tag-uk","15":"tag-united-kingdom","16":"tag-united-kingdom-of-great-britain-and-northern-ireland"},"share_on_mastodon":{"url":"https:\/\/pubeurope.com\/@fr\/115371458155265587","error":""},"_links":{"self":[{"href":"https:\/\/www.europesays.com\/fr\/wp-json\/wp\/v2\/posts\/461864","targetHints":{"allow":["GET"]}}],"collection":[{"href":"https:\/\/www.europesays.com\/fr\/wp-json\/wp\/v2\/posts"}],"about":[{"href":"https:\/\/www.europesays.com\/fr\/wp-json\/wp\/v2\/types\/post"}],"author":[{"embeddable":true,"href":"https:\/\/www.europesays.com\/fr\/wp-json\/wp\/v2\/users\/2"}],"replies":[{"embeddable":true,"href":"https:\/\/www.europesays.com\/fr\/wp-json\/wp\/v2\/comments?post=461864"}],"version-history":[{"count":0,"href":"https:\/\/www.europesays.com\/fr\/wp-json\/wp\/v2\/posts\/461864\/revisions"}],"wp:featuredmedia":[{"embeddable":true,"href":"https:\/\/www.europesays.com\/fr\/wp-json\/wp\/v2\/media\/9029"}],"wp:attachment":[{"href":"https:\/\/www.europesays.com\/fr\/wp-json\/wp\/v2\/media?parent=461864"}],"wp:term":[{"taxonomy":"category","embeddable":true,"href":"https:\/\/www.europesays.com\/fr\/wp-json\/wp\/v2\/categories?post=461864"},{"taxonomy":"post_tag","embeddable":true,"href":"https:\/\/www.europesays.com\/fr\/wp-json\/wp\/v2\/tags?post=461864"}],"curies":[{"name":"wp","href":"https:\/\/api.w.org\/{rel}","templated":true}]}}