{"id":461870,"date":"2025-10-14T08:01:13","date_gmt":"2025-10-14T08:01:13","guid":{"rendered":"https:\/\/www.europesays.com\/fr\/461870\/"},"modified":"2025-10-14T08:01:13","modified_gmt":"2025-10-14T08:01:13","slug":"qui-sont-les-six-ministres-des-republicains-debauches-par-sebastien-lecornu-et-menaces-dexclusion-par-bruno-retailleau-liberation","status":"publish","type":"post","link":"https:\/\/www.europesays.com\/fr\/461870\/","title":{"rendered":"Qui sont les six ministres des R\u00e9publicains d\u00e9bauch\u00e9s par S\u00e9bastien Lecornu et menac\u00e9s d\u2019exclusion par Bruno Retailleau &#8211; Lib\u00e9ration"},"content":{"rendered":"<ol>\n<li><a href=\"https:\/\/news.google.com\/rss\/articles\/CBMimwJBVV95cUxNRnl5OEFZRkpmUFVVcVBCNEF0Uk1NeUt6X3N3OXJkcGNrdjAtaXhaQXFaYVVaU3F0LU5MMlItcnVVR3NCSi12Nm1xcFB2UnZPX1ItTmx2LWdyRFpUd001UkJXSGtacEVyd2NuQTE5aVIwRzVjd0dEOWp4TDA5TVhNVXcwZEUwYWFaeEdFY0s4OFpwdm92LW5pZTcyaHM3d1B4V2ZVclEzN0R3cVFNRUF0Z1E2SmV5X3Z0LUVDX011Y0ZIYkNDMVNYQlVvVXk3RmxJOFJ2Q3lPWm14WkZ3Z2pNeFc2Vjk1Z09yRHhnZDNqazNzemRsc2FKdS03TmpLRGRYVFN2ajdlV2IyY2FybVd1QV8wYzF1b1RnU05Z?oc=5\" target=\"_blank\" rel=\"nofollow noopener\">Qui sont les six ministres des R\u00e9publicains d\u00e9bauch\u00e9s par S\u00e9bastien Lecornu et menac\u00e9s d\u2019exclusion par Bruno Retailleau<\/a>&nbsp;&nbsp;Lib\u00e9ration<\/li>\n<li><a href=\"https:\/\/news.google.com\/rss\/articles\/CBMisAJBVV95cUxQZ01JMzNlcUZHZDhEbFN0OUJQR2lFMFBEdm4xRlpoX2RuX2ZXQTg3aUNTUlU1M3hWbjQ3blcyWS11MmxRTkZSQ0dEb2NsNFZVSzJmbWpTS2xLdUgzblBwZ2JuTjlIWUM5XzgtZDh2VldNbHQ3b0RvcWlsWGk1bFFnRXZtdkxvRFhjOWYxLWdVY1FERmQ4WVhhZnZnNWxxdkFQSnFQVzhnQWNJaEs3X2JVQmN2eXI5NFBoT3BhdF92YW5KeGRnWENHTW1aT3hHMTZPV01qcFo1SWJ5WS1EUDNEWU5kbjIydnlkVWRuMG5oTURiWFBTZVAyYmYzSkxFdlFfSVFjbEI0NEd5LU1qNDlXbllxeGJZVkNUQXZxNF9xZ0RGbjRZbWFyWVNBZzFyMFFa?oc=5\" target=\"_blank\" rel=\"nofollow noopener\">EN DIRECT, gouvernement Lecornu : avant le premier conseil des ministres, les derni\u00e8res informations et r\u00e9actions en direct<\/a>&nbsp;&nbsp;Le Monde.fr<\/li>\n<li><a href=\"https:\/\/news.google.com\/rss\/articles\/CBMi7gFBVV95cUxPT2VzdTEwS0dyZ1lzTXhJQW1LQVZnU05ZS0lqR0Z3Y25ieEN1R1RQckhJS2FyeVFHS2ppN0xsSnkyN1FCbGtzLTYzWVlXZWlDZ1d2R2FPdmhQZDBrTHVRSk0xOGh3Tm80LTlELWVwUEJ5MXVnUEppUktkMHgwNFJUZmtJeElZVXZnS0luc3BJSkROVlRjOUxoS3pPZXZVajNSaEdXRjU0MlNLOHNDNGlnalRtWWkwVi1Xa2JEYXVmdlI0TXB3RlZhY1BaWDR0Z3RIOXRzZkhDeUF2Z3dKVUE2ZnBMN1BDdGstSW51TVNR?oc=5\" target=\"_blank\" rel=\"nofollow noopener\">Retraites, imp\u00f4ts, immigration&#8230; \u00c0 quoi faut-il s\u2019attendre pour le discours de politique g\u00e9n\u00e9rale de S\u00e9bastien Lecornu ?<\/a>&nbsp;&nbsp;Le Figaro<\/li>\n<li><a href=\"https:\/\/news.google.com\/rss\/articles\/CBMiowJBVV95cUxQRDgwMUhZa2NSSkRuZVNtWkc2eUUtbVhSeU1ic1h5b1FiajdQQXBmNG83SHNUd0JBOVJQbG9odGp4aWk5VV9ycFl2aVhJTjhTSzh0R0lRV1R0MC0tU0NBclpTWjZJOWU4bGxCSWFvcDI5Y3dwcTBhXzQxUVpPM0M1Tno3SC1kZF8xT0lkei1YcVpiWjIydTROZ0x3Ujg1RXFCcnRDMXZHaXhDcTc1ampVR0RCQmZVQUJ2Q2F3cElfd1NNRmtvc2V5aG5qb3hCTUl6YmdxUzB4THJ1di13MlQ4THVEaGZnZWFCTzV0VGF1TFUwLU51Nmk4NmotRm9KNWJ3czRDcjloaUFkamJ0SlM0dzNIT0xFdVpKM2oza1hfN3ZzQmM?oc=5\" target=\"_blank\" rel=\"nofollow noopener\">\u00ab\u00a0Je vais regarder\u00a0\u00bb : avant sa d\u00e9claration de politique g\u00e9n\u00e9rale, le Premier ministre laisse planer le doute sur la suspension de la r\u00e9forme des retraites<\/a>&nbsp;&nbsp;France Info<\/li>\n<li><a href=\"https:\/\/news.google.com\/rss\/articles\/CBMi1AFBVV95cUxOajZOY2VEdjF5SUtNNVd5Rk1Ec2NHdjdhWlFFQS1ubUY5eTJEbnBvUjRfYkpPc3NlTHdNcEg0bDRacWhmMzZGbGxkOExuNmFUSTVYRWRHZ2hGZFpjVDhFbS1IRGtFVGF3RWVEd0xOY1NqTFRJcmhHTjZPVXZRckRVTXhFQ09zRE5DcUJxNllNVWFjem45UVJBdk8wQ3RJTjVUMGNXSUdLT3ZCTXpSRnY5eDQ2VTNPUWdFbm84WndGWFA1MVI4S0FNMk9fSWtJZWtyQV9qRw?oc=5\" target=\"_blank\" rel=\"nofollow noopener\">Crise politique: le gouvernement Lecornu II \u00e0 24 voix d&rsquo;une censure<\/a>&nbsp;&nbsp;BFMTV<\/li>\n<\/ol>\n","protected":false},"excerpt":{"rendered":"Qui sont les six ministres des R\u00e9publicains d\u00e9bauch\u00e9s par S\u00e9bastien Lecornu et menac\u00e9s d\u2019exclusion par Bruno Retailleau&nbsp;&nbsp;Lib\u00e9ration EN&hellip;\n","protected":false},"author":2,"featured_media":461871,"comment_status":"","ping_status":"","sticky":false,"template":"","format":"standard","meta":{"footnotes":""},"categories":[2],"tags":[11,40857,1013,1011,27,418,3228,12,417,25],"class_list":{"0":"post-461870","1":"post","2":"type-post","3":"status-publish","4":"format-standard","5":"has-post-thumbnail","7":"category-actualites","8":"tag-actualites","9":"tag-annie-genevard","10":"tag-bruno-retailleau","11":"tag-fr","12":"tag-france","13":"tag-gouvernement","14":"tag-lr","15":"tag-news","16":"tag-rachida-dati","17":"tag-republique-francaise"},"share_on_mastodon":{"url":"https:\/\/pubeurope.com\/@fr\/115371473923689636","error":""},"_links":{"self":[{"href":"https:\/\/www.europesays.com\/fr\/wp-json\/wp\/v2\/posts\/461870","targetHints":{"allow":["GET"]}}],"collection":[{"href":"https:\/\/www.europesays.com\/fr\/wp-json\/wp\/v2\/posts"}],"about":[{"href":"https:\/\/www.europesays.com\/fr\/wp-json\/wp\/v2\/types\/post"}],"author":[{"embeddable":true,"href":"https:\/\/www.europesays.com\/fr\/wp-json\/wp\/v2\/users\/2"}],"replies":[{"embeddable":true,"href":"https:\/\/www.europesays.com\/fr\/wp-json\/wp\/v2\/comments?post=461870"}],"version-history":[{"count":0,"href":"https:\/\/www.europesays.com\/fr\/wp-json\/wp\/v2\/posts\/461870\/revisions"}],"wp:featuredmedia":[{"embeddable":true,"href":"https:\/\/www.europesays.com\/fr\/wp-json\/wp\/v2\/media\/461871"}],"wp:attachment":[{"href":"https:\/\/www.europesays.com\/fr\/wp-json\/wp\/v2\/media?parent=461870"}],"wp:term":[{"taxonomy":"category","embeddable":true,"href":"https:\/\/www.europesays.com\/fr\/wp-json\/wp\/v2\/categories?post=461870"},{"taxonomy":"post_tag","embeddable":true,"href":"https:\/\/www.europesays.com\/fr\/wp-json\/wp\/v2\/tags?post=461870"}],"curies":[{"name":"wp","href":"https:\/\/api.w.org\/{rel}","templated":true}]}}