{"id":461882,"date":"2025-10-14T08:09:11","date_gmt":"2025-10-14T08:09:11","guid":{"rendered":"https:\/\/www.europesays.com\/fr\/461882\/"},"modified":"2025-10-14T08:09:11","modified_gmt":"2025-10-14T08:09:11","slug":"diogo-moreira-officialise-en-motogp-aux-cotes-de-johann-zarco","status":"publish","type":"post","link":"https:\/\/www.europesays.com\/fr\/461882\/","title":{"rendered":"Diogo Moreira officialis\u00e9 en MotoGP aux c\u00f4t\u00e9s de Johann Zarco"},"content":{"rendered":"<p>Il est le second rookie annonc\u00e9 en MotoGP la saison prochaine : <a href=\"https:\/\/fr.motorsport.com\/driver\/diogo-moreira\/945141\/\" rel=\"nofollow noopener\" target=\"_blank\">Diogo Moreira<\/a> est aujourd&rsquo;hui confirm\u00e9 chez LCR pour faire ses grands d\u00e9buts dans la cat\u00e9gorie reine. Le Br\u00e9silien, qui court actuellement en Moto2, fera le grand saut en m\u00eame temps que <a href=\"https:\/\/fr.motorsport.com\/driver\/toprak-razgatlioglu\/178502\/\" rel=\"nofollow noopener\" target=\"_blank\">Toprak Razgatlioglu<\/a>, qui rejoindra pour sa part l&rsquo;\u00e9quipe Pramac Racing.<\/p>\n<p>Diogo Moreira va prendre la suite de <a href=\"https:\/\/fr.motorsport.com\/driver\/somkiat-chantra\/823104\/\" rel=\"nofollow noopener\" target=\"_blank\">Somkiat Chantra<\/a>, en proie aux plus grandes difficult\u00e9s depuis qu&rsquo;il a pris en main la Honda de l&rsquo;\u00e9quipe de Lucio Cecchinello. Son cas a fini par <a href=\"https:\/\/fr.motorsport.com\/motogp\/news\/honda-lcr-somkiat-chantra-revoir-plans\/10742640\/\" target=\"_self\" rel=\"noopener nofollow\">pousser le HRC \u00e0 repenser son organisation<\/a>, puisque ce guidon \u00e9tait jusqu&rsquo;\u00e0 pr\u00e9sent destin\u00e9 \u00e0 un pilote asiatique car financ\u00e9 par Idemitsu.<\/p>\n<p>Lire aussi :<\/p>\n<p>Diogo Moreira est \u00e2g\u00e9 de 21 ans. Son \u00e9closion sur la sc\u00e8ne internationale ne remonte qu&rsquo;\u00e0 2021, avec sa sixi\u00e8me place en Red Bull Rookies Cup, avant son arriv\u00e9e en Grand Prix l&rsquo;ann\u00e9e suivante. Il a tout de suite marqu\u00e9 par ses performances, d\u00e9crochant le titre de rookie de l&rsquo;ann\u00e9e en Moto3 gr\u00e2ce \u00e0 sa huiti\u00e8me place au championnat avec le team MT Helmets\u00a0&#8211;\u00a0MSI. Rest\u00e9 dans l&rsquo;\u00e9quipe l&rsquo;ann\u00e9e suivante, il a obtenu une premi\u00e8re victoire en Indon\u00e9sie, mais sans parvenir \u00e0 jouer le titre.<\/p>\n<p>Cela n&rsquo;a pas emp\u00each\u00e9 sa promotion en Moto2 en 2024. Il y termine sa deuxi\u00e8me ann\u00e9e au sein de l&rsquo;\u00e9quipe Italtrans, \u00e0 nouveau rookie de l&rsquo;ann\u00e9e \u00e0 ses d\u00e9buts puis en lutte pour le titre cette saison. Actuellement devanc\u00e9 de neuf points par Manuel Gonz\u00e1lez, qui a perdu gros avec sa disqualification lors du dernier Grand Prix en date, Moreira a obtenu \u00e0 ce jour trois victoires, dont celle de Mandalika, sur un total de sept podiums.<\/p>\n<p>\u00ab\u00a0Rejoindre le MotoGP avec Honda LCR, c&rsquo;est un r\u00eave qui devient r\u00e9alit\u00e9\u00a0\u00bb, r\u00e9agit le jeune pilote. \u00ab\u00a0Je souhaite remercier Honda et l&rsquo;\u00e9quipe de croire en moi et de m&rsquo;offrir cette incroyable opportunit\u00e9. J&rsquo;ai h\u00e2te d&rsquo;apprendre, de me d\u00e9velopper et de me battre pour de solides r\u00e9sultats au plus haut niveau de la course moto.\u00a0\u00bb<\/p>\n<p>Diogo Moreira repr\u00e9sente une nouvelle nationalit\u00e9 sur la grille MotoGP, et son arriv\u00e9e co\u00efncide avec <a href=\"https:\/\/fr.motorsport.com\/motogp\/news\/gp-bresil-goiania-2026-motogp\/10681942\/\" target=\"_self\" rel=\"noopener nofollow\">l&rsquo;ajout du GP du Br\u00e9sil au calendrier 2026<\/a>. LCR fait \u00e9tat d&rsquo;un accord pluri-annuel entre le pilote et le HRC, tout en ne mentionnant sa pr\u00e9sence au sein de l&rsquo;\u00e9quipe que pour la saison prochaine \u00e0 ce stade. D&rsquo;apr\u00e8s les informations de <strong>Motorsport.com<\/strong>, il a sign\u00e9 avec Honda un contrat de deux ans avec le statut de pilote d&rsquo;usine, assorti d&rsquo;une option pour 2028 qui d\u00e9pendra de r\u00e9sultats \u00e0 atteindre \u00e0 une date pr\u00e9cise l&rsquo;ann\u00e9e pr\u00e9c\u00e9dente.<\/p>\n<p>\u00ab\u00a0Nous sommes ravis d&rsquo;annoncer l&rsquo;arriv\u00e9e de Diogo Moreira au sein de notre \u00e9quipe\u00a0\u00bb, se r\u00e9jouit Lucio Cecchinello. \u00ab\u00a0Il ne fait aucun doute que Diogo a toutes les qualit\u00e9s n\u00e9cessaires pour devenir l&rsquo;un des grands pilotes en MotoGP. Il poss\u00e8de un talent ind\u00e9niable, une passion profonde pour la course, et il a d\u00e9montr\u00e9 sa vitesse \u00e0 travers toutes les disciplines et sur tout type de motos. De la part de toute l&rsquo;\u00e9quipe LCR, je souhaite chaleureusement la bienvenue \u00e0 Diogo et je remercie Honda pour sa confiance dans cet excitant projet pour 2026.\u00a0\u00bb<\/p>\n<p>Avec cette officialisation, la grille MotoGP est \u00e0 pr\u00e9sent compl\u00e8te pour la saison prochaine. Les deux seules \u00e9quipes qui conna\u00eetront du changement seront donc LCR et Pramac, avec l&rsquo;arriv\u00e9e des deux rookies. Sur le d\u00e9part, Miguel Oliveira va rejoindre l&rsquo;\u00e9quipe BMW en WorldSBK. Il recroisera Somkiat Chantra, qui va quant \u00e0 lui rester dans le giron Honda en devenant pilote d&rsquo;usine de la marque en Superbike.<\/p>\n<p style=\"text-align: right;\">Avec Oriol Puigdemont<\/p>\n<p>Lire aussi :<\/p>\n<p>            Votre avis nous int\u00e9resse !<\/p>\n<p class=\"mt-auto\">Qu&rsquo;aimeriez-vous voir sur Motorsport.com ?<\/p>\n<p>            <a href=\"#\" class=\"ms-link text-link font-bold\">R\u00e9pondez \u00e0 notre enqu\u00eate de 5 minutes.<\/a><\/p>\n<p class=\"mt-1 font-info text-body\">&#8211; L&rsquo;\u00e9quipe Motorsport.com<\/p>\n","protected":false},"excerpt":{"rendered":"Il est le second rookie annonc\u00e9 en MotoGP la saison prochaine : Diogo Moreira est aujourd&rsquo;hui confirm\u00e9 chez&hellip;\n","protected":false},"author":2,"featured_media":461883,"comment_status":"","ping_status":"","sticky":false,"template":"","format":"standard","meta":{"footnotes":""},"categories":[1413],"tags":[35965,58644,1011,27,1457,8978,1456,1458,60,3771],"class_list":{"0":"post-461882","1":"post","2":"type-post","3":"status-publish","4":"format-standard","5":"has-post-thumbnail","7":"category-moto","8":"tag-diogo-moreira","9":"tag-diogo-moreira-officialisu00e9-en-motogp-aux-cu00f4tu00e9s-de-johann-zarco","10":"tag-fr","11":"tag-france","12":"tag-moto","13":"tag-moto2","14":"tag-motocycle","15":"tag-motogp","16":"tag-sports","17":"tag-team-lcr"},"share_on_mastodon":{"url":"https:\/\/pubeurope.com\/@fr\/115371505320389595","error":""},"_links":{"self":[{"href":"https:\/\/www.europesays.com\/fr\/wp-json\/wp\/v2\/posts\/461882","targetHints":{"allow":["GET"]}}],"collection":[{"href":"https:\/\/www.europesays.com\/fr\/wp-json\/wp\/v2\/posts"}],"about":[{"href":"https:\/\/www.europesays.com\/fr\/wp-json\/wp\/v2\/types\/post"}],"author":[{"embeddable":true,"href":"https:\/\/www.europesays.com\/fr\/wp-json\/wp\/v2\/users\/2"}],"replies":[{"embeddable":true,"href":"https:\/\/www.europesays.com\/fr\/wp-json\/wp\/v2\/comments?post=461882"}],"version-history":[{"count":0,"href":"https:\/\/www.europesays.com\/fr\/wp-json\/wp\/v2\/posts\/461882\/revisions"}],"wp:featuredmedia":[{"embeddable":true,"href":"https:\/\/www.europesays.com\/fr\/wp-json\/wp\/v2\/media\/461883"}],"wp:attachment":[{"href":"https:\/\/www.europesays.com\/fr\/wp-json\/wp\/v2\/media?parent=461882"}],"wp:term":[{"taxonomy":"category","embeddable":true,"href":"https:\/\/www.europesays.com\/fr\/wp-json\/wp\/v2\/categories?post=461882"},{"taxonomy":"post_tag","embeddable":true,"href":"https:\/\/www.europesays.com\/fr\/wp-json\/wp\/v2\/tags?post=461882"}],"curies":[{"name":"wp","href":"https:\/\/api.w.org\/{rel}","templated":true}]}}