{"id":461886,"date":"2025-10-14T08:11:10","date_gmt":"2025-10-14T08:11:10","guid":{"rendered":"https:\/\/www.europesays.com\/fr\/461886\/"},"modified":"2025-10-14T08:11:10","modified_gmt":"2025-10-14T08:11:10","slug":"paul-magnier-ne-sarrete-plus-le-francais-remporte-la-premiere-etape-du-tour-de-guangxi-sa-15e-victoire-en-2025-lequipe","status":"publish","type":"post","link":"https:\/\/www.europesays.com\/fr\/461886\/","title":{"rendered":"Paul Magnier ne s&#039;arr\u00eate plus : le Fran\u00e7ais remporte la premi\u00e8re \u00e9tape du Tour de Guangxi, sa 15e victoire en 2025 &#8211; L&#039;\u00c9quipe"},"content":{"rendered":"<ol>\n<li><a href=\"https:\/\/news.google.com\/rss\/articles\/CBMiggJBVV95cUxPZHppUjZiNEtNYXJOZ3kta3NrVkpMbGFMRk82YktaSERaZEw5bWtram9KM1Y1eFBGUnBsUHRHWmpFV3hvX0lfTHZLaXQzRmVjbzJjZHRsdXIxdEV4d3QydlNJQVFTckYwUktWZW81V3htVUZuUlJqejNzekNTbGlXbUJjX0NlRW5Ta190Y1hkb0Z1akFGNWU1Q3FfYmJNdVlMRUk0TmFBOEpiWjJpQ0xnT3FXTjNtMnBPazI1YzNhazhQWE5xVmlLTEhvMHdsNzROeGhzWExkbzR3SXNldGNxOC1aQm5WRjJ2bGROMHFhaER1QXktWVJkNVVUR2p5RS1pcHc?oc=5\" target=\"_blank\" rel=\"nofollow noopener\">Paul Magnier ne s&rsquo;arr\u00eate plus : le Fran\u00e7ais remporte la premi\u00e8re \u00e9tape du Tour de Guangxi, sa 15e victoire en 2025<\/a>&nbsp;&nbsp;L&rsquo;\u00c9quipe<\/li>\n<li><a href=\"https:\/\/news.google.com\/rss\/articles\/CBMi8gFBVV95cUxOUjhDQUxKaXRmQjRhalhJU096SUhyMmNBM1pibVlobERaWGE5d2N0TXMwc2pVSHJUaE82X3UtcFk3NmdlX2lHeXF4bHZDdG1zYjk4RGZTSnF6M0FfcWNCTUEybG45ZEczbmhjWU5EajJ0bDQ0YllnVDdFbEljeFVoUV96Z3g1aHhfcXRqWENTU2IzTV9KeWdHOGNWN1ZXQUtUYXIyOHFXa1p4RElYRk84WG1tSkY3RUJKbE12MDI2elE3b3ZTeWpiQ3BlRTMzUXA4REkweHV2RlNTTkg4bHpxMXB1dGdaX2doamh0NEttREpWZw?oc=5\" target=\"_blank\" rel=\"nofollow noopener\">Paul Magnier continue sa moisson au Tour du Guangxi et remporte la premi\u00e8re \u00e9tape<\/a>&nbsp;&nbsp;Eurosport<\/li>\n<li><a href=\"https:\/\/news.google.com\/rss\/articles\/CBMijgJBVV95cUxORmJpSnZray1kV2tpRWlUcWNQNTl6cW1IVVVnblpiSGozWjloeGxYcDBCMTZzRDRFUmZyMUpuak53WGY4VnhPZ3RwX05QaUdyYl8taG0zSlZJNUotZENCOTdQcno5RE1kSUliU0dWV3BfblNubGdfQVpxeFA5MlV4VlFJVTh4dkpYZ1VRVUp1eEJxMFBleXQzN2NKZWJKdklpUmZ2SEpORl9RMFVkNTVRRU5RaVZ5RWJsQnNKcHVqNkJreXd1Z0xHYmNhNEMzZ1dCcFRRUmZySkFKai1rUURnRHRIUjVXbmRoN25uQTdOQVptRWtMZ1VtNnV3WmFoRDlId1h0R1RSM1B3NkVKWmc?oc=5\" target=\"_blank\" rel=\"nofollow noopener\">Cyclisme : et de 15 pour Paul Magnier, qui poursuit sa superbe s\u00e9rie de victoires au Tour du Guangxi<\/a>&nbsp;&nbsp;Le Parisien<\/li>\n<li><a href=\"https:\/\/news.google.com\/rss\/articles\/CBMipgFBVV95cUxNYlpuNWdyZUZ4cTFZUjB3eGRtUjZ5T2JabnBqcHJHdXk0a2F3S1NMY204RW5zeHdzRGR5ZzZIRURaSjlSUTZ4TnBReThoMFNYTW9CU0NYVXpyd0lVLTEtVUJZNG9zWUo3aXN3aVlDU2lUcERVbG41UGxZRzUxY2hvbW9fNS1TeG4wb0xoWWRHSll6S0UwakJhV2hPYXNqSlBJak0tNW1B?oc=5\" target=\"_blank\" rel=\"nofollow noopener\">Gree-Tour of Guangxi (Chine) 2025 \ud83c\udde8\ud83c\uddf3 : Parcours et favoris de la 6e \u00e9dition<\/a>&nbsp;&nbsp;V\u00e9lofut\u00e9<\/li>\n<li><a href=\"https:\/\/news.google.com\/rss\/articles\/CBMiywFBVV95cUxPb3Q5N19lb28yY24yRTZ5RkZWbjBJTEktcFZrT2pIMG1jYjF5b3Z5NTY4NVBoUHZlblloQk9LQnlNZ1BGSkRBOWlCWTRoQjZ4ZmhzVGFONE9NZWNxaDhLN2ZpSEFqV0gycktaY1NDRVJlSEhwenJfVnVxaFZOSnJvYjcweERhNVl3M3cxaFluSFRNVUtXSzluazRMQUg3Wm5vRFpVYzdkcXF2TERvUGxxQV91SjFmdk1NX29va0FNZlp3dkdsV0tIY0dCbw?oc=5\" target=\"_blank\" rel=\"nofollow noopener\">Tour du Guangxi : Cian Uijtdebroeks parmi les favoris pour la derni\u00e8re course WorldTour de la saison<\/a>&nbsp;&nbsp;RTBF<\/li>\n<\/ol>\n","protected":false},"excerpt":{"rendered":"Paul Magnier ne s&rsquo;arr\u00eate plus : le Fran\u00e7ais remporte la premi\u00e8re \u00e9tape du Tour de Guangxi, sa 15e&hellip;\n","protected":false},"author":2,"featured_media":461887,"comment_status":"","ping_status":"","sticky":false,"template":"","format":"standard","meta":{"footnotes":""},"categories":[1411],"tags":[1154,207,1011,27,60],"class_list":{"0":"post-461886","1":"post","2":"type-post","3":"status-publish","4":"format-standard","5":"has-post-thumbnail","7":"category-cyclisme","8":"tag-cycling","9":"tag-cyclisme","10":"tag-fr","11":"tag-france","12":"tag-sports"},"share_on_mastodon":{"url":"https:\/\/pubeurope.com\/@fr\/115371513225630477","error":""},"_links":{"self":[{"href":"https:\/\/www.europesays.com\/fr\/wp-json\/wp\/v2\/posts\/461886","targetHints":{"allow":["GET"]}}],"collection":[{"href":"https:\/\/www.europesays.com\/fr\/wp-json\/wp\/v2\/posts"}],"about":[{"href":"https:\/\/www.europesays.com\/fr\/wp-json\/wp\/v2\/types\/post"}],"author":[{"embeddable":true,"href":"https:\/\/www.europesays.com\/fr\/wp-json\/wp\/v2\/users\/2"}],"replies":[{"embeddable":true,"href":"https:\/\/www.europesays.com\/fr\/wp-json\/wp\/v2\/comments?post=461886"}],"version-history":[{"count":0,"href":"https:\/\/www.europesays.com\/fr\/wp-json\/wp\/v2\/posts\/461886\/revisions"}],"wp:featuredmedia":[{"embeddable":true,"href":"https:\/\/www.europesays.com\/fr\/wp-json\/wp\/v2\/media\/461887"}],"wp:attachment":[{"href":"https:\/\/www.europesays.com\/fr\/wp-json\/wp\/v2\/media?parent=461886"}],"wp:term":[{"taxonomy":"category","embeddable":true,"href":"https:\/\/www.europesays.com\/fr\/wp-json\/wp\/v2\/categories?post=461886"},{"taxonomy":"post_tag","embeddable":true,"href":"https:\/\/www.europesays.com\/fr\/wp-json\/wp\/v2\/tags?post=461886"}],"curies":[{"name":"wp","href":"https:\/\/api.w.org\/{rel}","templated":true}]}}