{"id":461898,"date":"2025-10-14T08:17:11","date_gmt":"2025-10-14T08:17:11","guid":{"rendered":"https:\/\/www.europesays.com\/fr\/461898\/"},"modified":"2025-10-14T08:17:11","modified_gmt":"2025-10-14T08:17:11","slug":"patricia-kaas-avoue-avoir-eu-une-grosse-dette-envers-gerard-depardieu","status":"publish","type":"post","link":"https:\/\/www.europesays.com\/fr\/461898\/","title":{"rendered":"Patricia Kaas avoue avoir eu une grosse dette envers G\u00e9rard Depardieu"},"content":{"rendered":"<p>Malgr\u00e9 une longue p\u00e9riode de silence, Patricia Kaas reste un<br \/>\nv\u00e9ritable ph\u00e9nom\u00e8ne de la chanson fran\u00e7aise. Reconnue par sa voix<br \/>\nprofonde et son style unique, la chanteuse a fait vibrer le c\u0153ur de<br \/>\nmillions de fans en France et dans le monde entier. Une popularit\u00e9<br \/>\nqu\u2019elle a rencontr\u00e9e apr\u00e8s la sortie de son premier grand succ\u00e8s<br \/>\n\u201cMademoiselle chante le blues\u201d. Mais c\u2019est avec les albums comme<br \/>\nSc\u00e8ne de vie que Patricia Kaas a confirm\u00e9 son statut. Tr\u00e8s vite,<br \/>\nelle a atteint un niveau exceptionnel et a encha\u00een\u00e9 les tourn\u00e9es.<br \/>\nUne vie \u00e0 1000 \u00e0 l\u2019heure qui \u00e9tait loin d\u2019\u00eatre de tout repos.<\/p>\n<p>La chanteuse revient sur les raisons de sa longue absence<\/p>\n<p>Durant sa carri\u00e8re, Patricia Kaas a rencontr\u00e9 un succ\u00e8s<br \/>\nph\u00e9nom\u00e9nal. Au fil des ann\u00e9es, elle a encha\u00een\u00e9 les tubes et les<br \/>\ntourn\u00e9es. Une vie de r\u00eave pour un artiste. Cependant, ce rythme<br \/>\neffr\u00e9n\u00e9 a fini par avoir un impact sur la chanteuse. \u00c9puis\u00e9e, elle<br \/>\na d\u00e9cid\u00e9 de faire une tr\u00e8s longue pause. \u201c<strong>J\u00a0\u00bbai arr\u00eat\u00e9<br \/>\nla musique pendant huit ans, car j&rsquo;\u00e9tais fatigu\u00e9e physiquement et<br \/>\npsychiquement<\/strong>\u201d, avait-elle confi\u00e9 lors d\u2019un entretien<br \/>\navec T\u00e9l\u00e9-Loisirs.<\/p>\n<p>Avant de poursuivre : \u201cJ&rsquo;ai perdu mes parents au d\u00e9but de ma<br \/>\ncarri\u00e8re. <strong>L&rsquo;amour du public a combl\u00e9 ce manque mais, avec<br \/>\nle temps, je me suis oubli\u00e9e.<\/strong> \u00c7a a fini par me<br \/>\nrattraper&#8230; J&rsquo;ai \u00e9galement eu besoin de me sentir libre.\u201d<br \/>\nAvec un parcours comme pour Patricia Kaas, on n\u2019a plus rien \u00e0<br \/>\nprouver. D\u2019ailleurs, elle le sait tr\u00e8s bien. \u201cAujourd&rsquo;hui, je<br \/>\nn&rsquo;ai plus rien \u00e0 prouver. <strong>Je fais de la musique pour me<br \/>\nfaire plaisir<\/strong>\u201d, a-t-elle d\u00e9clar\u00e9. Mais apr\u00e8s sa<br \/>\nlongue absence, la chanteuse a fait son grand retour il y a<br \/>\nplusieurs mois en tant que coach de The Voice.<\/p>\n<p>\u201cOn n&rsquo;a aucun probl\u00e8me\u201d<\/p>\n<p>C\u2019\u00e9tait un v\u00e9ritable bonheur pour les fans de Patricia Kaas de<br \/>\nle retrouver sur le plateau de The Voice. Une aventure au sein de<br \/>\nl\u2019\u00e9quipe des coachs qui a commenc\u00e9 avec des rumeurs surprenantes. \u00c0<br \/>\nsavoir une embrouille avec Zaz. Face \u00e0 l\u2019ampleur que prenaient les<br \/>\nchoses, <a href=\"https:\/\/www.melty.fr\/people\/apres-lavoir-rencontre-patricia-kaas-tres-franche-sur-vladimir-poutine-il-fait-nimporte-quoi-2233799.html\" target=\"_blank\" rel=\"noopener\"><br \/>\nla chanteuse qui s&rsquo;est confi\u00e9e sur sa rencontre avec Vladimir<br \/>\nPoutine<\/a> a d\u00e9cid\u00e9 de mettre les choses au clair. \u201cIl y a eu<br \/>\ndes petites rumeurs, comme chaque ann\u00e9e\u2026. Mais je m\u2019entends tr\u00e8s<br \/>\nbien Vianney, tr\u00e8s bien avec Zaz, on n&rsquo;a aucun probl\u00e8me. <strong>On<br \/>\na chacun notre caract\u00e8re, notre personnalit\u00e9<\/strong>\u201d,<br \/>\navait-elle r\u00e9v\u00e9l\u00e9 au micro de RFM.<\/p>\n<p>De son c\u00f4t\u00e9, Zaz avait \u00e9galement tenu \u00e0 faire une petite mise au<br \/>\npoint. \u201c<strong>On a encore \u00e9crit que je m\u2019\u00e9tais embrouill\u00e9e<br \/>\navec Patricia Kaas, alors que ce n\u2019est pas vrai.<\/strong> Patricia<br \/>\n\u00e9tait comme moi, dans la volont\u00e9 de bien faire avec le stress de la<br \/>\nnouveaut\u00e9. Vianney est au taquet avec une \u00e9locution de ouf, et<br \/>\nFlorent m\u2019a fait rire car il est sans filtre et dit tout ce qu\u2019il<br \/>\npense. <strong>L\u2019\u00e9nergie \u00e9tait accueillante<\/strong>\u201d,<br \/>\navait-elle confi\u00e9 dans les colonnes du Parisien.<\/p>\n<p>Patricia Kaas cash sur sa dette envers<br \/>\nG\u00e9rard Depardieu<\/p>\n<p>Avec un parcours comme le sien, Patricia Kaas n\u2019a rien \u00e0 envier<br \/>\naux autres. Gr\u00e2ce \u00e0 son talent, elle est parvenue \u00e0 se faire une<br \/>\nplace de choix dans le monde de la musique. Cependant, parfois le<br \/>\ntalent seul ne suffit pas. Pour avancer, cette derni\u00e8re a eu besoin<br \/>\nd\u2019aide. En effet, alors qu\u2019elle avait 17 ans, Patricia Kaas a \u00e9t\u00e9<br \/>\nrep\u00e9r\u00e9e par le producteur Fran\u00e7ois Bernheim et l\u2019a prise sous son<br \/>\naile. Et pour financer le premier album de l\u2019ex-compagne de Yannick<br \/>\nAll\u00e9no, le producteur a d\u00e9cid\u00e9 de demander de l\u2019aide \u00e0 deux<br \/>\npersonnes qu\u2019il conna\u00eet bien. Il s\u2019agit de <strong>G\u00e9rard Depardieu<br \/>\net de sa compagne de l\u2019\u00e9poque Elisabeth Guignot<\/strong>.<\/p>\n<p>Cette derni\u00e8re s\u2019est charg\u00e9e d\u2019\u00e9crire les paroles du premier 45<br \/>\nTour de Patricia Kaas. Le com\u00e9dien de son c\u00f4t\u00e9 s\u2019est occup\u00e9 du<br \/>\nfinancement. \u201cFran\u00e7ois \u00e9tait tr\u00e8s proche de la famille<br \/>\nDepardieu, \u00e7a s&rsquo;est fait comme \u00e7a. G\u00e9rard [a entendu] la petite qui<br \/>\nvient de Lorraine. (&#8230;) <strong>G\u00e9rard aime bien la gastronomie,<br \/>\nle vin et l\u00e0, il \u00e9tait dans la musique et [il s&rsquo;est dit] on va<br \/>\nl&rsquo;aider<\/strong>\u201d, a expliqu\u00e9 la chanteuse sur France Inter en<br \/>\njanvier dernier. R\u00e9sultat, la quinquag\u00e9naire s\u2019est retrouv\u00e9e avec<br \/>\nune dette envers <a href=\"https:\/\/www.melty.fr\/people\/gerard-depardieu-accuse-france-tv-la-riposte-est-cash-cest-etre-un-gros-porc-qui-a-detruit-ta-carriere-2267389.html\" target=\"_blank\" rel=\"noopener\"><br \/>\nle p\u00e8re de Julie Depardieu<\/a>. \u201c<strong>\u00c7a m&rsquo;a co\u00fbt\u00e9 beaucoup<br \/>\nd&rsquo;argent par la suite<\/strong> car il y avait quand m\u00eame un<br \/>\nremboursement \u00e0 faire sur la vente de mes albums, rien n&rsquo;est<br \/>\ngratuit dans la vie\u201d, a-t-elle confi\u00e9.<\/p>\n","protected":false},"excerpt":{"rendered":"Malgr\u00e9 une longue p\u00e9riode de silence, Patricia Kaas reste un v\u00e9ritable ph\u00e9nom\u00e8ne de la chanson fran\u00e7aise. Reconnue par&hellip;\n","protected":false},"author":2,"featured_media":461899,"comment_status":"","ping_status":"","sticky":false,"template":"","format":"standard","meta":{"footnotes":""},"categories":[1355],"tags":[905,58,59,1011,27,302,1361,873,2751],"class_list":{"0":"post-461898","1":"post","2":"type-post","3":"status-publish","4":"format-standard","5":"has-post-thumbnail","7":"category-musique","8":"tag-a-la-une-melty","9":"tag-divertissement","10":"tag-entertainment","11":"tag-fr","12":"tag-france","13":"tag-gerard-depardieu","14":"tag-music","15":"tag-musique","16":"tag-patricia-kaas"},"share_on_mastodon":{"url":"https:\/\/pubeurope.com\/@fr\/115371536851001634","error":""},"_links":{"self":[{"href":"https:\/\/www.europesays.com\/fr\/wp-json\/wp\/v2\/posts\/461898","targetHints":{"allow":["GET"]}}],"collection":[{"href":"https:\/\/www.europesays.com\/fr\/wp-json\/wp\/v2\/posts"}],"about":[{"href":"https:\/\/www.europesays.com\/fr\/wp-json\/wp\/v2\/types\/post"}],"author":[{"embeddable":true,"href":"https:\/\/www.europesays.com\/fr\/wp-json\/wp\/v2\/users\/2"}],"replies":[{"embeddable":true,"href":"https:\/\/www.europesays.com\/fr\/wp-json\/wp\/v2\/comments?post=461898"}],"version-history":[{"count":0,"href":"https:\/\/www.europesays.com\/fr\/wp-json\/wp\/v2\/posts\/461898\/revisions"}],"wp:featuredmedia":[{"embeddable":true,"href":"https:\/\/www.europesays.com\/fr\/wp-json\/wp\/v2\/media\/461899"}],"wp:attachment":[{"href":"https:\/\/www.europesays.com\/fr\/wp-json\/wp\/v2\/media?parent=461898"}],"wp:term":[{"taxonomy":"category","embeddable":true,"href":"https:\/\/www.europesays.com\/fr\/wp-json\/wp\/v2\/categories?post=461898"},{"taxonomy":"post_tag","embeddable":true,"href":"https:\/\/www.europesays.com\/fr\/wp-json\/wp\/v2\/tags?post=461898"}],"curies":[{"name":"wp","href":"https:\/\/api.w.org\/{rel}","templated":true}]}}